{"id":34717,"date":"2017-10-23T12:46:22","date_gmt":"2017-10-23T17:46:22","guid":{"rendered":"https:\/\/www.uv.mx\/prensa\/?p=34717"},"modified":"2017-10-23T12:46:22","modified_gmt":"2017-10-23T17:46:22","slug":"el-trabajo-del-periodista-es-un-servicio-publico-daniel-moreno","status":"publish","type":"post","link":"https:\/\/www.uv.mx\/prensa\/regiones\/el-trabajo-del-periodista-es-un-servicio-publico-daniel-moreno\/","title":{"rendered":"El trabajo del periodista es un servicio p\u00fablico: Daniel Moreno"},"content":{"rendered":"<ul>\n<li><em>El Director del portal <\/em>Animal Pol\u00edtico<em> abord\u00f3 las complicadas y peligrosas condiciones que existen en Veracruz para ejercer el periodismo<\/em><\/li>\n<li><em>Subray\u00f3 la importancia de exigir pol\u00edticas p\u00fablicas que defiendan y protejan los derechos de los periodistas<\/em><\/li>\n<\/ul>\n<p><strong><em>\u00a0<\/em><\/strong><\/p>\n<div id=\"attachment_34727\" style=\"width: 732px\" class=\"wp-caption aligncenter\"><a href=\"https:\/\/www.uv.mx\/prensa\/files\/2017\/10\/Periodismo-digital-1-231017-ok-ok.jpg\"><img loading=\"lazy\" decoding=\"async\" aria-describedby=\"caption-attachment-34727\" class=\"size-full wp-image-34727\" src=\"https:\/\/www.uv.mx\/prensa\/files\/2017\/10\/Periodismo-digital-1-231017-ok-ok.jpg\" alt=\"\" width=\"722\" height=\"481\" srcset=\"https:\/\/www.uv.mx\/prensa\/files\/2017\/10\/Periodismo-digital-1-231017-ok-ok.jpg 722w, https:\/\/www.uv.mx\/prensa\/files\/2017\/10\/Periodismo-digital-1-231017-ok-ok-300x200.jpg 300w\" sizes=\"auto, (max-width: 722px) 100vw, 722px\" \/><\/a><p id=\"caption-attachment-34727\" class=\"wp-caption-text\">El Director de Animal Pol\u00edtico present\u00f3 la ponencia \u201cPeriodismo digital\u201d<\/p><\/div>\n<p>&nbsp;<\/p>\n<p><strong><em>F\u00e1tima Karina P\u00e9rez Ortega<\/em><\/strong><\/p>\n<p>&nbsp;<\/p>\n<p><strong><em>23\/10\/2017, Boca del R\u00edo, Ver.-<\/em><\/strong> Daniel Moreno, director general de <em>Animal Pol\u00edtico<\/em>, afirm\u00f3 que la tarea de un periodista no se reduce a informar o a conseguir <em>rating<\/em>, sino a ser aliado de las causas y necesidades de la sociedad; adem\u00e1s, se debe recuperar la idea de que en esta profesi\u00f3n el trabajo es un servicio p\u00fablico.<\/p>\n<p>En la Semana de Comunicaci\u00f3n de la Facultad de Ciencias de la Comunicaci\u00f3n (<em>Facico<\/em>) de la Universidad Veracruzana (UV), Moreno present\u00f3 la ponencia \u201cPeriodismo digital\u201d y analiz\u00f3 cuestiones b\u00e1sicas, as\u00ed como m\u00e1s especializadas en torno a esta profesi\u00f3n.<\/p>\n<p>Abord\u00f3 las complicadas y peligrosas condiciones que existen en Veracruz para ejercer el periodismo, por lo que subray\u00f3 la importancia de exigir pol\u00edticas p\u00fablicas que defiendan y protejan los derechos de los comunicadores.<\/p>\n<p>&nbsp;<\/p>\n<div id=\"attachment_34730\" style=\"width: 732px\" class=\"wp-caption aligncenter\"><a href=\"https:\/\/www.uv.mx\/prensa\/files\/2017\/10\/Periodismo-digital-2-231017-ok-ok.jpg\"><img loading=\"lazy\" decoding=\"async\" aria-describedby=\"caption-attachment-34730\" class=\"size-full wp-image-34730\" src=\"https:\/\/www.uv.mx\/prensa\/files\/2017\/10\/Periodismo-digital-2-231017-ok-ok.jpg\" alt=\"\" width=\"722\" height=\"481\" srcset=\"https:\/\/www.uv.mx\/prensa\/files\/2017\/10\/Periodismo-digital-2-231017-ok-ok.jpg 722w, https:\/\/www.uv.mx\/prensa\/files\/2017\/10\/Periodismo-digital-2-231017-ok-ok-300x200.jpg 300w\" sizes=\"auto, (max-width: 722px) 100vw, 722px\" \/><\/a><p id=\"caption-attachment-34730\" class=\"wp-caption-text\">Daniel Moreno habl\u00f3 de la necesidad de crear medios de comunicaci\u00f3n que sean de calidad y tengan \u00e9tica<\/p><\/div>\n<p>&nbsp;<\/p>\n<p>Mencion\u00f3 que actualmente la sociedad tiene desconfianza e incredulidad hacia quienes ejercen esta profesi\u00f3n a consecuencia de la mala pr\u00e1ctica que se le ha dado, por lo que resalt\u00f3 la necesidad de recuperar el reconocimiento del periodismo.<\/p>\n<p>\u201cTenemos que recuperar la idea fundamental de que el trabajo del periodista es un servicio p\u00fablico, si logramos concebirlo de esa manera lograremos el prestigio que el ejercicio period\u00edstico ha ido perdiendo.\u201d<\/p>\n<p>Por ello reconoci\u00f3 a los medios digitales como una oportunidad para corregir los errores del periodismo tradicional y crear medios de comunicaci\u00f3n que sean de calidad y tengan \u00e9tica.<\/p>\n<p>\u201cNuestro trabajo debe ser compromiso con la democracia. Seamos siempre autocr\u00edticos con nosotros mismos y pregunt\u00e9monos si lo que estamos haciendo ayuda a la situaci\u00f3n en nuestro pa\u00eds.\u201d<\/p>\n<p>Al final se dio un espacio para hacer preguntas y comentarios acerca del tema presentado.<\/p>\n<p>Los estudiantes de la <em>Facico<\/em> agradecieron la participaci\u00f3n del ponente con la entrega de un reconocimiento.<\/p>\n<div id=\"attachment_34731\" style=\"width: 732px\" class=\"wp-caption aligncenter\"><a href=\"https:\/\/www.uv.mx\/prensa\/files\/2017\/10\/Periodismo-digital-3-231017-ok.jpg\"><img loading=\"lazy\" decoding=\"async\" aria-describedby=\"caption-attachment-34731\" class=\"size-full wp-image-34731\" src=\"https:\/\/www.uv.mx\/prensa\/files\/2017\/10\/Periodismo-digital-3-231017-ok.jpg\" alt=\"\" width=\"722\" height=\"481\" srcset=\"https:\/\/www.uv.mx\/prensa\/files\/2017\/10\/Periodismo-digital-3-231017-ok.jpg 722w, https:\/\/www.uv.mx\/prensa\/files\/2017\/10\/Periodismo-digital-3-231017-ok-300x200.jpg 300w\" sizes=\"auto, (max-width: 722px) 100vw, 722px\" \/><\/a><p id=\"caption-attachment-34731\" class=\"wp-caption-text\">Coment\u00f3 que el trabajo period\u00edstico debe comprometerse con la democracia<\/p><\/div>\n","protected":false},"excerpt":{"rendered":"<p><strong><em>F\u00e1tima Karina P\u00e9rez .-<\/em><\/strong>Daniel Moreno, director general de Animal Pol\u00edtico, afirm\u00f3 que la tarea de un periodista no se reduce a informar o a conseguir rating, sino a ser aliado de las causas y necesidades de la sociedad; adem\u00e1s, se debe recuperar la idea de que en esta profesi\u00f3n el trabajo es un servicio p\u00fablico.<\/p>\n","protected":false},"author":1810,"featured_media":34732,"comment_status":"closed","ping_status":"closed","sticky":false,"template":"","format":"standard","meta":{"footnotes":""},"categories":[32],"tags":[33],"class_list":["post-34717","post","type-post","status-publish","format-standard","has-post-thumbnail","hentry","category-regiones","tag-regiones"],"_links":{"self":[{"href":"https:\/\/www.uv.mx\/prensa\/wp-json\/wp\/v2\/posts\/34717","targetHints":{"allow":["GET"]}}],"collection":[{"href":"https:\/\/www.uv.mx\/prensa\/wp-json\/wp\/v2\/posts"}],"about":[{"href":"https:\/\/www.uv.mx\/prensa\/wp-json\/wp\/v2\/types\/post"}],"author":[{"embeddable":true,"href":"https:\/\/www.uv.mx\/prensa\/wp-json\/wp\/v2\/users\/1810"}],"replies":[{"embeddable":true,"href":"https:\/\/www.uv.mx\/prensa\/wp-json\/wp\/v2\/comments?post=34717"}],"version-history":[{"count":0,"href":"https:\/\/www.uv.mx\/prensa\/wp-json\/wp\/v2\/posts\/34717\/revisions"}],"wp:featuredmedia":[{"embeddable":true,"href":"https:\/\/www.uv.mx\/prensa\/wp-json\/wp\/v2\/media\/34732"}],"wp:attachment":[{"href":"https:\/\/www.uv.mx\/prensa\/wp-json\/wp\/v2\/media?parent=34717"}],"wp:term":[{"taxonomy":"category","embeddable":true,"href":"https:\/\/www.uv.mx\/prensa\/wp-json\/wp\/v2\/categories?post=34717"},{"taxonomy":"post_tag","embeddable":true,"href":"https:\/\/www.uv.mx\/prensa\/wp-json\/wp\/v2\/tags?post=34717"}],"curies":[{"name":"wp","href":"https:\/\/api.w.org\/{rel}","templated":true}]}}