{"id":3415,"date":"2015-10-07T13:28:34","date_gmt":"2015-10-07T18:28:34","guid":{"rendered":"https:\/\/www.uv.mx\/prensa\/?p=3415"},"modified":"2015-10-07T13:28:34","modified_gmt":"2015-10-07T18:28:34","slug":"produccion-agricola-principal-causa-en-perdida-de-orquideas","status":"publish","type":"post","link":"https:\/\/www.uv.mx\/prensa\/general\/produccion-agricola-principal-causa-en-perdida-de-orquideas\/","title":{"rendered":"Producci\u00f3n agr\u00edcola, principal causa en p\u00e9rdida de orqu\u00eddeas"},"content":{"rendered":"<p>&nbsp;<\/p>\n<ul>\n<li><em>Se\u00f1al\u00f3 Irma Stella Insaurralde<\/em><\/li>\n<li><em>La especialista particip\u00f3 en el I Congreso Internacional de Orqu\u00eddeas Tropicales, donde habl\u00f3 de las especies m\u00e1s representativas de Argentina<\/em><\/li>\n<li><em>\u201cMentira que el peligro es \u00fanicamente la extracci\u00f3n excesiva, no es tan mala si llega a un buen cultivo\u201d<\/em><\/li>\n<\/ul>\n<p>&nbsp;<\/p>\n<p><strong><em>Paola Cort\u00e9s P\u00e9rez<\/em><\/strong><\/p>\n<p>&nbsp;<\/p>\n<p>El r\u00e1pido avance de la producci\u00f3n agr\u00edcola ha ocasionado una p\u00e9rdida acelerada de diversas especies de orqu\u00eddeas terrestres, se\u00f1al\u00f3 Irma Stella Insaurralde, quien se dedica al cultivo y conservaci\u00f3n de estas plantas en Argentina, al participar en el I Congreso Internacional de Orqu\u00eddeas Tropicales y el III Encuentro Mexicano de Orquideolog\u00eda, con la conferencia \u201cBiomas argentinos y sus orqu\u00eddeas representativas\u201d.<\/p>\n<p>En el evento organizado por la Universidad Veracruzana (UV), a trav\u00e9s del Centro de Investigaciones Tropicales (<em>Citro<\/em>) y los cuerpos acad\u00e9micos Preservaci\u00f3n y Conservaci\u00f3n de los Ecosistemas Tropicales y Conservaci\u00f3n Biol\u00f3gica, Irma Stella mostr\u00f3 a estudiantes, especialistas y p\u00fablico presente una gran diversidad de fotograf\u00edas para dar a conocer las especies existentes en el pa\u00eds sudamericano.<\/p>\n<p>En entrevista, detall\u00f3 que tienen registradas 280 especies y un poco m\u00e1s que no han sido publicadas. \u201cSabemos que una parte vienen de la selva brasile\u00f1a, mientras que las orqu\u00eddeas terrestres son propias de la selva argentina\u201d.<\/p>\n<div id=\"attachment_3428\" style=\"width: 310px\" class=\"wp-caption aligncenter\"><a href=\"https:\/\/www.uv.mx\/prensa\/files\/2015\/10\/Conferencia-Irma-Stella-1-1.jpg\"><img loading=\"lazy\" decoding=\"async\" aria-describedby=\"caption-attachment-3428\" class=\"size-medium wp-image-3428\" src=\"https:\/\/www.uv.mx\/prensa\/files\/2015\/10\/Conferencia-Irma-Stella-1-1-300x170.jpg\" alt=\"Conferencia sobre las especies m\u00e1s representativas de orqu\u00eddeas en la Argentina.\" width=\"300\" height=\"170\" srcset=\"https:\/\/www.uv.mx\/prensa\/files\/2015\/10\/Conferencia-Irma-Stella-1-1-300x170.jpg 300w, https:\/\/www.uv.mx\/prensa\/files\/2015\/10\/Conferencia-Irma-Stella-1-1.jpg 509w\" sizes=\"auto, (max-width: 300px) 100vw, 300px\" \/><\/a><p id=\"caption-attachment-3428\" class=\"wp-caption-text\">Conferencia sobre las especies m\u00e1s representativas de orqu\u00eddeas en la Argentina.<\/p><\/div>\n<p>Sobre la situaci\u00f3n de conservaci\u00f3n de estas plantas en territorio argentino, afirm\u00f3 que est\u00e1n en peligro al igual que en el resto de los pa\u00edses donde existen, a consecuencia del avance de la frontera agr\u00edcola.<\/p>\n<p>\u201cSe desmonta mucho, se secan los pantanos para hacer cualquier emprendimiento. Mentira que el peligro es \u00fanicamente la extracci\u00f3n excesiva, no es tan mala si llega a un buen cultivo, lo verdaderamente da\u00f1ino es quemar todo el ambiente natural.<\/p>\n<p>\u201dEn Brasil, como sucede en muchos pa\u00edses, las orqu\u00eddeas est\u00e1n desapareciendo r\u00e1pidamente porque se destruyen los ambientes y porque la mayor\u00eda de ellas no son bellas a la vista.\u201d<\/p>\n<p>Con relaci\u00f3n al cultivo de estas plantas, dijo que las personas se enfocan exclusivamente a aquellas especies que son ex\u00f3ticas, con hermosas flores y f\u00e1ciles de cultivar. Mientras que las terrestres quedan de lado porque la mayor\u00eda tienen mucho follaje y peque\u00f1as flores que s\u00f3lo pueden ser vistas con lupa.<\/p>\n<p>Ante esta situaci\u00f3n, comparti\u00f3 que en Argentina impulsaron el proyecto de cultivo y premiaci\u00f3n de orqu\u00eddeas nativas con hermoso follaje, que para Stella Insaurralde son las \u201ccenicientas\u201d.<\/p>\n<div id=\"attachment_3429\" style=\"width: 268px\" class=\"wp-caption aligncenter\"><a href=\"https:\/\/www.uv.mx\/prensa\/files\/2015\/10\/Conferencia-Irma-Stella-2.jpg\"><img loading=\"lazy\" decoding=\"async\" aria-describedby=\"caption-attachment-3429\" class=\"size-medium wp-image-3429\" src=\"https:\/\/www.uv.mx\/prensa\/files\/2015\/10\/Conferencia-Irma-Stella-2-258x300.jpg\" alt=\"Irma Stella Insaurralde.\" width=\"258\" height=\"300\" srcset=\"https:\/\/www.uv.mx\/prensa\/files\/2015\/10\/Conferencia-Irma-Stella-2-258x300.jpg 258w, https:\/\/www.uv.mx\/prensa\/files\/2015\/10\/Conferencia-Irma-Stella-2.jpg 444w\" sizes=\"auto, (max-width: 258px) 100vw, 258px\" \/><\/a><p id=\"caption-attachment-3429\" class=\"wp-caption-text\">Irma Stella Insaurralde.<\/p><\/div>\n<p>\u201cCon esto las hemos elevado de rango. Las personas las cultivan, la competencia es dividida conforme las especies para que s\u00f3lo entre nativas se decida la premiaci\u00f3n, as\u00ed hemos podido ayudar en su conservaci\u00f3n.\u201d<\/p>\n<p>Ejemplo del resultado positivo, cont\u00f3, es la orqu\u00eddea conocida entre la poblaci\u00f3n como \u201chierba de la cordialidad\u201d, que actualmente se vende en los mercados con la creencia de que si se tiene en casa seguramente reinar\u00e1 siempre la cordialidad.<\/p>\n<p>Reiter\u00f3 que la mejor manera de colaborar en la protecci\u00f3n y conservaci\u00f3n de las orqu\u00eddeas, es por medio de peque\u00f1as acciones en las que participen de manera activa y comprometida la sociedad en general y las autoridades ambientales, de lo contrario continuar\u00e1 la p\u00e9rdida de ambientes naturales y con ello la biodiversidad de fauna y flora.<\/p>\n<p>El I Congreso Internacional de Orqu\u00eddeas Tropicales y el III Encuentro Mexicano de Orquideolog\u00eda concluir\u00e1 este 9 de octubre. El programa de actividades se puede consultar en <a href=\"http:\/\/ciot2015.org\/06_programa.html\">http:\/\/ciot2015.org\/06_programa.html<\/a>.<\/p>\n<p>&nbsp;<\/p>\n","protected":false},"excerpt":{"rendered":"<p>El r\u00e1pido avance de la producci\u00f3n agr\u00edcola ha ocasionado una p\u00e9rdida acelerada de diversas especies de orqu\u00eddeas terrestres, se\u00f1al\u00f3 Irma Stella Insaurralde, quien se dedica al cultivo y conservaci\u00f3n de estas plantas en Argentina, al participar en el I Congreso Internacional de Orqu\u00eddeas Tropicales y el III Encuentro Mexicano de Orquideolog\u00eda, con la conferencia \u201cBiomas argentinos y sus orqu\u00eddeas representativas\u201d.<\/p>\n","protected":false},"author":1810,"featured_media":3430,"comment_status":"closed","ping_status":"closed","sticky":false,"template":"","format":"standard","meta":{"footnotes":""},"categories":[1],"tags":[3],"class_list":["post-3415","post","type-post","status-publish","format-standard","has-post-thumbnail","hentry","category-general","tag-secundarias"],"_links":{"self":[{"href":"https:\/\/www.uv.mx\/prensa\/wp-json\/wp\/v2\/posts\/3415","targetHints":{"allow":["GET"]}}],"collection":[{"href":"https:\/\/www.uv.mx\/prensa\/wp-json\/wp\/v2\/posts"}],"about":[{"href":"https:\/\/www.uv.mx\/prensa\/wp-json\/wp\/v2\/types\/post"}],"author":[{"embeddable":true,"href":"https:\/\/www.uv.mx\/prensa\/wp-json\/wp\/v2\/users\/1810"}],"replies":[{"embeddable":true,"href":"https:\/\/www.uv.mx\/prensa\/wp-json\/wp\/v2\/comments?post=3415"}],"version-history":[{"count":0,"href":"https:\/\/www.uv.mx\/prensa\/wp-json\/wp\/v2\/posts\/3415\/revisions"}],"wp:featuredmedia":[{"embeddable":true,"href":"https:\/\/www.uv.mx\/prensa\/wp-json\/wp\/v2\/media\/3430"}],"wp:attachment":[{"href":"https:\/\/www.uv.mx\/prensa\/wp-json\/wp\/v2\/media?parent=3415"}],"wp:term":[{"taxonomy":"category","embeddable":true,"href":"https:\/\/www.uv.mx\/prensa\/wp-json\/wp\/v2\/categories?post=3415"},{"taxonomy":"post_tag","embeddable":true,"href":"https:\/\/www.uv.mx\/prensa\/wp-json\/wp\/v2\/tags?post=3415"}],"curies":[{"name":"wp","href":"https:\/\/api.w.org\/{rel}","templated":true}]}}