{"id":33986,"date":"2017-10-13T20:02:22","date_gmt":"2017-10-14T01:02:22","guid":{"rendered":"https:\/\/www.uv.mx\/prensa\/?p=33986"},"modified":"2017-10-13T20:02:22","modified_gmt":"2017-10-14T01:02:22","slug":"halcones-vencieron-3-1-a-tigres-de-la-uanl","status":"publish","type":"post","link":"https:\/\/www.uv.mx\/prensa\/deportes\/halcones-vencieron-3-1-a-tigres-de-la-uanl\/","title":{"rendered":"Halcones vencieron 3-1 a Tigres de la UANL"},"content":{"rendered":"<ul>\n<li><i><em>En el Torneo de Futbol <\/em>Telmex<\/i><\/li>\n<li><em>Con esta victoria consiguieron sus primeros tres puntos<\/em><\/li>\n<\/ul>\n<p>&nbsp;<\/p>\n<div id=\"attachment_33987\" style=\"width: 634px\" class=\"wp-caption aligncenter\"><a href=\"https:\/\/www.uv.mx\/prensa\/files\/2017\/10\/Telmex-100-k.jpg\"><img loading=\"lazy\" decoding=\"async\" aria-describedby=\"caption-attachment-33987\" class=\"wp-image-33987 size-full\" src=\"https:\/\/www.uv.mx\/prensa\/files\/2017\/10\/Telmex-100-k.jpg\" alt=\"\" width=\"624\" height=\"355\" srcset=\"https:\/\/www.uv.mx\/prensa\/files\/2017\/10\/Telmex-100-k.jpg 624w, https:\/\/www.uv.mx\/prensa\/files\/2017\/10\/Telmex-100-k-300x171.jpg 300w\" sizes=\"auto, (max-width: 624px) 100vw, 624px\" \/><\/a><p id=\"caption-attachment-33987\" class=\"wp-caption-text\">Buen triunfo de los Halcones en el \u00abNido\u00bb<\/p><\/div>\n<p>&nbsp;<\/p>\n<p><em><strong>Santiago Morales Ortiz<\/strong><\/em><\/p>\n<p>&nbsp;<\/p>\n<p><em><strong>13\/10\/2017, Xalapa, Ver.-<\/strong><\/em> En la segunda jornada del Campeonato Universitario de Futbol Telmex, los Halcones de la Universidad Veracruzana (UV) derrotaron con marcador de 3-1 a los Tigres de la Universidad Aut\u00f3noma de Nuevo Le\u00f3n (UANL), ante buen ambiente en la tribuna de la Unidad Deportiva Universitaria.<\/p>\n<p>Joseph Trujillo, Roberto Hern\u00e1ndez y Alejandro Villalvazo anotaron los primeros tres puntos para Halcones, que dieron c\u00e1tedra de buen futbol y demostraron que otra vez ser\u00e1n rivales a vencer en esta nueva edici\u00f3n del torneo.<\/p>\n<p>La estrategia del entrenador Emilio Gallegos fue clara en el sentido de no dejar escapar m\u00e1s puntos en casa y salir a luchar desde los primeros minutos del partido.<br \/>\nCon este resultado, los Halcones suman sus primeros tres puntos, tras la derrota de la primera jornada ante la Universidad Panamericana; en tanto, para los Tigres signific\u00f3 su segundo descalabro para quedarse con cero puntos, pues ven\u00edan de perder ante la Universidad de Guadalajara.<\/p>\n<p>Mario Pimentel tuvo una destacada participaci\u00f3n en el arbitraje, apoyado en las bandas por Israel Rodr\u00edguez y Arturo Hern\u00e1ndez.<\/p>\n<p><b><i><span style=\"font-family: 'Arial','sans-serif';font-size: 14pt\"><span style=\"color: #000000\">\u00a0<\/span><\/span><\/i><\/b><\/p>\n","protected":false},"excerpt":{"rendered":"<p><strong><em> Santiago Morales Ortiz.-<\/em><\/strong> En la segunda jornada del Campeonato Universitario de Futbol Telmex, los Halcones de la Universidad Veracruzana (UV) derrotaron con marcador de 3-1 a los Tigres de la Universidad Aut\u00f3noma de Nuevo Le\u00f3n (UANL), ante buen ambiente en la tribuna de la Unidad Deportiva Universitaria.<\/p>\n","protected":false},"author":1809,"featured_media":33989,"comment_status":"closed","ping_status":"closed","sticky":false,"template":"","format":"standard","meta":{"footnotes":""},"categories":[12],"tags":[17],"class_list":["post-33986","post","type-post","status-publish","format-standard","has-post-thumbnail","hentry","category-deportes","tag-deportes"],"_links":{"self":[{"href":"https:\/\/www.uv.mx\/prensa\/wp-json\/wp\/v2\/posts\/33986","targetHints":{"allow":["GET"]}}],"collection":[{"href":"https:\/\/www.uv.mx\/prensa\/wp-json\/wp\/v2\/posts"}],"about":[{"href":"https:\/\/www.uv.mx\/prensa\/wp-json\/wp\/v2\/types\/post"}],"author":[{"embeddable":true,"href":"https:\/\/www.uv.mx\/prensa\/wp-json\/wp\/v2\/users\/1809"}],"replies":[{"embeddable":true,"href":"https:\/\/www.uv.mx\/prensa\/wp-json\/wp\/v2\/comments?post=33986"}],"version-history":[{"count":0,"href":"https:\/\/www.uv.mx\/prensa\/wp-json\/wp\/v2\/posts\/33986\/revisions"}],"wp:featuredmedia":[{"embeddable":true,"href":"https:\/\/www.uv.mx\/prensa\/wp-json\/wp\/v2\/media\/33989"}],"wp:attachment":[{"href":"https:\/\/www.uv.mx\/prensa\/wp-json\/wp\/v2\/media?parent=33986"}],"wp:term":[{"taxonomy":"category","embeddable":true,"href":"https:\/\/www.uv.mx\/prensa\/wp-json\/wp\/v2\/categories?post=33986"},{"taxonomy":"post_tag","embeddable":true,"href":"https:\/\/www.uv.mx\/prensa\/wp-json\/wp\/v2\/tags?post=33986"}],"curies":[{"name":"wp","href":"https:\/\/api.w.org\/{rel}","templated":true}]}}