{"id":33898,"date":"2017-10-13T08:15:41","date_gmt":"2017-10-13T13:15:41","guid":{"rendered":"https:\/\/www.uv.mx\/prensa\/?p=33898"},"modified":"2017-10-13T14:38:19","modified_gmt":"2017-10-13T19:38:19","slug":"lazos-politicos-y-familiares-permitieron-hegemonia-de-haciendas-azucareras","status":"publish","type":"post","link":"https:\/\/www.uv.mx\/prensa\/general\/lazos-politicos-y-familiares-permitieron-hegemonia-de-haciendas-azucareras\/","title":{"rendered":"Lazos pol\u00edticos y familiares permitieron hegemon\u00eda de haciendas azucareras"},"content":{"rendered":"<ul>\n<li><em>Ernest S\u00e1nchez Santir\u00f3 dict\u00f3 la conferencia magistral del III Coloquio \u201cLa ca\u00f1a de az\u00facar: din\u00e1micas sociales y espaciales ayer y hoy\u201d<\/em><\/li>\n<li><em>El tema fue \u201cLa agroindustria azucarera de la intendencia de M\u00e9xico y los estados de M\u00e9xico y Morelos, siglos XVIII-XIX. Aspectos econ\u00f3micos y sociales\u201d<\/em><\/li>\n<\/ul>\n<p>&nbsp;<\/p>\n<div id=\"attachment_33903\" style=\"width: 732px\" class=\"wp-caption aligncenter\"><a href=\"https:\/\/www.uv.mx\/prensa\/files\/2017\/10\/Ernest-Sanchez-131017-ok.jpg\"><img loading=\"lazy\" decoding=\"async\" aria-describedby=\"caption-attachment-33903\" class=\"size-full wp-image-33903\" src=\"https:\/\/www.uv.mx\/prensa\/files\/2017\/10\/Ernest-Sanchez-131017-ok.jpg\" alt=\"\" width=\"722\" height=\"481\" srcset=\"https:\/\/www.uv.mx\/prensa\/files\/2017\/10\/Ernest-Sanchez-131017-ok.jpg 722w, https:\/\/www.uv.mx\/prensa\/files\/2017\/10\/Ernest-Sanchez-131017-ok-300x200.jpg 300w\" sizes=\"auto, (max-width: 722px) 100vw, 722px\" \/><\/a><p id=\"caption-attachment-33903\" class=\"wp-caption-text\">Ernest S\u00e1nchez Santir\u00f3, del Instituto de Investigaciones Dr. Jos\u00e9 Mar\u00eda Luis Mora\u201d<\/p><\/div>\n<p>&nbsp;<\/p>\n<p><strong><em>Karina de la Paz Reyes D\u00edaz<\/em><\/strong><\/p>\n<p><em>\u00a0<\/em><\/p>\n<p><strong><em>13\/10\/2017, Xalapa, Ver.- <\/em><\/strong>En los siglos XVIII y XIX las relaciones pol\u00edticas y familiares permitieron a un grupo espec\u00edfico el control y desarrollo de la agroindustria azucarera en el hoy llamado estado de Morelos, explic\u00f3 el investigador del Instituto de Investigaciones Dr. Jos\u00e9 Mar\u00eda Luis Mora\u201d, Ernest S\u00e1nchez Santir\u00f3.<\/p>\n<p>El acad\u00e9mico cit\u00f3 las interconexiones de las grandes familias no s\u00f3lo de hacendados azucareros de aquella regi\u00f3n, sino de los comerciantes y pol\u00edticos, como los Icazbalceta, Musito, Velasco de la Torre, P\u00e9rez Palacio, incluso habl\u00f3 de Lucas Alam\u00e1n, quien administr\u00f3 el ingenio de los marqueses del Valle.<\/p>\n<p>\u201cNo es suficiente una reconstrucci\u00f3n de indicadores econ\u00f3micos \u2013producci\u00f3n, mercado y precios\u2013; si no estudiamos las estrategias sociales, de dominio pol\u00edtico, de integraci\u00f3n familiar y clientelar, no podremos llegar a percibir c\u00f3mo efectivamente se consigui\u00f3 mantener este control y el desarrollo de la agroindustria azucarera en el territorio de lo que es el distrito de Cuernavaca y el hoy estado de Morelos.\u201d<\/p>\n<p>El acad\u00e9mico dict\u00f3 la conferencia magistral \u201cLa agroindustria azucarera de la intendencia de M\u00e9xico y los estados de M\u00e9xico y Morelos, siglos XVIII-XIX. Aspectos econ\u00f3micos y sociales\u201d, en el marco del III Coloquio \u201cLa ca\u00f1a de az\u00facar: din\u00e1micas sociales y espaciales ayer y hoy\u201d, que organiz\u00f3 el Instituto de Investigaciones Hist\u00f3rico-Sociales de la Universidad Veracruzana y el Instituto Nacional de Antropolog\u00eda e Historia, delegaci\u00f3n Veracruz.<\/p>\n<p>Present\u00f3 una evoluci\u00f3n de largo plazo sobre aspectos que consider\u00f3 fundamentales: c\u00f3mo estaba constituida la agroindustria azucarera de esa regi\u00f3n, cu\u00e1l era la presencia territorial, c\u00f3mo estaba articulada a finales del siglo XVIII y su evoluci\u00f3n a lo largo del XIX, mismo que fue conflictivo para el sector.<\/p>\n<p>Asimismo, lo conect\u00f3 con una serie de transformaciones o pr\u00e1cticas sociales y pol\u00edticas de los hacendados azucareros de la regi\u00f3n de Cuernavaca y Cuautla de Amilpas. Ambas, cit\u00f3, fueron subdelegaciones en el r\u00e9gimen de intendencias, despu\u00e9s como el Distrito de Cuernavaca dentro del Estado de M\u00e9xico y a partir de 1869 como el estado de Morelos, \u201cterritorialidad pol\u00edtica que est\u00e1 sobre una misma geograf\u00eda econ\u00f3mica\u201d.<\/p>\n<p>Aclar\u00f3 que hasta la d\u00e9cada de 1790 la producci\u00f3n azucarera de Nueva Espa\u00f1a estuvo dedicada al consumo interno y no tuvo posibilidades de competir con la de Santo Domingo (colonia francesa que despu\u00e9s ser\u00e1 Hait\u00ed), el gran exportador a Europa.<\/p>\n<p>Sobre el caso concreto de la regi\u00f3n a la que dedic\u00f3 la conferencia, remarc\u00f3: \u201cLo que torna l\u00f3gico la presencia de la agroindustria azucarera en ese territorio es fundamentalmente lo que los economistas llaman una \u2018renta de situaci\u00f3n\u2019, es decir, la gran proximidad que tiene con el mayor mercado consumidor de az\u00facar de toda la Nueva Espa\u00f1a\u201d.<\/p>\n<p>Remarc\u00f3 que a finales del siglo XVIII la Ciudad de M\u00e9xico era la mayor de toda Am\u00e9rica, y por ende fue el gran mercado consumidor de az\u00facar, se trataba de una urbe con m\u00e1s de 300 mil personas. \u201cEse territorio da l\u00f3gica a esa producci\u00f3n azucarera\u201d.<\/p>\n<p>Aclar\u00f3 que el consumo era espec\u00edficamente de az\u00facar, no de piloncillo o panela, variedades m\u00e1s econ\u00f3micas. \u201cEstamos hablando de una producci\u00f3n enfocada a sectores que tienen una capacidad de consumo muy alto. El az\u00facar era un producto de semilujo\u201d.<\/p>\n<p>Asimismo, habl\u00f3 de que el producto era trasladado por un sistema de canales, lo cual economizaba considerablemente el proceso; tambi\u00e9n se refiri\u00f3 a su penetraci\u00f3n en el resto del pa\u00eds, \u201cporque lo que buscaban los hacendados azucareros, que a su vez eran miembros del Consulado de Mercaderes de la Ciudad de M\u00e9xico, era obtener la plata\u201d, lo cual se genera por intercambio. Incluso, en 1790 estos empresarios intentaron competir en los mercados internacionales, lo cual result\u00f3 complicado pues se incrementaba el costo del traslado a trav\u00e9s de recuas hasta el puerto de Veracruz.<\/p>\n<p>El autor del libro <em>Az\u00facar y poder:\u00a0estructura socioecon\u00f3mica de las alcald\u00edas mayores de Cuernavaca\u00a0y Cuautla de Amilpas, 1730-1821<\/em>, destac\u00f3 una caracter\u00edstica especial de aquella zona y su industria azucarera, que en su momento celebr\u00f3 el propio Alejandro de Humboldt: que la producci\u00f3n era rentable y se lograba con mano de obra libre, pese a que el binomio de la \u00e9poca era az\u00facar-esclavitud.<\/p>\n<p>Aclar\u00f3 que la evoluci\u00f3n posterior cambi\u00f3 el panorama, pues si algo caracteriz\u00f3 al siglo XIX es precisamente el fortalecimiento del binomio descrito.<\/p>\n<p>La viabilidad econ\u00f3mica de esta agroindustria se encontr\u00f3 en cuestionamiento en la primera mitad del siglo XIX, no obstante, no desapareci\u00f3 y mantuvo sus privilegios de dominio hasta finales de ese siglo.<\/p>\n<p>La geograf\u00eda fue uno de los recursos de los cuales se valieron, pues \u201cla territorialidad ya no eran los pueblos de indios y las haciendas azucareras\u201d. En otras palabras, la Rep\u00fablica lo que hizo fue territorializar la pol\u00edtica y generar municipios, y en \u00e9stos participaron tanto los que viv\u00edan en villas como en pueblos.<\/p>\n<p>Es m\u00e1s, \u201cuna de las cosas que hicieron los hacendados azucareros en el siglo XIX fue activar pol\u00edticamente su mano de obra, porque \u00e9stos pasaron a ser ciudadanos con derecho a voto y acud\u00edan de manera religiosa a votar a los candidatos que propon\u00edan los hacendados azucareros en los municipios, as\u00ed como en las elecciones distritales y estatales y federales\u201d.<\/p>\n<p>Para Ernest S\u00e1nchez, cuya l\u00ednea de investigaci\u00f3n es historia econ\u00f3mica y social de M\u00e9xico en el tr\u00e1nsito de la Colonia a la Independencia, ah\u00ed se observa una de las primeras caracter\u00edsticas que ayudaron a fortalecer los intereses de este grupo econ\u00f3mico.<\/p>\n<p>\u201cEso es uno de los mecanismos que ayudan a entender c\u00f3mo la reconfiguraci\u00f3n pol\u00edtica est\u00e1 ayudando a la permanencia del control pol\u00edtico sobre los recursos naturales del territorio de Morelos\u201d, concluy\u00f3.<\/p>\n<p>&nbsp;<\/p>\n","protected":false},"excerpt":{"rendered":"<p><strong><em>Karina de la Paz Reyes .-<\/em><\/strong>En los siglos XVIII y XIX las relaciones pol\u00edticas y familiares permitieron a un grupo espec\u00edfico el control y desarrollo de la agroindustria azucarera en el hoy llamado estado de Morelos, explic\u00f3 el investigador del Instituto de Investigaciones Dr. Jos\u00e9 Mar\u00eda Luis Mora\u201d, Ernest S\u00e1nchez Santir\u00f3.<\/p>\n","protected":false},"author":1810,"featured_media":33906,"comment_status":"closed","ping_status":"closed","sticky":false,"template":"","format":"standard","meta":{"footnotes":""},"categories":[1],"tags":[3],"class_list":["post-33898","post","type-post","status-publish","format-standard","has-post-thumbnail","hentry","category-general","tag-secundarias"],"_links":{"self":[{"href":"https:\/\/www.uv.mx\/prensa\/wp-json\/wp\/v2\/posts\/33898","targetHints":{"allow":["GET"]}}],"collection":[{"href":"https:\/\/www.uv.mx\/prensa\/wp-json\/wp\/v2\/posts"}],"about":[{"href":"https:\/\/www.uv.mx\/prensa\/wp-json\/wp\/v2\/types\/post"}],"author":[{"embeddable":true,"href":"https:\/\/www.uv.mx\/prensa\/wp-json\/wp\/v2\/users\/1810"}],"replies":[{"embeddable":true,"href":"https:\/\/www.uv.mx\/prensa\/wp-json\/wp\/v2\/comments?post=33898"}],"version-history":[{"count":0,"href":"https:\/\/www.uv.mx\/prensa\/wp-json\/wp\/v2\/posts\/33898\/revisions"}],"wp:featuredmedia":[{"embeddable":true,"href":"https:\/\/www.uv.mx\/prensa\/wp-json\/wp\/v2\/media\/33906"}],"wp:attachment":[{"href":"https:\/\/www.uv.mx\/prensa\/wp-json\/wp\/v2\/media?parent=33898"}],"wp:term":[{"taxonomy":"category","embeddable":true,"href":"https:\/\/www.uv.mx\/prensa\/wp-json\/wp\/v2\/categories?post=33898"},{"taxonomy":"post_tag","embeddable":true,"href":"https:\/\/www.uv.mx\/prensa\/wp-json\/wp\/v2\/tags?post=33898"}],"curies":[{"name":"wp","href":"https:\/\/api.w.org\/{rel}","templated":true}]}}