{"id":33890,"date":"2017-10-13T14:56:06","date_gmt":"2017-10-13T19:56:06","guid":{"rendered":"https:\/\/www.uv.mx\/prensa\/?p=33890"},"modified":"2017-10-13T14:56:27","modified_gmt":"2017-10-13T19:56:27","slug":"caceca-evaluo-el-pe-en-gestion-y-direccion-de-negocios","status":"publish","type":"post","link":"https:\/\/www.uv.mx\/prensa\/regiones\/caceca-evaluo-el-pe-en-gestion-y-direccion-de-negocios\/","title":{"rendered":"Caceca evalu\u00f3 el PE en Gesti\u00f3n  y Direcci\u00f3n de Negocios"},"content":{"rendered":"<ul>\n<li><em>Los evaluadores del Consejo de Acreditaci\u00f3n en Ciencias Administrativas, Contables y Afines (Caceca), trabajaron los d\u00edas 11, 12 y 13 de octubre<\/em><\/li>\n<\/ul>\n<p><em>\u00a0<\/em><\/p>\n<div id=\"attachment_33928\" style=\"width: 732px\" class=\"wp-caption aligncenter\"><a href=\"https:\/\/www.uv.mx\/prensa\/files\/2017\/10\/Caceca-1-131017-ok.jpg\"><img loading=\"lazy\" decoding=\"async\" aria-describedby=\"caption-attachment-33928\" class=\"size-full wp-image-33928\" src=\"https:\/\/www.uv.mx\/prensa\/files\/2017\/10\/Caceca-1-131017-ok.jpg\" alt=\"\" width=\"722\" height=\"481\" srcset=\"https:\/\/www.uv.mx\/prensa\/files\/2017\/10\/Caceca-1-131017-ok.jpg 722w, https:\/\/www.uv.mx\/prensa\/files\/2017\/10\/Caceca-1-131017-ok-300x200.jpg 300w\" sizes=\"auto, (max-width: 722px) 100vw, 722px\" \/><\/a><p id=\"caption-attachment-33928\" class=\"wp-caption-text\">Recepci\u00f3n de evaluadores del Caceca<\/p><\/div>\n<p>&nbsp;<\/p>\n<p><strong><em>Cecilia Escribano<\/em><\/strong><\/p>\n<p>&nbsp;<\/p>\n<p><strong><em>13\/10\/2017, Coatzacoalcos, Ver.- <\/em><\/strong>La Facultad de Contadur\u00eda y Administraci\u00f3n (FCA) de la Universidad Veracruzana (UV) recibi\u00f3 la visita de evaluadores del Consejo de Acreditaci\u00f3n en Ciencias Administrativas, Contables y Afines (<em>Caceca<\/em>), los d\u00edas 11, 12 y 13 de octubre, quienes evaluaron el programa educativo (PE) de la Licenciatura en Gesti\u00f3n y Direcci\u00f3n de Negocios, en miras de obtener su acreditaci\u00f3n de calidad.<\/p>\n<p>Jos\u00e9 Luis S\u00e1nchez Leyva, director de la FCA, dio la bienvenida a Jos\u00e9 Luis Hern\u00e1ndez Flores, responsable del comit\u00e9 del <em>Caceca<\/em>; Jos\u00e9 Carlos Enzaldo Guzm\u00e1n, del Instituto Polit\u00e9cnico Nacional, y Suly Sendy P\u00e9rez Casta\u00f1eda, de la Universidad Aut\u00f3noma del Estado de Hidalgo, a quienes present\u00f3 ante docentes y alumnos de la Facultad.<\/p>\n<p>&nbsp;<\/p>\n<div id=\"attachment_33930\" style=\"width: 693px\" class=\"wp-caption aligncenter\"><a href=\"https:\/\/www.uv.mx\/prensa\/files\/2017\/10\/Caceca-2-131017-ok.jpg\"><img loading=\"lazy\" decoding=\"async\" aria-describedby=\"caption-attachment-33930\" class=\"size-large wp-image-33930\" src=\"https:\/\/www.uv.mx\/prensa\/files\/2017\/10\/Caceca-2-131017-ok-683x1024.jpg\" alt=\"\" width=\"683\" height=\"1024\" srcset=\"https:\/\/www.uv.mx\/prensa\/files\/2017\/10\/Caceca-2-131017-ok-683x1024.jpg 683w, https:\/\/www.uv.mx\/prensa\/files\/2017\/10\/Caceca-2-131017-ok-200x300.jpg 200w, https:\/\/www.uv.mx\/prensa\/files\/2017\/10\/Caceca-2-131017-ok.jpg 722w\" sizes=\"auto, (max-width: 683px) 100vw, 683px\" \/><\/a><p id=\"caption-attachment-33930\" class=\"wp-caption-text\">Jos\u00e9 Luis Hern\u00e1ndez Flores<\/p><\/div>\n<p>&nbsp;<\/p>\n<p>Esta visita del comit\u00e9 evaluador representa un gran paso para la carrera de Gesti\u00f3n y Direcci\u00f3n de Negocios, \u201cse presentar\u00e1 todo el esfuerzo de cada docente en aras a la calidad educativa\u201d, dijo el Director de la FCA; adem\u00e1s, reconoci\u00f3 a Juan Jos\u00e9 Chi\u00f1as Valencia, coordinador general del proceso de acreditaci\u00f3n, por dirigir y vigilar el esfuerzo de la comunidad universitaria para cubrir las categor\u00edas evaluadas.<\/p>\n<p>Por su parte, Jos\u00e9 Luis Hern\u00e1ndez se\u00f1al\u00f3 que es un orgullo visitar a la UV porque se nota el compromiso institucional con la educaci\u00f3n. \u201cSe deben sentir orgullosos de pertenecer a esta Universidad honorable y buena, esperamos que el trabajo de evaluaci\u00f3n brinde excelentes resultados\u201d, agreg\u00f3.<\/p>\n<p>Al respecto, Suly Sendy P\u00e9rez se\u00f1al\u00f3 que los resultados de evaluaci\u00f3n ser\u00e1n fruct\u00edferos, ya que se est\u00e1n formando buenos profesionistas de calidad.<\/p>\n<p>&nbsp;<\/p>\n<div id=\"attachment_33935\" style=\"width: 693px\" class=\"wp-caption aligncenter\"><a href=\"https:\/\/www.uv.mx\/prensa\/files\/2017\/10\/Caceca-3-131017-ok.jpg\"><img loading=\"lazy\" decoding=\"async\" aria-describedby=\"caption-attachment-33935\" class=\"size-large wp-image-33935\" src=\"https:\/\/www.uv.mx\/prensa\/files\/2017\/10\/Caceca-3-131017-ok-683x1024.jpg\" alt=\"\" width=\"683\" height=\"1024\" srcset=\"https:\/\/www.uv.mx\/prensa\/files\/2017\/10\/Caceca-3-131017-ok-683x1024.jpg 683w, https:\/\/www.uv.mx\/prensa\/files\/2017\/10\/Caceca-3-131017-ok-200x300.jpg 200w, https:\/\/www.uv.mx\/prensa\/files\/2017\/10\/Caceca-3-131017-ok.jpg 722w\" sizes=\"auto, (max-width: 683px) 100vw, 683px\" \/><\/a><p id=\"caption-attachment-33935\" class=\"wp-caption-text\">Jos\u00e9 Carlos Enzaldo Guzm\u00e1n<\/p><\/div>\n<p>&nbsp;<\/p>\n<p>En tanto, Jos\u00e9 Carlos Enzaldo Guzm\u00e1n se\u00f1al\u00f3 que esta evaluaci\u00f3n es s\u00f3lo el inicio a la calidad, \u201cno todas las instituciones son tan organizadas y comprometidas con la mejora continua como la Universidad Veracruzana\u201d.<\/p>\n<p>El vicerrector Jorge Andaverde Arredondo se\u00f1al\u00f3 que \u201cla calidad no se detiene, sigue en constante transformaci\u00f3n; hoy la Licenciatura en Gesti\u00f3n y Direcci\u00f3n de Negocios est\u00e1 en un examen, esto nos dice que estamos haciendo las cosas bien, de esta manera los j\u00f3venes universitarios tendr\u00e1n la certeza de cursar un PE acreditado por su calidad\u201d.<\/p>\n<p>S\u00e1nchez Leyva recalc\u00f3 la importancia de las acreditaciones: \u201c<em>Caceca<\/em> evalu\u00f3 10 categor\u00edas relacionadas con personal acad\u00e9mico, estudiantes, plan de estudios, evaluaci\u00f3n de los aprendizajes, vinculaci\u00f3n y extensi\u00f3n, formaci\u00f3n integral del estudiante, infraestructura y equipamiento, y financiamiento\u201d.<\/p>\n<p>&nbsp;<\/p>\n<div id=\"attachment_33942\" style=\"width: 693px\" class=\"wp-caption aligncenter\"><a href=\"https:\/\/www.uv.mx\/prensa\/files\/2017\/10\/Caceca-4-131017-ok.jpg\"><img loading=\"lazy\" decoding=\"async\" aria-describedby=\"caption-attachment-33942\" class=\"size-large wp-image-33942\" src=\"https:\/\/www.uv.mx\/prensa\/files\/2017\/10\/Caceca-4-131017-ok-683x1024.jpg\" alt=\"\" width=\"683\" height=\"1024\" srcset=\"https:\/\/www.uv.mx\/prensa\/files\/2017\/10\/Caceca-4-131017-ok-683x1024.jpg 683w, https:\/\/www.uv.mx\/prensa\/files\/2017\/10\/Caceca-4-131017-ok-200x300.jpg 200w, https:\/\/www.uv.mx\/prensa\/files\/2017\/10\/Caceca-4-131017-ok.jpg 722w\" sizes=\"auto, (max-width: 683px) 100vw, 683px\" \/><\/a><p id=\"caption-attachment-33942\" class=\"wp-caption-text\">Suly Sendy P\u00e9rez Casta\u00f1eda<\/p><\/div>\n<p>&nbsp;<\/p>\n<p>A\u00f1adi\u00f3 que a cada categor\u00eda se asignan puntajes y de acuerdo a lo obtenido se otorga la acreditaci\u00f3n. \u201cHemos sumado experiencias de otros PE acreditados, conozco el trabajo de cada profesor y responsable de las categor\u00edas y tengo la certeza de que obtendremos un buen resultado\u201d, enfatiz\u00f3.<\/p>\n<p>El Director de la FCA concluy\u00f3 diciendo que las acreditaciones brindan reconocimiento y prestigio a la UV, adem\u00e1s representa una oportunidad para tener acceso a financiamiento a trav\u00e9s del Programa para el Fortalecimiento de la Calidad Educativa (PFC) y que eso se transforma en recursos para que el estudiante pueda hacer movilidad y estancias de investigaci\u00f3n, consolidar cuerpos acad\u00e9micos, generar mayor redes de trabajos con universidades nacionales y extranjeras. En resumen, se obtienen infinidad de beneficios.<\/p>\n<p>&nbsp;<\/p>\n","protected":false},"excerpt":{"rendered":"<p><strong><em>Cecilia Escribano.-<\/em><\/strong>La Facultad de Contadur\u00eda y Administraci\u00f3n (FCA) de la Universidad Veracruzana (UV) recibi\u00f3 la visita de evaluadores del Consejo de Acreditaci\u00f3n en Ciencias Administrativas, Contables y Afines (Caceca), los d\u00edas 11, 12 y 13 de octubre, quienes evaluaron el programa educativo (PE) de la Licenciatura en Gesti\u00f3n y Direcci\u00f3n de Negocios, en miras de obtener su acreditaci\u00f3n de calidad.<\/p>\n","protected":false},"author":1810,"featured_media":33908,"comment_status":"closed","ping_status":"closed","sticky":false,"template":"","format":"standard","meta":{"footnotes":""},"categories":[32],"tags":[33],"class_list":["post-33890","post","type-post","status-publish","format-standard","has-post-thumbnail","hentry","category-regiones","tag-regiones"],"_links":{"self":[{"href":"https:\/\/www.uv.mx\/prensa\/wp-json\/wp\/v2\/posts\/33890","targetHints":{"allow":["GET"]}}],"collection":[{"href":"https:\/\/www.uv.mx\/prensa\/wp-json\/wp\/v2\/posts"}],"about":[{"href":"https:\/\/www.uv.mx\/prensa\/wp-json\/wp\/v2\/types\/post"}],"author":[{"embeddable":true,"href":"https:\/\/www.uv.mx\/prensa\/wp-json\/wp\/v2\/users\/1810"}],"replies":[{"embeddable":true,"href":"https:\/\/www.uv.mx\/prensa\/wp-json\/wp\/v2\/comments?post=33890"}],"version-history":[{"count":0,"href":"https:\/\/www.uv.mx\/prensa\/wp-json\/wp\/v2\/posts\/33890\/revisions"}],"wp:featuredmedia":[{"embeddable":true,"href":"https:\/\/www.uv.mx\/prensa\/wp-json\/wp\/v2\/media\/33908"}],"wp:attachment":[{"href":"https:\/\/www.uv.mx\/prensa\/wp-json\/wp\/v2\/media?parent=33890"}],"wp:term":[{"taxonomy":"category","embeddable":true,"href":"https:\/\/www.uv.mx\/prensa\/wp-json\/wp\/v2\/categories?post=33890"},{"taxonomy":"post_tag","embeddable":true,"href":"https:\/\/www.uv.mx\/prensa\/wp-json\/wp\/v2\/tags?post=33890"}],"curies":[{"name":"wp","href":"https:\/\/api.w.org\/{rel}","templated":true}]}}