{"id":33654,"date":"2017-10-11T14:18:13","date_gmt":"2017-10-11T19:18:13","guid":{"rendered":"https:\/\/www.uv.mx\/prensa\/?p=33654"},"modified":"2017-10-11T14:20:38","modified_gmt":"2017-10-11T19:20:38","slug":"estudiantes-uv-siguen-apoyando-a-damnificados-de-oaxaca","status":"publish","type":"post","link":"https:\/\/www.uv.mx\/prensa\/general\/estudiantes-uv-siguen-apoyando-a-damnificados-de-oaxaca\/","title":{"rendered":"Estudiantes UV siguen apoyando a damnificados de Oaxaca"},"content":{"rendered":"<ul>\n<li><em>Realizaron el Festival Universitario para recolectar fondos<\/em><\/li>\n<li><em>Alumnos de la Maestr\u00eda en Arquitectura construir\u00e1n viviendas temporales, de bamb\u00fa con lonas<\/em><\/li>\n<li><em>\u201cSolos lograron una buena convocatoria en la que todos contribuyeron de formas distintas\u201d: Juan Capetillo<\/em><\/li>\n<\/ul>\n<p>&nbsp;<\/p>\n<div id=\"attachment_33656\" style=\"width: 732px\" class=\"wp-caption aligncenter\"><a href=\"https:\/\/www.uv.mx\/prensa\/files\/2017\/10\/Festival-universitario-1-111017.jpg\"><img loading=\"lazy\" decoding=\"async\" aria-describedby=\"caption-attachment-33656\" class=\"size-full wp-image-33656\" src=\"https:\/\/www.uv.mx\/prensa\/files\/2017\/10\/Festival-universitario-1-111017.jpg\" alt=\"\" width=\"722\" height=\"482\" srcset=\"https:\/\/www.uv.mx\/prensa\/files\/2017\/10\/Festival-universitario-1-111017.jpg 722w, https:\/\/www.uv.mx\/prensa\/files\/2017\/10\/Festival-universitario-1-111017-300x200.jpg 300w\" sizes=\"auto, (max-width: 722px) 100vw, 722px\" \/><\/a><p id=\"caption-attachment-33656\" class=\"wp-caption-text\">Georgina Lara Le\u00f3n, Mar\u00eda Fernanda Guzm\u00e1n Sosa y Javier Salvador Gonz\u00e1lez Colina entregaron recursos econ\u00f3micos a los representantes del proyecto Plan M\u00e9xico 8.2<\/p><\/div>\n<p>&nbsp;<\/p>\n<p><strong><em>11\/10\/2017, Xalapa, Ver.-<\/em><\/strong> Estudiantes de diversos programas educativos (PE) de la Universidad Veracruzana (UV) contin\u00faan con la recolecci\u00f3n de v\u00edveres y dinero en efectivo para apoyar a los damnificados de comunidades de Oaxaca que perdieron sus hogares por los sismos de septiembre.<\/p>\n<p>La \u00faltima actividad realizada para lograr su meta fue el Festival Universitario en el \u00c1gora de la Ciudad de Xalapa, el domingo 8 de octubre, al que convocaron a trav\u00e9s de <em>Facebook<\/em> y tuvo una aceptable respuesta.<\/p>\n<p>Alondra Catalina Tepetla \u00c1lvarez, alumna de Psicolog\u00eda, comparti\u00f3 que hubo personas que donaban desde tres pesos, incluso alguien les dio 500; asimismo, celebr\u00f3 la asociaci\u00f3n interfacultades que concretaron sin conocerse y que les permiti\u00f3 un intercambio de conocimientos pr\u00e1cticos.<\/p>\n<p>En este sentido, Juan Capetillo Hern\u00e1ndez, titular de la Coordinaci\u00f3n de Asuntos Estudiantiles, reconoci\u00f3 la capacidad de autoorganizaci\u00f3n de los estudiantes: \u201cSolos lograron una buena convocatoria en la que todos contribuyeron de formas distintas. Intervinieron de los PE de Psicolog\u00eda, Medicina, Odontolog\u00eda, Nutrici\u00f3n, Letras Espa\u00f1olas, Arquitectura y Antropolog\u00eda\u201d.<\/p>\n<p>El funcionario hizo hincapi\u00e9 en la participaci\u00f3n de alrededor de 50 estudiantes de la Facultad de Odontolog\u00eda, quienes a plena luz del d\u00eda realizaron profilaxis y otros servicios.<\/p>\n<p>Con eventos culturales y musicales, subastas, rifas y talleres lograron recolectar m\u00e1s de tres mil pesos que entregaron a sus compa\u00f1eros de la Maestr\u00eda en Arquitectura para que comiencen el proyecto Plan M\u00e9xico 8.2, cuyo objetivo es construir un inmueble que sirva a todos los miembros de alguna comunidad afectada por los sismos en Oaxaca.<\/p>\n<p>&nbsp;<\/p>\n<div id=\"attachment_33657\" style=\"width: 732px\" class=\"wp-caption aligncenter\"><a href=\"https:\/\/www.uv.mx\/prensa\/files\/2017\/10\/Festival-universitario-2-111017-ok.jpg\"><img loading=\"lazy\" decoding=\"async\" aria-describedby=\"caption-attachment-33657\" class=\"size-full wp-image-33657\" src=\"https:\/\/www.uv.mx\/prensa\/files\/2017\/10\/Festival-universitario-2-111017-ok.jpg\" alt=\"\" width=\"722\" height=\"482\" srcset=\"https:\/\/www.uv.mx\/prensa\/files\/2017\/10\/Festival-universitario-2-111017-ok.jpg 722w, https:\/\/www.uv.mx\/prensa\/files\/2017\/10\/Festival-universitario-2-111017-ok-300x200.jpg 300w\" sizes=\"auto, (max-width: 722px) 100vw, 722px\" \/><\/a><p id=\"caption-attachment-33657\" class=\"wp-caption-text\">Mar\u00eda Fernanda Guzm\u00e1n y Javier Salvador Gonz\u00e1lez, de la Maestr\u00eda en Arquitectura, impulsan la realizaci\u00f3n de viviendas temporales en Oaxaca<\/p><\/div>\n<p>&nbsp;<\/p>\n<p>Georgina Lara Le\u00f3n, consejera alumna de Letras Espa\u00f1olas, coment\u00f3 c\u00f3mo se organizaron: \u201cEl Festival Universitario surge como una propuesta por parte de consejeros alumnos y compa\u00f1eros de diferentes facultades de la Universidad\u201d.<\/p>\n<p>Sus principales organizadores son H\u00e9ctor L\u00f3pez Huesca, consejero de Psicolog\u00eda; Alondra Catalina Tepetla \u00c1lvarez, alumna del mismo PE, y la propia Georgina, quien agradeci\u00f3 el apoyo que recibieron de la Coordinaci\u00f3n de Asuntos Estudiantiles y el Instituto Veracruzano de la Cultura (<em>Ivec<\/em>) para llevar a cabo el evento y donar art\u00edculos que entregaron como premios a los donantes.<\/p>\n<p>La se\u00f1ora Mar\u00eda de la Luz Loaeza Vel\u00e1zquez gan\u00f3 un paquete donado por la Tienda UV en el que <em>Luzio<\/em> era el principal atractivo, recibi\u00f3 su premio la tarde del 9 de octubre en las oficinas de la Coordinaci\u00f3n de Asuntos Estudiantiles.<\/p>\n<p>La Consejera de Letras detall\u00f3: \u201cHubo talleres de papiroflexia, encuadernaci\u00f3n artesanal, pintura creativa, creaci\u00f3n literaria; adem\u00e1s, el Colectivo Tejiendo Tapetitos Xalapa ense\u00f1\u00f3 a tejer colchonetas t\u00e9rmicas con bolsas recicladas de pl\u00e1stico\u201d.<\/p>\n<p>En especial destac\u00f3 la exposici\u00f3n fotogr\u00e1fica que mont\u00f3 \u00a0H\u00e9ctor Adolfo Quintanar P\u00e9rez, egresado de Arqueolog\u00eda, quien se dedica tambi\u00e9n a la etnofotograf\u00eda y, en este caso, relata su experiencia y recopilaci\u00f3n de testimonio en las zonas de desastre como: Morelos, Ciudad de M\u00e9xico y la comunidad de San Mateo del Mar, Oaxaca.<\/p>\n<p>&nbsp;<\/p>\n<div id=\"attachment_33658\" style=\"width: 732px\" class=\"wp-caption aligncenter\"><a href=\"https:\/\/www.uv.mx\/prensa\/files\/2017\/10\/Festival-universitario-3-111017-ok.jpg\"><img loading=\"lazy\" decoding=\"async\" aria-describedby=\"caption-attachment-33658\" class=\"size-full wp-image-33658\" src=\"https:\/\/www.uv.mx\/prensa\/files\/2017\/10\/Festival-universitario-3-111017-ok.jpg\" alt=\"\" width=\"722\" height=\"482\" srcset=\"https:\/\/www.uv.mx\/prensa\/files\/2017\/10\/Festival-universitario-3-111017-ok.jpg 722w, https:\/\/www.uv.mx\/prensa\/files\/2017\/10\/Festival-universitario-3-111017-ok-300x200.jpg 300w\" sizes=\"auto, (max-width: 722px) 100vw, 722px\" \/><\/a><p id=\"caption-attachment-33658\" class=\"wp-caption-text\">Mar\u00eda de la Luz Loaeza Vel\u00e1zquez se gan\u00f3 un Luzio y otros objetos por donar en el Festival Universitario<\/p><\/div>\n<p>&nbsp;<\/p>\n<p><strong>Plan M\u00e9xico 8.2<\/strong><\/p>\n<p>Mar\u00eda Fernanda Guzm\u00e1n Sosa y Javier Salvador Gonz\u00e1lez Colina son los impulsores de esta iniciativa, quienes tras los sismos del 7 y 19 de septiembre se sumaron a los esfuerzos de otros compa\u00f1eros de la Facultad de Arquitectura a fin de ayudar a damnificados del istmo de Tehuantepec.<\/p>\n<p>Javier describi\u00f3 que el plan comprende cinco fases: la primera fue la recolecci\u00f3n de v\u00edveres y estuvo liderada por Aline Callejas Hern\u00e1ndez, consejera alumna de Arquitectura; la segunda, es la construcci\u00f3n de viviendas temporales, y por ello desde el 11 de octubre se encuentran en Oaxaca, donde recibir\u00e1n apoyo de las organizaciones CAMPO y HARP.<\/p>\n<p>Las comunidades con las que tienen contacto son Santiago Niltepec, San Dionisio del Mar, Uni\u00f3n Hidalgo y San Francisco Ixhuat\u00e1n, todas en Oaxaca. Y una de \u00e9stas ser\u00e1 elegida para realizar las viviendas temporales, con bamb\u00fa y lonas que donaron las organizaciones anteriormente citadas.<\/p>\n<p>&nbsp;<\/p>\n","protected":false},"excerpt":{"rendered":"<p>Estudiantes de diversos programas educativos (PE) de la Universidad Veracruzana (UV) contin\u00faan con la recolecci\u00f3n de v\u00edveres y dinero en efectivo para apoyar a los damnificados de comunidades de Oaxaca que perdieron sus hogares por los sismos de septiembre.<\/p>\n","protected":false},"author":1810,"featured_media":33655,"comment_status":"closed","ping_status":"closed","sticky":false,"template":"","format":"standard","meta":{"footnotes":""},"categories":[1],"tags":[2],"class_list":["post-33654","post","type-post","status-publish","format-standard","has-post-thumbnail","hentry","category-general","tag-principal"],"_links":{"self":[{"href":"https:\/\/www.uv.mx\/prensa\/wp-json\/wp\/v2\/posts\/33654","targetHints":{"allow":["GET"]}}],"collection":[{"href":"https:\/\/www.uv.mx\/prensa\/wp-json\/wp\/v2\/posts"}],"about":[{"href":"https:\/\/www.uv.mx\/prensa\/wp-json\/wp\/v2\/types\/post"}],"author":[{"embeddable":true,"href":"https:\/\/www.uv.mx\/prensa\/wp-json\/wp\/v2\/users\/1810"}],"replies":[{"embeddable":true,"href":"https:\/\/www.uv.mx\/prensa\/wp-json\/wp\/v2\/comments?post=33654"}],"version-history":[{"count":0,"href":"https:\/\/www.uv.mx\/prensa\/wp-json\/wp\/v2\/posts\/33654\/revisions"}],"wp:featuredmedia":[{"embeddable":true,"href":"https:\/\/www.uv.mx\/prensa\/wp-json\/wp\/v2\/media\/33655"}],"wp:attachment":[{"href":"https:\/\/www.uv.mx\/prensa\/wp-json\/wp\/v2\/media?parent=33654"}],"wp:term":[{"taxonomy":"category","embeddable":true,"href":"https:\/\/www.uv.mx\/prensa\/wp-json\/wp\/v2\/categories?post=33654"},{"taxonomy":"post_tag","embeddable":true,"href":"https:\/\/www.uv.mx\/prensa\/wp-json\/wp\/v2\/tags?post=33654"}],"curies":[{"name":"wp","href":"https:\/\/api.w.org\/{rel}","templated":true}]}}