{"id":33576,"date":"2017-10-10T12:34:39","date_gmt":"2017-10-10T17:34:39","guid":{"rendered":"https:\/\/www.uv.mx\/prensa\/?p=33576"},"modified":"2017-10-10T12:37:51","modified_gmt":"2017-10-10T17:37:51","slug":"uv-celebra-el-7-coloquio-de-investigacion-en-artes","status":"publish","type":"post","link":"https:\/\/www.uv.mx\/prensa\/cultura\/uv-celebra-el-7-coloquio-de-investigacion-en-artes\/","title":{"rendered":"UV celebra el 7\u00b0 Coloquio de Investigaci\u00f3n en Artes"},"content":{"rendered":"<ul>\n<li><em>Participan 44 voces de artistas provenientes de 15 organizaciones, del 9 al 11 de octubre en la Galer\u00eda de Artes Pl\u00e1sticas de la Unidad de Artes<\/em><\/li>\n<li><i><em>\u201cLa noci\u00f3n de que la teor\u00eda est\u00e1 peleada con la pr\u00e1ctica art\u00edstica ha quedado descartada\u201d: Ahtziri Molina<\/em><\/i><\/li>\n<\/ul>\n<p>&nbsp;<\/p>\n<div id=\"attachment_33577\" style=\"width: 732px\" class=\"wp-caption aligncenter\"><a href=\"https:\/\/www.uv.mx\/prensa\/files\/2017\/10\/101017.-Coloquio-artes-1-ok.jpg\"><img loading=\"lazy\" decoding=\"async\" aria-describedby=\"caption-attachment-33577\" class=\"size-full wp-image-33577\" src=\"https:\/\/www.uv.mx\/prensa\/files\/2017\/10\/101017.-Coloquio-artes-1-ok.jpg\" alt=\"\" width=\"722\" height=\"482\" srcset=\"https:\/\/www.uv.mx\/prensa\/files\/2017\/10\/101017.-Coloquio-artes-1-ok.jpg 722w, https:\/\/www.uv.mx\/prensa\/files\/2017\/10\/101017.-Coloquio-artes-1-ok-300x200.jpg 300w\" sizes=\"auto, (max-width: 722px) 100vw, 722px\" \/><\/a><p id=\"caption-attachment-33577\" class=\"wp-caption-text\">Magdalena Hern\u00e1ndez Alarc\u00f3n inaugur\u00f3 las actividades del 7\u00b0 Coloquio de Investigaci\u00f3n en Artes<\/p><\/div>\n<p>&nbsp;<\/p>\n<p><strong><em>Claudia Peralta V\u00e1zquez<\/em><\/strong><\/p>\n<p>&nbsp;<\/p>\n<p><strong><em>10\/10\/2017, Xalapa, Ver.- <\/em><\/strong>El 7\u00b0 Coloquio de Investigaci\u00f3n en Artes \u201cReflexiones de una d\u00e9cada\u201d, congrega en la Universidad Veracruzana (UV) a 44 voces de artistas provenientes de 15 instituciones y organizaciones, expres\u00f3 Magdalena Hern\u00e1ndez Alarc\u00f3n, secretaria Acad\u00e9mica de esta casa de estudio, al inaugurar las actividades de este encuentro que se celebra del 9 al 11 de octubre, en la Galer\u00eda de la Unidad de Artes.<\/p>\n<p>En representaci\u00f3n de la rectora Sara Ladr\u00f3n de Guevara, la funcionaria reconoci\u00f3 el trabajo del Centro de Estudios, Creaci\u00f3n y Documentaci\u00f3n de las Artes (CECDA) de la UV, instituci\u00f3n creada en 2007 bajo el nombre de Programa de Investigaci\u00f3n en Artes, a trav\u00e9s del cual surgi\u00f3 este foro realizado de forma bianual a partir de 2013.<\/p>\n<p>Miguel Flores Covarrubias, director general del \u00c1rea Acad\u00e9mica de Artes, garantiz\u00f3 el respaldo a la continuidad de este evento que a\u00f1o con a\u00f1o invita a reflexionar sobre la investigaci\u00f3n en las artes.<\/p>\n<p>Elzbieta Fediuk Walczewska, coordinadora del CECDA, resalt\u00f3 los or\u00edgenes de este coloquio con el objetivo de conocer las ideas, intereses y necesidades acad\u00e9micas de todas las facultades de artes respecto a la investigaci\u00f3n.<\/p>\n<p>En presencia de autoridades, estudiantes, acad\u00e9micos y p\u00fablico en general, la investigadora destac\u00f3 los logros cosechados durante los 10 \u00faltimos a\u00f1os, en cuanto a la generaci\u00f3n del conocimiento, destac\u00f3 tambi\u00e9n la participaci\u00f3n en la acreditaci\u00f3n de programas de licenciatura y posgrado.<\/p>\n<p>&nbsp;<\/p>\n<div id=\"attachment_33578\" style=\"width: 732px\" class=\"wp-caption aligncenter\"><a href=\"https:\/\/www.uv.mx\/prensa\/files\/2017\/10\/101017.-Coloquio-artes-2-ok.jpg\"><img loading=\"lazy\" decoding=\"async\" aria-describedby=\"caption-attachment-33578\" class=\"size-full wp-image-33578\" src=\"https:\/\/www.uv.mx\/prensa\/files\/2017\/10\/101017.-Coloquio-artes-2-ok.jpg\" alt=\"\" width=\"722\" height=\"482\" srcset=\"https:\/\/www.uv.mx\/prensa\/files\/2017\/10\/101017.-Coloquio-artes-2-ok.jpg 722w, https:\/\/www.uv.mx\/prensa\/files\/2017\/10\/101017.-Coloquio-artes-2-ok-300x200.jpg 300w\" sizes=\"auto, (max-width: 722px) 100vw, 722px\" \/><\/a><p id=\"caption-attachment-33578\" class=\"wp-caption-text\">Estudiantes, acad\u00e9micos e investigadores participaron en el 7\u00b0 Coloquio de Investigaci\u00f3n en Artes<\/p><\/div>\n<p>&nbsp;<\/p>\n<p>\u201cEstamos siempre abiertos a apoyar a los profesores y estudiantes que realizan proyectos de investigaci\u00f3n, tambi\u00e9n organizamos encuentros y seminarios sobre temas muy puntuales\u201d, expuso.<\/p>\n<p>\u201cNecesitamos tener el contacto con estudiantes y profesores, y motivar la generaci\u00f3n de la investigaci\u00f3n\u201d, agreg\u00f3.<\/p>\n<p>En tanto, Ahtziri Molina Rold\u00e1n, integrante del comit\u00e9 organizador del 7\u00b0 Coloquio de Investigaci\u00f3n en Artes, se\u00f1al\u00f3 que a principios de este siglo la investigaci\u00f3n de gabinete desde las artes y los posgrados era poco comprendida y valorada pues muchos profesores de estas disciplinas se hab\u00edan formado en la pr\u00e1ctica y no en las escuelas de artes, lo cual tambi\u00e9n era v\u00e1lido, pero presentaban un divorcio bajo esta visi\u00f3n.<\/p>\n<p>Cuando las pol\u00edticas de educaci\u00f3n superior de nuestro pa\u00eds se pronunciaron por la generaci\u00f3n de posgrados y el impulso de la investigaci\u00f3n desde las universidades estatales, el \u00e1rea de artes se encontr\u00f3 desprotegida con un nuevo reto por delante.<\/p>\n<p>Fue as\u00ed como Elzbieta Fediuk propuso la organizaci\u00f3n de este primer espacio de di\u00e1logo y de trabajos de investigaci\u00f3n, que actualmente \u201ces el recuento de 10 a\u00f1os de trabajo empaquetados en siete ediciones\u201d.<\/p>\n<p>Indic\u00f3 que durante este periodo tambi\u00e9n se han explorado diversos formatos de di\u00e1logo, interlocutores, temas universitarios, veracruzanos, propios y ajenos, buscando que sea incluyente y abierto en modo de organizaci\u00f3n y propuestas tem\u00e1ticas.<\/p>\n<p>Por esta raz\u00f3n, se ha contado con la participaci\u00f3n de profesores del \u00e1rea de artes, de invitados acad\u00e9micos de otras instituciones, artistas dando sus testimonios, desarrollos de investigaci\u00f3n de estudiantes de posgrado, presentaciones art\u00edsticas, talleres art\u00edsticos y otros trabajos experimentales.<\/p>\n<p>\u201cAs\u00ed, la noci\u00f3n de que la teor\u00eda est\u00e1 peleada con la pr\u00e1ctica art\u00edstica ha quedado descartada, de tal modo ha sido m\u00e1s f\u00e1cil conquistar a quienes se resisten a las posibilidades de la investigaci\u00f3n como una pr\u00e1ctica docente y art\u00edstica.\u201d<\/p>\n<p>Es importante mencionar que durante este coloquio se abordar\u00e1n tem\u00e1ticas como: \u201cArtes y g\u00e9nero\u201d, \u201cArte y transdisciplinariedad\u201d, \u201cLos estudios sobre el teatro con t\u00edteres\u201d, \u201cImaginarios transcaribe\u00f1os\u201d, \u201cInvestigaci\u00f3n en danza\u201d, \u201cInvestigaci\u00f3n musical aplicada\u201d, \u201cMiradas de la gesti\u00f3n cultural desde Veracruz\u201d.<\/p>\n<p>Asimismo, destacan una mesa de reflexi\u00f3n sobre \u201cAvances y retos de la investigaci\u00f3n en danza\u201d; la conferencia \u201cInvestigaci\u00f3n de la gesti\u00f3n cultural en M\u00e9xico: balance y perspectivas\u201d, a cargo de Jos\u00e9 Luis Mariscal Orozco, de la Universidad de Guadalajara, entre otros eventos.<\/p>\n<p>En el evento tambi\u00e9n estuvo Rodrigo L\u00f3pez S\u00e1nchez, coordinador de Gesti\u00f3n y Divulgaci\u00f3n de la Investigaci\u00f3n, adscrito a la Direcci\u00f3n General de Investigaciones.<\/p>\n<p>&nbsp;<\/p>\n<p>&nbsp;<\/p>\n","protected":false},"excerpt":{"rendered":"<p><strong><em> Claudia Peralta V\u00e1zquez.-<\/em><\/strong> El 7\u00b0 Coloquio de Investigaci\u00f3n en Artes \u201cReflexiones de una d\u00e9cada\u201d, congrega en la Universidad Veracruzana (UV) a 44 voces de artistas provenientes de 15 instituciones y organizaciones, expres\u00f3 Magdalena Hern\u00e1ndez Alarc\u00f3n, secretaria Acad\u00e9mica de esta casa de estudio, al inaugurar las actividades de este encuentro que se celebra del 9 al 11 de octubre, en la Galer\u00eda de la Unidad de Artes.<\/p>\n","protected":false},"author":1809,"featured_media":33581,"comment_status":"closed","ping_status":"closed","sticky":false,"template":"","format":"standard","meta":{"footnotes":""},"categories":[11],"tags":[15],"class_list":["post-33576","post","type-post","status-publish","format-standard","has-post-thumbnail","hentry","category-cultura","tag-cultura-2"],"_links":{"self":[{"href":"https:\/\/www.uv.mx\/prensa\/wp-json\/wp\/v2\/posts\/33576","targetHints":{"allow":["GET"]}}],"collection":[{"href":"https:\/\/www.uv.mx\/prensa\/wp-json\/wp\/v2\/posts"}],"about":[{"href":"https:\/\/www.uv.mx\/prensa\/wp-json\/wp\/v2\/types\/post"}],"author":[{"embeddable":true,"href":"https:\/\/www.uv.mx\/prensa\/wp-json\/wp\/v2\/users\/1809"}],"replies":[{"embeddable":true,"href":"https:\/\/www.uv.mx\/prensa\/wp-json\/wp\/v2\/comments?post=33576"}],"version-history":[{"count":0,"href":"https:\/\/www.uv.mx\/prensa\/wp-json\/wp\/v2\/posts\/33576\/revisions"}],"wp:featuredmedia":[{"embeddable":true,"href":"https:\/\/www.uv.mx\/prensa\/wp-json\/wp\/v2\/media\/33581"}],"wp:attachment":[{"href":"https:\/\/www.uv.mx\/prensa\/wp-json\/wp\/v2\/media?parent=33576"}],"wp:term":[{"taxonomy":"category","embeddable":true,"href":"https:\/\/www.uv.mx\/prensa\/wp-json\/wp\/v2\/categories?post=33576"},{"taxonomy":"post_tag","embeddable":true,"href":"https:\/\/www.uv.mx\/prensa\/wp-json\/wp\/v2\/tags?post=33576"}],"curies":[{"name":"wp","href":"https:\/\/api.w.org\/{rel}","templated":true}]}}