{"id":33569,"date":"2017-10-10T14:26:47","date_gmt":"2017-10-10T19:26:47","guid":{"rendered":"https:\/\/www.uv.mx\/prensa\/?p=33569"},"modified":"2017-10-10T14:26:47","modified_gmt":"2017-10-10T19:26:47","slug":"allison-hernandez-competira-en-el-mundial-de-aguas-abiertas","status":"publish","type":"post","link":"https:\/\/www.uv.mx\/prensa\/deportes\/allison-hernandez-competira-en-el-mundial-de-aguas-abiertas\/","title":{"rendered":"Allison Hern\u00e1ndez competir\u00e1 en el Mundial de Aguas Abiertas"},"content":{"rendered":"<ul>\n<li><em>Del 13 al 16 de octubre en Benidorm, Espa\u00f1a<\/em><\/li>\n<li><em>La joven de 16 a\u00f1os es integrante de la Escuela de Nataci\u00f3n de <\/em>Halcones<em> de la UV<\/em><\/li>\n<\/ul>\n<div id=\"attachment_33599\" style=\"width: 732px\" class=\"wp-caption aligncenter\"><a href=\"https:\/\/www.uv.mx\/prensa\/files\/2017\/10\/101017.-Natacion-ok.jpg\"><img loading=\"lazy\" decoding=\"async\" aria-describedby=\"caption-attachment-33599\" class=\"size-full wp-image-33599\" src=\"https:\/\/www.uv.mx\/prensa\/files\/2017\/10\/101017.-Natacion-ok.jpg\" alt=\"\" width=\"722\" height=\"482\" srcset=\"https:\/\/www.uv.mx\/prensa\/files\/2017\/10\/101017.-Natacion-ok.jpg 722w, https:\/\/www.uv.mx\/prensa\/files\/2017\/10\/101017.-Natacion-ok-300x200.jpg 300w\" sizes=\"auto, (max-width: 722px) 100vw, 722px\" \/><\/a><p id=\"caption-attachment-33599\" class=\"wp-caption-text\">Allison Hern\u00e1ndez y su entrenador Santiago Gonz\u00e1lez Serralde<\/p><\/div>\n<p>&nbsp;<\/p>\n<p><strong><em>Santiago Morales Ortiz<\/em><\/strong><\/p>\n<p>&nbsp;<\/p>\n<p><strong><em>10\/10\/2017, Xalapa, Ver.-<\/em><\/strong> Allison Hern\u00e1ndez Espinoza, integrante de la Escuela de Nataci\u00f3n de <em>Halcones<\/em> de la Universidad Veracruzana (UV), competir\u00e1 en la gran final de la categor\u00eda Junior Juvenil del Circuito Mundial OceanMan de Nataci\u00f3n en Aguas Abiertas, a celebrarse del 13 al 16 de octubre en Benidorm, Espa\u00f1a.<\/p>\n<p>\u201cEstoy muy emocionada, he tenido doble carga de entrenamiento pues dar\u00e9 mi m\u00e1ximo esfuerzo en este evento internacional, en el que estar\u00e1n las mejores nadadoras del mundo\u201d, expres\u00f3.<\/p>\n<p>A sus 16 a\u00f1os de edad, Allison Hern\u00e1ndez, alumna del instructor Santiago Gonz\u00e1lez Serralde, competir\u00e1 en su primera justa mundial, tras obtener su pase en el\u00a0Campeonato Nacional OceanMan Cozumel-2017 de Aguas Abiertas, en el que ocup\u00f3 el sexto lugar en los cinco kil\u00f3metros, categor\u00eda Junior Juvenil.<\/p>\n<p>El mejor registro de Allison Hern\u00e1ndez para tal distancia \u2500la misma que nadar\u00e1 en Espa\u00f1a\u2500 es de una hora y 10 minutos.<\/p>\n<p>La joven tambi\u00e9n comparti\u00f3 que es un orgullo pertenecer a la Escuela de <em>Halcones<\/em> UV y representar a M\u00e9xico en este evento mundial.<\/p>\n<p>Asimismo, agradeci\u00f3 el apoyo de sus padres, a quienes dedica su actuaci\u00f3n en el evento.<\/p>\n<p><strong>Trayectoria<\/strong><\/p>\n<p>Hace ocho a\u00f1os Allison Hern\u00e1ndez Espinoza se integr\u00f3 al equipo de nataci\u00f3n de la UV y despu\u00e9s de participar en diferentes eventos, como el Campeonato Nacional, en la prueba de 400 metros libres,\u00a0este a\u00f1o ha sido el de su consagraci\u00f3n y el sue\u00f1o esperado de cualquier deportista: defender los colores de M\u00e9xico en un evento de gran relevancia como el Circuito Mundial OceanMan de Nataci\u00f3n en Aguas Abiertas.<\/p>\n<p>A su llegada a la alberca universitaria, particip\u00f3 en eventos de nataci\u00f3n como el Nacional de Guadalajara, Jalisco, en 2015;\u00a0adem\u00e1s, ha registrado buenos resultados a nivel local, estatal y nacional.<\/p>\n<p>Asisti\u00f3 a la Olimpiada Nacional de Monterrey de Aguas Abiertas, ese fue el repunte para competir en el Ca\u00f1\u00f3n del Sumidero 7.5 kil\u00f3metros, con tiempo de una hora y 39 minutos.<\/p>\n<p>&nbsp;<\/p>\n","protected":false},"excerpt":{"rendered":"<p><strong><em>Santiago Morales.-<\/em><\/strong>Allison Hern\u00e1ndez Espinoza, integrante de la Escuela de Nataci\u00f3n de Halcones de la Universidad Veracruzana (UV), competir\u00e1 en la gran final de la categor\u00eda Junior Juvenil del Circuito Mundial OceanMan de Nataci\u00f3n en Aguas Abiertas, a celebrarse del 13 al 16 de octubre en Benidorm, Espa\u00f1a.<\/p>\n","protected":false},"author":1810,"featured_media":33597,"comment_status":"closed","ping_status":"closed","sticky":false,"template":"","format":"standard","meta":{"footnotes":""},"categories":[12],"tags":[17],"class_list":["post-33569","post","type-post","status-publish","format-standard","has-post-thumbnail","hentry","category-deportes","tag-deportes"],"_links":{"self":[{"href":"https:\/\/www.uv.mx\/prensa\/wp-json\/wp\/v2\/posts\/33569","targetHints":{"allow":["GET"]}}],"collection":[{"href":"https:\/\/www.uv.mx\/prensa\/wp-json\/wp\/v2\/posts"}],"about":[{"href":"https:\/\/www.uv.mx\/prensa\/wp-json\/wp\/v2\/types\/post"}],"author":[{"embeddable":true,"href":"https:\/\/www.uv.mx\/prensa\/wp-json\/wp\/v2\/users\/1810"}],"replies":[{"embeddable":true,"href":"https:\/\/www.uv.mx\/prensa\/wp-json\/wp\/v2\/comments?post=33569"}],"version-history":[{"count":0,"href":"https:\/\/www.uv.mx\/prensa\/wp-json\/wp\/v2\/posts\/33569\/revisions"}],"wp:featuredmedia":[{"embeddable":true,"href":"https:\/\/www.uv.mx\/prensa\/wp-json\/wp\/v2\/media\/33597"}],"wp:attachment":[{"href":"https:\/\/www.uv.mx\/prensa\/wp-json\/wp\/v2\/media?parent=33569"}],"wp:term":[{"taxonomy":"category","embeddable":true,"href":"https:\/\/www.uv.mx\/prensa\/wp-json\/wp\/v2\/categories?post=33569"},{"taxonomy":"post_tag","embeddable":true,"href":"https:\/\/www.uv.mx\/prensa\/wp-json\/wp\/v2\/tags?post=33569"}],"curies":[{"name":"wp","href":"https:\/\/api.w.org\/{rel}","templated":true}]}}