{"id":33552,"date":"2017-10-09T13:02:17","date_gmt":"2017-10-09T18:02:17","guid":{"rendered":"https:\/\/www.uv.mx\/prensa\/?p=33552"},"modified":"2017-10-09T13:02:17","modified_gmt":"2017-10-09T18:02:17","slug":"fesapauv-realizo-foro-regional-sobre-perspectiva-laboral","status":"publish","type":"post","link":"https:\/\/www.uv.mx\/prensa\/general\/fesapauv-realizo-foro-regional-sobre-perspectiva-laboral\/","title":{"rendered":"Fesapauv realiz\u00f3 Foro Regional  sobre perspectiva laboral"},"content":{"rendered":"<ul>\n<li><em>El 3 de octubre en la USBI-Xalapa<\/em><\/li>\n<li><em>Consisti\u00f3 en cuatro mesas de an\u00e1lisis, que se desarrollaron de manera simult\u00e1nea<\/em><\/li>\n<\/ul>\n<p>&nbsp;<\/p>\n<div id=\"attachment_33554\" style=\"width: 732px\" class=\"wp-caption aligncenter\"><a href=\"https:\/\/www.uv.mx\/prensa\/files\/2017\/10\/Fesapauv-091017.jpg\"><img aria-describedby=\"caption-attachment-33554\" decoding=\"async\" loading=\"lazy\" class=\"size-full wp-image-33554\" src=\"https:\/\/www.uv.mx\/prensa\/files\/2017\/10\/Fesapauv-091017.jpg\" alt=\"\" width=\"722\" height=\"482\" srcset=\"https:\/\/www.uv.mx\/prensa\/files\/2017\/10\/Fesapauv-091017.jpg 722w, https:\/\/www.uv.mx\/prensa\/files\/2017\/10\/Fesapauv-091017-300x200.jpg 300w\" sizes=\"(max-width: 722px) 100vw, 722px\" \/><\/a><p id=\"caption-attachment-33554\" class=\"wp-caption-text\">El Foro Regional tuvo la intenci\u00f3n de que surjan propuestas tendientes a reforzar la participaci\u00f3n activa de la organizaci\u00f3n<\/p><\/div>\n<p>&nbsp;<\/p>\n<p><strong><em>Karina de la Paz Reyes D\u00edaz<\/em><\/strong><\/p>\n<p>&nbsp;<\/p>\n<p><strong><em>09\/10\/2017, Xalapa, Ver.-\u00a0<\/em><\/strong> El Sindicato del Personal Acad\u00e9mico de la Universidad Veracruzana (<em>Fesapauv<\/em>) organiz\u00f3 el Foro Regional \u201cEl sindicalismo y su perspectiva laboral en los procesos de transformaci\u00f3n de la Universidad\u201d, con la intenci\u00f3n de que surjan propuestas que refuercen la participaci\u00f3n activa de la organizaci\u00f3n en los procesos de la reestructuraci\u00f3n universitaria y laboral.<\/p>\n<p>El Foro Regional se desarroll\u00f3 el 3 de octubre en la Sala de Videoconferencias de la Unidad de Servicios Bibliotecarios y de Informaci\u00f3n, y la inauguraci\u00f3n fue presidida por Enrique Levet Gorozpe, secretario general del Comit\u00e9 Ejecutivo Estatal del <em>Fesapauv<\/em>; Jos\u00e9 Ra\u00fal Trujillo, director general de Recursos Humanos de la UV, en representaci\u00f3n de Salvador Tapia Spinoso, secretario de Administraci\u00f3n y Finanzas; Manuel Fragoso e Irma Zamora Cortina, secretarios regionales del <em>Fesapauv<\/em> en Veracruz y Xalapa, respectivamente.<\/p>\n<p>Jos\u00e9 Ra\u00fal Trujillo destac\u00f3 que el <em>Fesapauv<\/em> es una organizaci\u00f3n sindical comprometida, conformada por personas constructivas que a lo largo de su trayectoria han defendido la fuente de trabajo sin descuidar el equilibrio; es decir, han tenido presentes las funciones sustantivas de la Universidad: docencia, investigaci\u00f3n y extensi\u00f3n.<\/p>\n<p>La bienvenida estuvo a cargo de la anfitriona del evento, Irma Zamora, quien destac\u00f3: \u201cEs momento en que todos manifestemos nuestra opini\u00f3n y nuestro sentir, as\u00ed como sugerencias y aspiraciones sobre qu\u00e9 queremos que haga nuestro sindicato, c\u00f3mo queremos que se construya, porque \u00e9ste se construye constantemente\u201d.<\/p>\n<p>En el foro se desarrollaron cuatro mesas de trabajo de manera simult\u00e1nea: \u201cContrato colectivo\u201d, \u201cSeguridad social\u201d, \u201cEst\u00edmulos al desempe\u00f1o del personal acad\u00e9mico\u201d y \u201cTransformaci\u00f3n acad\u00e9mica y educativa de la Universidad\u201d.<\/p>\n<p>Los objetivos de cada una de ellas fueron: buscar, analizar, reflexionar y proponer, en su caso, modificaciones al contrato colectivo; prestaciones contractuales que conforman la seguridad social del personal acad\u00e9mico de la UV; normas y procedimientos para el otorgamiento del est\u00edmulo al desempe\u00f1o; y perspectivas de transformaci\u00f3n de esta casa de estudio, respectivamente.<\/p>\n<p>Despu\u00e9s de la ceremonia de inauguraci\u00f3n, Enrique Levet, con el apoyo de V\u00edctor M\u00e9ndez S\u00e1nchez, representante ante el Comit\u00e9 Estatal, present\u00f3 la conferencia \u201cAlgunos comentarios y reflexiones en torno a los mitos y realidades del IPE\u201d.<\/p>\n<p>Igualmente, presidieron este evento H\u00e9ctor Escobar Henrr\u00edquez, secretario de Mejoramiento Profesional y Acad\u00e9mico; Lourdes Beauregard Garc\u00eda, secretaria de Finanzas; Rosalba Ang\u00e9lica Hess Moreno, secretaria de Trabajo y Conflictos; Marcelino Navarro Piedra, representante ante el Comit\u00e9 Estatal; Miguel Hugo Garizurieta Meza, secretario de Organizaci\u00f3n; Fausto Garc\u00eda Reyes, secretario del Interior; Alejandro P\u00e9rez Mart\u00ednez, secretario de Exterior;\u00a0Eduardo Huerta Cort\u00e9s, secretario de Trabajos y Conflictos del Comit\u00e9 Ejecutivo Estatal, por mencionar algunos.<\/p>\n<p><strong>\u00a0<\/strong><\/p>\n","protected":false},"excerpt":{"rendered":"<p><strong><em>Karina de la Paz Reyes.-<\/em><\/strong>El Sindicato del Personal Acad\u00e9mico de la Universidad Veracruzana (Fesapauv) organiz\u00f3 el Foro Regional \u201cEl sindicalismo y su perspectiva laboral en los procesos de transformaci\u00f3n de la Universidad\u201d, con la intenci\u00f3n de que surjan propuestas que refuercen la participaci\u00f3n activa de la organizaci\u00f3n en los procesos de la reestructuraci\u00f3n universitaria y laboral.<\/p>\n","protected":false},"author":1810,"featured_media":33553,"comment_status":"closed","ping_status":"closed","sticky":false,"template":"","format":"standard","meta":[],"categories":[1],"tags":[3],"_links":{"self":[{"href":"https:\/\/www.uv.mx\/prensa\/wp-json\/wp\/v2\/posts\/33552"}],"collection":[{"href":"https:\/\/www.uv.mx\/prensa\/wp-json\/wp\/v2\/posts"}],"about":[{"href":"https:\/\/www.uv.mx\/prensa\/wp-json\/wp\/v2\/types\/post"}],"author":[{"embeddable":true,"href":"https:\/\/www.uv.mx\/prensa\/wp-json\/wp\/v2\/users\/1810"}],"replies":[{"embeddable":true,"href":"https:\/\/www.uv.mx\/prensa\/wp-json\/wp\/v2\/comments?post=33552"}],"version-history":[{"count":0,"href":"https:\/\/www.uv.mx\/prensa\/wp-json\/wp\/v2\/posts\/33552\/revisions"}],"wp:featuredmedia":[{"embeddable":true,"href":"https:\/\/www.uv.mx\/prensa\/wp-json\/wp\/v2\/media\/33553"}],"wp:attachment":[{"href":"https:\/\/www.uv.mx\/prensa\/wp-json\/wp\/v2\/media?parent=33552"}],"wp:term":[{"taxonomy":"category","embeddable":true,"href":"https:\/\/www.uv.mx\/prensa\/wp-json\/wp\/v2\/categories?post=33552"},{"taxonomy":"post_tag","embeddable":true,"href":"https:\/\/www.uv.mx\/prensa\/wp-json\/wp\/v2\/tags?post=33552"}],"curies":[{"name":"wp","href":"https:\/\/api.w.org\/{rel}","templated":true}]}}