{"id":33512,"date":"2017-10-09T09:25:12","date_gmt":"2017-10-09T14:25:12","guid":{"rendered":"https:\/\/www.uv.mx\/prensa\/?p=33512"},"modified":"2017-10-09T09:25:12","modified_gmt":"2017-10-09T14:25:12","slug":"festival-jazzuv-ejemplo-de-vinculacion-y-trabajo-multidisciplinario","status":"publish","type":"post","link":"https:\/\/www.uv.mx\/prensa\/cultura\/festival-jazzuv-ejemplo-de-vinculacion-y-trabajo-multidisciplinario\/","title":{"rendered":"Festival Jazzuv, ejemplo de vinculaci\u00f3n y trabajo multidisciplinario"},"content":{"rendered":"<ul>\n<li><em>Destaca el esfuerzo coordinado entre este Centro, la <\/em>Orteuv<em>, la OSX, artistas gr\u00e1ficos, el IIH-S y especialistas en m\u00fasica popular<\/em><\/li>\n<li><em>El Festival se desarrollar\u00e1 del <\/em><em>24 al 29 de octubre y antes, del 16 al 20, el foro \u201cAportaciones de las culturas africanas y caribe\u00f1as en la identidad de la m\u00fasica veracruzana y el jazz\u201d<\/em><\/li>\n<\/ul>\n<p>&nbsp;<\/p>\n<div id=\"attachment_33513\" style=\"width: 732px\" class=\"wp-caption aligncenter\"><a href=\"https:\/\/www.uv.mx\/prensa\/files\/2017\/10\/Vinculacion-Jazzuv-091017-ok.jpg\"><img loading=\"lazy\" decoding=\"async\" aria-describedby=\"caption-attachment-33513\" class=\"size-full wp-image-33513\" src=\"https:\/\/www.uv.mx\/prensa\/files\/2017\/10\/Vinculacion-Jazzuv-091017-ok.jpg\" alt=\"\" width=\"722\" height=\"481\" srcset=\"https:\/\/www.uv.mx\/prensa\/files\/2017\/10\/Vinculacion-Jazzuv-091017-ok.jpg 722w, https:\/\/www.uv.mx\/prensa\/files\/2017\/10\/Vinculacion-Jazzuv-091017-ok-300x200.jpg 300w\" sizes=\"auto, (max-width: 722px) 100vw, 722px\" \/><\/a><p id=\"caption-attachment-33513\" class=\"wp-caption-text\">Juan Rafael Alcal\u00e1 Hinojosa<\/p><\/div>\n<p>&nbsp;<\/p>\n<p><strong><em>Carlos Hugo Hermida Rosales<\/em><\/strong><\/p>\n<p>&nbsp;<\/p>\n<p><strong><em>09\/10\/2017, Xalapa, Ver.-<\/em><\/strong> Rafael Alcal\u00e1 Hinojosa, coordinador del Centro de Estudios de Jazz de la Universidad Veracruzana (<em>Jazzuv<\/em>), afirm\u00f3 que la vinculaci\u00f3n entre dependencias universitarias ha sido el eje central para la organizaci\u00f3n del 8\u00ba Festival Internacional <em>Jazzuv<\/em>, que se realizar\u00e1 del 24 al 29 de octubre.<\/p>\n<p>\u201cLa UV atraviesa una crisis econ\u00f3mica muy fuerte, ante lo cual debemos ser creativos y buscar la fortaleza dentro de la instituci\u00f3n para salir adelante\u201d, manifest\u00f3.<\/p>\n<p>El pianista mencion\u00f3 que el 8\u00ba Festival Internacional <em>Jazzuv<\/em> se abri\u00f3 a la multidisciplinariedad y como parte de ello se trabaj\u00f3 con la Organizaci\u00f3n Teatral de esta casa de estudio (<em>Orteuv<\/em>) para producir la obra esc\u00e9nica <em>The American Slave Coast<\/em>, la cual se presentar\u00e1 el 26 de octubre a las 20:00 horas en el Teatro del Estado.<\/p>\n<p>Coment\u00f3 que otra colaboraci\u00f3n interesante es la que se lleva a cabo con la Orquesta Sinf\u00f3nica de Xalapa (OSX), con la que realizar\u00e1n un programa en el que combinar\u00e1n canciones de jazz con el repertorio del organismo sinf\u00f3nico. En este evento participar\u00e1 el saxofonista Donald Harrison.<\/p>\n<p>El Coordinador de <em>Jazzuv<\/em> relat\u00f3 que una estrategia para difundir el festival fue apoyarse en opciones alternas de publicidad.<\/p>\n<p>\u201cEn lugar de contratar espectaculares, se hizo una convocatoria dirigida a artistas gr\u00e1ficos para que intervinieran espacios disponibles en la ciudad de Xalapa, el resultado fue una serie de murales alusivos al festival y a su tem\u00e1tica de multiculturalidad, lo que ahorr\u00f3 muchos recursos.\u201d<\/p>\n<p>Igualmente, comparti\u00f3 que para la organizaci\u00f3n del foro \u201cAportaciones de las culturas africanas y caribe\u00f1as en la identidad de la m\u00fasica veracruzana y el jazz\u201d, a realizarse previo al festival del 16 al 20 de octubre, se trabaj\u00f3 con el Instituto de Investigaciones Hist\u00f3rico-Sociales (IIH-S) y expertos en m\u00fasica popular veracruzana, por lo que este evento servir\u00e1 de plataforma para que investigadores y expertos se acerquen a <em>Jazzuv<\/em> y vean los trabajos que aqu\u00ed se realizan.<\/p>\n<p>Rafael Alcal\u00e1 enunci\u00f3 que la vinculaci\u00f3n entre las distintas dependencias de la UV es indispensable, ya que se ignora cu\u00e1ndo terminar\u00e1 la crisis econ\u00f3mica que atraviesa, por lo cual es una gran herramienta para realizar otros festivales y eventos que tambi\u00e9n requieren apoyo para su ejecuci\u00f3n.<\/p>\n<p>Destac\u00f3 que esta edici\u00f3n del festival es verdaderamente universitaria, tanto econ\u00f3micamente como en recursos humanos, por lo que representa la gran fortaleza de la Universidad.<\/p>\n<p>\u201cCon la cada vez mayor internacionalizaci\u00f3n de la UV, la vinculaci\u00f3n es fundamental pues todas sus dependencias deben unir fuerzas para estar a la par de otras instituciones educativas del orbe\u201d, concluy\u00f3.<\/p>\n","protected":false},"excerpt":{"rendered":"<p><strong><em>Carlos Hugo Hermida .-<\/em><\/strong>Rafael Alcal\u00e1 Hinojosa, coordinador del Centro de Estudios de Jazz de la Universidad Veracruzana (Jazzuv), afirm\u00f3 que la vinculaci\u00f3n entre dependencias universitarias ha sido el eje central para la organizaci\u00f3n del 8\u00ba Festival Internacional Jazzuv, que se realizar\u00e1 del 24 al 29 de octubre.<\/p>\n","protected":false},"author":1810,"featured_media":33514,"comment_status":"closed","ping_status":"closed","sticky":false,"template":"","format":"standard","meta":{"footnotes":""},"categories":[11],"tags":[15],"class_list":["post-33512","post","type-post","status-publish","format-standard","has-post-thumbnail","hentry","category-cultura","tag-cultura-2"],"_links":{"self":[{"href":"https:\/\/www.uv.mx\/prensa\/wp-json\/wp\/v2\/posts\/33512","targetHints":{"allow":["GET"]}}],"collection":[{"href":"https:\/\/www.uv.mx\/prensa\/wp-json\/wp\/v2\/posts"}],"about":[{"href":"https:\/\/www.uv.mx\/prensa\/wp-json\/wp\/v2\/types\/post"}],"author":[{"embeddable":true,"href":"https:\/\/www.uv.mx\/prensa\/wp-json\/wp\/v2\/users\/1810"}],"replies":[{"embeddable":true,"href":"https:\/\/www.uv.mx\/prensa\/wp-json\/wp\/v2\/comments?post=33512"}],"version-history":[{"count":0,"href":"https:\/\/www.uv.mx\/prensa\/wp-json\/wp\/v2\/posts\/33512\/revisions"}],"wp:featuredmedia":[{"embeddable":true,"href":"https:\/\/www.uv.mx\/prensa\/wp-json\/wp\/v2\/media\/33514"}],"wp:attachment":[{"href":"https:\/\/www.uv.mx\/prensa\/wp-json\/wp\/v2\/media?parent=33512"}],"wp:term":[{"taxonomy":"category","embeddable":true,"href":"https:\/\/www.uv.mx\/prensa\/wp-json\/wp\/v2\/categories?post=33512"},{"taxonomy":"post_tag","embeddable":true,"href":"https:\/\/www.uv.mx\/prensa\/wp-json\/wp\/v2\/tags?post=33512"}],"curies":[{"name":"wp","href":"https:\/\/api.w.org\/{rel}","templated":true}]}}