{"id":33462,"date":"2017-10-07T07:00:18","date_gmt":"2017-10-07T12:00:18","guid":{"rendered":"https:\/\/www.uv.mx\/prensa\/?p=33462"},"modified":"2017-10-06T14:00:09","modified_gmt":"2017-10-06T19:00:09","slug":"comunidad-uv-se-capacitara-en-busqueda-de-datos-y-redaccion-de-patentes","status":"publish","type":"post","link":"https:\/\/www.uv.mx\/prensa\/general\/comunidad-uv-se-capacitara-en-busqueda-de-datos-y-redaccion-de-patentes\/","title":{"rendered":"Comunidad UV se capacitar\u00e1 en  b\u00fasqueda de datos y redacci\u00f3n de patentes"},"content":{"rendered":"<ul>\n<li><em>A trav\u00e9s de taller dirigido a acad\u00e9micos, investigadores y estudiantes, quienes podr\u00e1n cursarlo de manera gratuita los d\u00edas 23 y 24 de octubre<\/em><\/li>\n<li><em>Es organizado por la Oficina de Transferencia de Tecnolog\u00eda (OTT) e impartido por el especialista S\u00f3crates Soltero<\/em><\/li>\n<\/ul>\n<p>&nbsp;<\/p>\n<div id=\"attachment_33466\" style=\"width: 732px\" class=\"wp-caption aligncenter\"><a href=\"https:\/\/www.uv.mx\/prensa\/files\/2017\/10\/Taller-bases-de-datos-y-redaccion-de-patentes-071017.jpg\"><img loading=\"lazy\" decoding=\"async\" aria-describedby=\"caption-attachment-33466\" class=\"size-full wp-image-33466\" src=\"https:\/\/www.uv.mx\/prensa\/files\/2017\/10\/Taller-bases-de-datos-y-redaccion-de-patentes-071017.jpg\" alt=\"\" width=\"722\" height=\"482\" srcset=\"https:\/\/www.uv.mx\/prensa\/files\/2017\/10\/Taller-bases-de-datos-y-redaccion-de-patentes-071017.jpg 722w, https:\/\/www.uv.mx\/prensa\/files\/2017\/10\/Taller-bases-de-datos-y-redaccion-de-patentes-071017-300x200.jpg 300w\" sizes=\"auto, (max-width: 722px) 100vw, 722px\" \/><\/a><p id=\"caption-attachment-33466\" class=\"wp-caption-text\">Jorge Aburto, jefe de la Oficina de Transferencia de Tecnolog\u00eda de la UV<\/p><\/div>\n<p>&nbsp;<\/p>\n<p><strong><em>David Sandoval Rodr\u00edguez<\/em><\/strong><\/p>\n<p>&nbsp;<\/p>\n<p><strong><em>07\/10\/2017 Xalapa, Ver.-<\/em><\/strong> La Universidad Veracruzana (UV), a trav\u00e9s de la Oficina de Transferencia de Tecnolog\u00eda (OTT), adscrita a la Direcci\u00f3n General de Vinculaci\u00f3n, invita a investigadores, acad\u00e9micos, estudiantes y la comunidad universitaria en general, al taller \u201cB\u00fasqueda tecnol\u00f3gica en bases de datos y redacci\u00f3n de patentes\u201d, que se realizar\u00e1 los d\u00edas lunes 23 y martes 24 de octubre.<\/p>\n<p>Jorge Aburto S\u00e1nchez, jefe de la OTT, coment\u00f3 que el taller ser\u00e1 gratuito y se enfoca en particular a los acad\u00e9micos e investigadores que cuentan con alg\u00fan desarrollo tecnol\u00f3gico o invenci\u00f3n.<\/p>\n<p>Su principal objetivo es promover la protecci\u00f3n derivada de los resultados de investigaci\u00f3n y \u201cbusca, por un lado, brindar conocimientos respecto a la importancia de la propiedad intelectual en cualquier \u00e1mbito, en particular en el acad\u00e9mico y, por otro lado, busca introducir a los participantes al universo de los documentos de patente y establecer estrategias para sus b\u00fasquedas en las diversas bases de datos existentes, dado que para registrar una patente es necesario tener los antecedentes m\u00e1s completos\u201d, dijo el funcionario.<\/p>\n<p>Hay acervos de patentes que est\u00e1n en Internet, no obstante \u201cexiste el mito de que estos documentos son inaccesibles o est\u00e1n resguardados, pero la realidad es que una patente, desde que se publica, es de uso com\u00fan y est\u00e1 disponible para los interesados, por ello lo que les ense\u00f1amos es rescatar esa informaci\u00f3n para que puedan estructurar sus patentes\u201d.<\/p>\n<p>En el taller tambi\u00e9n aprender\u00e1n a analizar dichos documentos que van obteniendo a lo largo de la b\u00fasqueda, as\u00ed como los que van generando con respecto al desarrollo tecnol\u00f3gico, en particular los protocolos de investigaci\u00f3n y c\u00f3mo resguardarlos, \u201cporque es importante en estos procesos saber qu\u00e9 se puede publicar y c\u00f3mo resguardar ciertos datos importantes para no afectar la patente\u201d.<\/p>\n<p>La finalidad del taller es que los participantes puedan estructurar un documento de patente que despu\u00e9s se va a integrar al proceso completo y dista de los documentos que est\u00e1n habituados a redactar como art\u00edculos y ponencias.<\/p>\n<p>El prop\u00f3sito es que los asistentes tengan un conocimiento m\u00e1s profundo de lo que es la propiedad intelectual y puedan desenvolverse durante todo el proceso de su invenci\u00f3n, as\u00ed como resguardar la informaci\u00f3n necesaria para no afectar el proceso de patente y aprender c\u00f3mo se redacta la patente para poder llevar el proceso con el acompa\u00f1amiento de la OTT.<\/p>\n<p>El taller ser\u00e1 el lunes 23, de 16:00 a 20:00 horas, y el martes 24, de 9:00 a 14:00 horas, el cupo es limitado y los interesados se podr\u00e1n registrar en l\u00ednea y conocer la convocatoria completa en el sitio oficial de la Direcci\u00f3n General de Vinculaci\u00f3n: www.uv.mx\/vinculacion o al correo electr\u00f3nico: pintelectual@uv.mx; tambi\u00e9n en el tel\u00e9fono 8421700 extensi\u00f3n 1136.<\/p>\n<p>La sede ser\u00e1 el Aula 2 de capacitaci\u00f3n de la Direcci\u00f3n de Extensi\u00f3n de Servicios Tecnol\u00f3gicos, entre la Oficial\u00eda Mayor y la Facultad de Biolog\u00eda.<\/p>\n<p>S\u00f3crates Soltero Beltr\u00e1n es el especialista en propiedad industrial que impartir\u00e1 el taller; cuenta con t\u00edtulos en derecho e ingenier\u00eda industrial y form\u00f3 parte del Instituto Mexicano de la Propiedad Industrial (IMPI); ha asesorado e impartido talleres previos a investigadores de la UV para la redacci\u00f3n de patentes.<\/p>\n<p>Los interesados llevar\u00e1n un acompa\u00f1amiento en el proceso t\u00e9cnico para asegurar que el registro que se ingresar\u00e1 y la solicitud de patente ante el IMPI ir\u00e1n dentro del marco de la Ley de Propiedad Industrial y cuidando todas las caracter\u00edsticas t\u00e9cnicas requeridas.<\/p>\n<p>Aburto S\u00e1nchez mencion\u00f3 que un taller de este tipo tiene un costo cercano a los 80 mil pesos y record\u00f3 que ya son seis los talleres impartidos al interior de la Universidad, cada uno con un mayor n\u00famero de participantes y todos ellos con propuestas que inciden directamente en los problemas sociales de la entidad.<\/p>\n<p>\u201cSe tiene la idea de que patentar es muy complicado; no obstante, algunas personas ya han desarrollado una invenci\u00f3n y tienen el conocimiento, lo \u00fanico que necesitan es darle la forma para poderla ingresar como patente y es precisamente lo que se busca con el taller\u201d, dijo el entrevistado.<\/p>\n","protected":false},"excerpt":{"rendered":"<p><strong><em>David Sandoval.-<\/em><\/strong> La Universidad Veracruzana (UV), a trav\u00e9s de la Oficina de Transferencia de Tecnolog\u00eda (OTT), adscrita a la Direcci\u00f3n General de Vinculaci\u00f3n, invita a investigadores, acad\u00e9micos, estudiantes y la comunidad universitaria en general, al taller \u201cB\u00fasqueda tecnol\u00f3gica en bases de datos y redacci\u00f3n de patentes\u201d, que se realizar\u00e1 los d\u00edas lunes 23 y martes 24 de octubre.<\/p>\n","protected":false},"author":1810,"featured_media":33469,"comment_status":"closed","ping_status":"closed","sticky":false,"template":"","format":"standard","meta":{"footnotes":""},"categories":[1],"tags":[2],"class_list":["post-33462","post","type-post","status-publish","format-standard","has-post-thumbnail","hentry","category-general","tag-principal"],"_links":{"self":[{"href":"https:\/\/www.uv.mx\/prensa\/wp-json\/wp\/v2\/posts\/33462","targetHints":{"allow":["GET"]}}],"collection":[{"href":"https:\/\/www.uv.mx\/prensa\/wp-json\/wp\/v2\/posts"}],"about":[{"href":"https:\/\/www.uv.mx\/prensa\/wp-json\/wp\/v2\/types\/post"}],"author":[{"embeddable":true,"href":"https:\/\/www.uv.mx\/prensa\/wp-json\/wp\/v2\/users\/1810"}],"replies":[{"embeddable":true,"href":"https:\/\/www.uv.mx\/prensa\/wp-json\/wp\/v2\/comments?post=33462"}],"version-history":[{"count":0,"href":"https:\/\/www.uv.mx\/prensa\/wp-json\/wp\/v2\/posts\/33462\/revisions"}],"wp:featuredmedia":[{"embeddable":true,"href":"https:\/\/www.uv.mx\/prensa\/wp-json\/wp\/v2\/media\/33469"}],"wp:attachment":[{"href":"https:\/\/www.uv.mx\/prensa\/wp-json\/wp\/v2\/media?parent=33462"}],"wp:term":[{"taxonomy":"category","embeddable":true,"href":"https:\/\/www.uv.mx\/prensa\/wp-json\/wp\/v2\/categories?post=33462"},{"taxonomy":"post_tag","embeddable":true,"href":"https:\/\/www.uv.mx\/prensa\/wp-json\/wp\/v2\/tags?post=33462"}],"curies":[{"name":"wp","href":"https:\/\/api.w.org\/{rel}","templated":true}]}}