{"id":33439,"date":"2017-10-06T13:26:41","date_gmt":"2017-10-06T18:26:41","guid":{"rendered":"https:\/\/www.uv.mx\/prensa\/?p=33439"},"modified":"2017-10-06T13:26:41","modified_gmt":"2017-10-06T18:26:41","slug":"construcciones-en-mexico-deben-adecuarse-a-zonas-sismicas","status":"publish","type":"post","link":"https:\/\/www.uv.mx\/prensa\/general\/construcciones-en-mexico-deben-adecuarse-a-zonas-sismicas\/","title":{"rendered":"Construcciones en M\u00e9xico deben adecuarse a zonas s\u00edsmicas"},"content":{"rendered":"<ul>\n<li><em>Investigadores del Centro de la Ciencias de la Tierra de la UV y personal de Protecci\u00f3n Civil participaron en el programa \u201cReacomodo de la Tierra\u201d, realizado el 3 de octubre en la Facultad de Contadur\u00eda y Administraci\u00f3n<\/em><\/li>\n<li><em>Los expertos explicaron la alta periodicidad de sismos en M\u00e9xico y compartieron las acciones a seguir cuando \u00e9stos ocurren<\/em><\/li>\n<\/ul>\n<p>&nbsp;<\/p>\n<div id=\"attachment_33450\" style=\"width: 732px\" class=\"wp-caption aligncenter\"><a href=\"https:\/\/www.uv.mx\/prensa\/files\/2017\/10\/Reacomodo-de-la-Tierra-061017.jpg\"><img loading=\"lazy\" decoding=\"async\" aria-describedby=\"caption-attachment-33450\" class=\"size-full wp-image-33450\" src=\"https:\/\/www.uv.mx\/prensa\/files\/2017\/10\/Reacomodo-de-la-Tierra-061017.jpg\" alt=\"\" width=\"722\" height=\"482\" srcset=\"https:\/\/www.uv.mx\/prensa\/files\/2017\/10\/Reacomodo-de-la-Tierra-061017.jpg 722w, https:\/\/www.uv.mx\/prensa\/files\/2017\/10\/Reacomodo-de-la-Tierra-061017-300x200.jpg 300w\" sizes=\"auto, (max-width: 722px) 100vw, 722px\" \/><\/a><p id=\"caption-attachment-33450\" class=\"wp-caption-text\">Los expertos pusieron de ejemplo a la Torre Latinoamericana, como construcci\u00f3n eficiente resistente a temblores<\/p><\/div>\n<p>&nbsp;<\/p>\n<p><strong><em>Carlos Hugo Hermida Rosales<\/em><\/strong><\/p>\n<p>&nbsp;<\/p>\n<p><strong><em>06\/10\/2017, Xalapa, Ver.-<\/em><\/strong> Investigadores del Centro de Ciencias de la Tierra (CCT) de la Universidad Veracruzana (UV), junto con personal de Protecci\u00f3n Civil del gobierno del estado de Veracruz mencionaron que las construcciones en M\u00e9xico deben adecuarse a las zonas s\u00edsmicas, al tiempo que explicaron a qu\u00e9 se debe la alta incidencia de sismos en territorio nacional, dentro del programa \u201cReacomodo de la Tierra\u201d, que se realiz\u00f3 el 3 de octubre en el auditorio de la Facultad de Contadur\u00eda y Administraci\u00f3n.<\/p>\n<p>Este programa, que fue presentado por la UV a trav\u00e9s del Observatorio Vulcanol\u00f3gico y Sismol\u00f3gico del CCT y la Direcci\u00f3n General de Comunicaci\u00f3n Universitaria, cont\u00f3 con la participaci\u00f3n de Ignacio Mora Gonz\u00e1lez, Katrin Sieron, Gilbert Francisco Torres Morales y Francisco C\u00f3rdoba Montiel, investigadores del CCT; adem\u00e1s de Flavio Leyva Ruiz, subdirector de Difusi\u00f3n de Autoprotecci\u00f3n de la Secretaria de Protecci\u00f3n Civil de Veracruz. La conducci\u00f3n corri\u00f3 a cargo del periodista Jorge Faibre \u00c1lvarez.<\/p>\n<p>Ignacio Mora explic\u00f3 que los temblores se producen porque la Tierra es un planeta vivo y su corteza flota sobre el manto como si fuera un rompecabezas, lo que ocasiona fricciones entre placas tect\u00f3nicas que son las que originan la mayor parte de los sismos.<\/p>\n<p>El investigador detall\u00f3 que M\u00e9xico est\u00e1 ubicado sobre la interacci\u00f3n de cinco placas: la de Norteam\u00e9rica, de Cocos, de Rivera, del Pac\u00edfico y del Caribe; aunado a esto, se encuentra sobre el Cintur\u00f3n de Fuego \u2013el cual es un conjunto de fronteras de placas tect\u00f3nicas que disipan el 85 por ciento de la energ\u00eda s\u00edsmica del mundo\u2013, lo que lo convierte en uno de los pa\u00edses con mayor actividad s\u00edsmica en el mundo.<\/p>\n<p>Katrin Sieron mencion\u00f3 que el calor interno de la Tierra y el movimiento de las placas tect\u00f3nicas dan origen a los sismos y al vulcanismo; este \u00faltimo siempre tiene que ver con la producci\u00f3n y el ascenso de magma y en ausencia del mismo, no hay erupciones.<\/p>\n<p>Afirm\u00f3 que es dif\u00edcil que un temblor detone una erupci\u00f3n, ya que mientras un terremoto mueve la corteza terrestre, el volc\u00e1n requiere magma disponible para estallar, no tan s\u00f3lo de movimiento.<\/p>\n<p>Francisco C\u00f3rdoba declar\u00f3 que cuando ocurre un temblor se debe tener presente que influir\u00e1n varios factores para que sea percibido en menor o mayor intensidad; enunci\u00f3 que el principal es la fuente s\u00edsmica, pero otro que influye mucho es la geolog\u00eda local.<\/p>\n<p>Por su parte, Flavio Leyva coment\u00f3 que los reglamentos de construcci\u00f3n en M\u00e9xico deben adecuarse a las zonas s\u00edsmicas y no esperar a que ocurra un terremoto de gran intensidad, con los da\u00f1os que conlleva, para ser actualizados.<\/p>\n<p>\u201cLa industria de la construcci\u00f3n en el pa\u00eds debe aprender a construir bien y en lugares adecuados\u201d, manifest\u00f3.<\/p>\n<p>Respecto a las acciones a seguir cuando ocurre un sismo, Leyva enfatiz\u00f3 que no es recomendable evacuar hasta que termine el evento, lo aconsejable es replegarse hacia zonas m\u00e1s seguras, como debajo de muebles robustos o a los cuartos de ba\u00f1o, los cuales son los lugares m\u00e1s aptos de una casa para resguardarse.<\/p>\n<p>\u201cLas familias deben identificar los riesgos a los que est\u00e1n expuestas dentro de sus hogares durante un terremoto, como muebles u objetos que puedan deslizarse o caer y causar heridas.\u201d<\/p>\n<p>A\u00f1adi\u00f3 que cuando el sismo termina se debe proceder a la evacuaci\u00f3n en forma ordenada. En el caso de los inmuebles p\u00fablicos, el desalojo debe realizarse por el lado derecho de las escaleras, para dar espacio a que los equipos de emergencia puedan subir libremente por el lado izquierdo si fuera necesario.<\/p>\n<p>Para concluir, Ignacio Mora destac\u00f3 que M\u00e9xico tiene grandes estructuras y que a nivel nacional se cuenta con los conocimientos necesarios para realizar construcciones seguras, como ejemplo de ello puso a la Torre Latinoamericana, que pese a su gran altura ha soportado terremotos de gran magnitud como los ocurridos en 1957 y 1985.<\/p>\n<p>\u201cLas construcciones en el pa\u00eds requieren de estudios concienzudos, se debe respetar el dise\u00f1o original de la estructura y emplear todos los materiales requeridos para su edificaci\u00f3n, no se debe escatimar con ellos y permitir que los desastres sean directamente proporcionales a la corrupci\u00f3n\u201d, concluy\u00f3.<\/p>\n<p>&nbsp;<\/p>\n","protected":false},"excerpt":{"rendered":"<p><strong><em>Carlos Hugo Hermida.-<\/em><\/strong>Investigadores del Centro de Ciencias de la Tierra (CCT) de la Universidad Veracruzana (UV), junto con personal de Protecci\u00f3n Civil del gobierno del estado de Veracruz mencionaron que las construcciones en M\u00e9xico deben adecuarse a las zonas s\u00edsmicas, al tiempo que explicaron a qu\u00e9 se debe la alta incidencia de sismos en territorio nacional, dentro del programa \u201cReacomodo de la Tierra\u201d, que se realiz\u00f3 el 3 de octubre en el auditorio de la Facultad de Contadur\u00eda y Administraci\u00f3n.<\/p>\n","protected":false},"author":1810,"featured_media":33448,"comment_status":"closed","ping_status":"closed","sticky":false,"template":"","format":"standard","meta":{"footnotes":""},"categories":[1],"tags":[3],"class_list":["post-33439","post","type-post","status-publish","format-standard","has-post-thumbnail","hentry","category-general","tag-secundarias"],"_links":{"self":[{"href":"https:\/\/www.uv.mx\/prensa\/wp-json\/wp\/v2\/posts\/33439","targetHints":{"allow":["GET"]}}],"collection":[{"href":"https:\/\/www.uv.mx\/prensa\/wp-json\/wp\/v2\/posts"}],"about":[{"href":"https:\/\/www.uv.mx\/prensa\/wp-json\/wp\/v2\/types\/post"}],"author":[{"embeddable":true,"href":"https:\/\/www.uv.mx\/prensa\/wp-json\/wp\/v2\/users\/1810"}],"replies":[{"embeddable":true,"href":"https:\/\/www.uv.mx\/prensa\/wp-json\/wp\/v2\/comments?post=33439"}],"version-history":[{"count":0,"href":"https:\/\/www.uv.mx\/prensa\/wp-json\/wp\/v2\/posts\/33439\/revisions"}],"wp:featuredmedia":[{"embeddable":true,"href":"https:\/\/www.uv.mx\/prensa\/wp-json\/wp\/v2\/media\/33448"}],"wp:attachment":[{"href":"https:\/\/www.uv.mx\/prensa\/wp-json\/wp\/v2\/media?parent=33439"}],"wp:term":[{"taxonomy":"category","embeddable":true,"href":"https:\/\/www.uv.mx\/prensa\/wp-json\/wp\/v2\/categories?post=33439"},{"taxonomy":"post_tag","embeddable":true,"href":"https:\/\/www.uv.mx\/prensa\/wp-json\/wp\/v2\/tags?post=33439"}],"curies":[{"name":"wp","href":"https:\/\/api.w.org\/{rel}","templated":true}]}}