{"id":33287,"date":"2017-10-05T13:23:23","date_gmt":"2017-10-05T18:23:23","guid":{"rendered":"https:\/\/www.uv.mx\/prensa\/?p=33287"},"modified":"2017-10-05T13:23:23","modified_gmt":"2017-10-05T18:23:23","slug":"estudiantes-de-musica-ofrecieron-recital-de-percusiones","status":"publish","type":"post","link":"https:\/\/www.uv.mx\/prensa\/cultura\/estudiantes-de-musica-ofrecieron-recital-de-percusiones\/","title":{"rendered":"Estudiantes de M\u00fasica ofrecieron recital de percusiones"},"content":{"rendered":"<ul>\n<li><em>En la Casa del Lago UV, el 29 de septiembre<\/em><\/li>\n<li><em>Los asistentes disfrutaron del talento de los j\u00f3venes int\u00e9rpretes<\/em><\/li>\n<\/ul>\n<p>&nbsp;<\/p>\n<div id=\"attachment_33289\" style=\"width: 732px\" class=\"wp-caption aligncenter\"><a href=\"https:\/\/www.uv.mx\/prensa\/files\/2017\/10\/Recital-de-Percusiones-1-051017.jpg\"><img loading=\"lazy\" decoding=\"async\" aria-describedby=\"caption-attachment-33289\" class=\"size-full wp-image-33289\" src=\"https:\/\/www.uv.mx\/prensa\/files\/2017\/10\/Recital-de-Percusiones-1-051017.jpg\" alt=\"\" width=\"722\" height=\"481\" srcset=\"https:\/\/www.uv.mx\/prensa\/files\/2017\/10\/Recital-de-Percusiones-1-051017.jpg 722w, https:\/\/www.uv.mx\/prensa\/files\/2017\/10\/Recital-de-Percusiones-1-051017-300x200.jpg 300w\" sizes=\"auto, (max-width: 722px) 100vw, 722px\" \/><\/a><p id=\"caption-attachment-33289\" class=\"wp-caption-text\">Berenice Miranda Gonz\u00e1lez interpret\u00f3 Rom\u00e1ntica<\/p><\/div>\n<p>&nbsp;<\/p>\n<p><strong><em>Carlos Hugo Hermida Rosales<\/em><\/strong><\/p>\n<p>&nbsp;<\/p>\n<p><strong><em>05\/10\/2017, Xalapa, Ver.-<\/em><\/strong> Estudiantes de la Facultad de M\u00fasica de la Universidad Veracruzana (UV) ofrecieron el 29 de septiembre en el Centro Cultural Universitario Casa del Lago, un recital\/concierto de percusiones (marimba, bater\u00eda y multipercusi\u00f3n), en el que compartieron con los asistentes sus habilidades y conocimientos.<\/p>\n<p>Berenice Miranda Gonz\u00e1lez, Abdel Ernesto Patraca Gonz\u00e1lez, Jes\u00fas Eduardo Molina Serrano, Mart\u00edn Arturo Santiago Hern\u00e1ndez, Luis \u00c1ngel Hern\u00e1ndez Urcid y Demetrio Hern\u00e1ndez Rend\u00f3n, interpretaron las melod\u00edas <em>Rom\u00e1ntica<\/em>, <em>Restless<\/em>, <em>Virginia Tate<\/em>, <em>C\u00e1ritas<\/em>, <em>Spain<\/em> y <em>Si t\u00fa me dieras tu amor<\/em>, entre otras.<\/p>\n<p>Luis \u00c1ngel Hern\u00e1ndez, quien toc\u00f3 la canci\u00f3n <em>Spain<\/em> de Chick Corea, mencion\u00f3 que esta melod\u00eda se caracteriza por un patr\u00f3n r\u00edtmico obligado que se repite cuatro o cinco veces dentro de ella, con un ritmo r\u00e1pido.<\/p>\n<p>&nbsp;<\/p>\n<div id=\"attachment_33291\" style=\"width: 732px\" class=\"wp-caption aligncenter\"><a href=\"https:\/\/www.uv.mx\/prensa\/files\/2017\/10\/Recital-de-Percusiones-2-051017.jpg\"><img loading=\"lazy\" decoding=\"async\" aria-describedby=\"caption-attachment-33291\" class=\"size-full wp-image-33291\" src=\"https:\/\/www.uv.mx\/prensa\/files\/2017\/10\/Recital-de-Percusiones-2-051017.jpg\" alt=\"\" width=\"722\" height=\"481\" srcset=\"https:\/\/www.uv.mx\/prensa\/files\/2017\/10\/Recital-de-Percusiones-2-051017.jpg 722w, https:\/\/www.uv.mx\/prensa\/files\/2017\/10\/Recital-de-Percusiones-2-051017-300x200.jpg 300w\" sizes=\"auto, (max-width: 722px) 100vw, 722px\" \/><\/a><p id=\"caption-attachment-33291\" class=\"wp-caption-text\">Los j\u00f3venes estudiantes tuvieron la oportunidad de presentar sus proyectos al p\u00fablico asistente<\/p><\/div>\n<p>&nbsp;<\/p>\n<p>Coment\u00f3 que para interpretarla requiri\u00f3 de varios ensayos pues aunque no es tan dif\u00edcil hacerlo, es una canci\u00f3n de un nivel alto que requiere gran concentraci\u00f3n.<\/p>\n<p>Diego Antonio Olvera Cerecedo, estudiante del Centro de Estudios de Jazz de la UV y quien particip\u00f3 en el recital como m\u00fasico invitado, expres\u00f3 que la Universidad deber\u00eda organizar m\u00e1s eventos de este tipo, ya que son de gran utilidad para los alumnos.<\/p>\n<p>\u201cLos recitales o conciertos nos sirven para adquirir experiencia, ya que tocamos ante gente que no conocemos, podemos mostrar nuestros proyectos y composiciones, as\u00ed como el progreso en nuestra formaci\u00f3n musical\u201d, manifest\u00f3.<\/p>\n<p>La pieza <em>Rom\u00e1ntica<\/em> de Emmanuel Sejourn\u00e9, fue tocada por Berenice Miranda, quien explic\u00f3 que esta melod\u00eda tiene muchos corales y notas que le brindan la armon\u00eda hermosa que la caracteriza.<\/p>\n<p>La joven relat\u00f3 que es la primera vez que interpreta una canci\u00f3n en un auditorio externo a su Facultad, hecho que le dio un poco de nervios durante su presentaci\u00f3n.<\/p>\n<p>\u201cTocar una canci\u00f3n frente a personas desconocidas es una experiencia muy bonita, tuve muchos nervios, pero represent\u00f3 para m\u00ed algo muy especial\u201d, declar\u00f3.<\/p>\n<p>Miguel \u00c1ngel Colorado Romero, estudiante de la Facultad de M\u00fasica y autor de la canci\u00f3n <em>Si me dieras tu amor<\/em>, comparti\u00f3 que esta pieza surgi\u00f3 de la experiencia educativa Arreglos de Jazz para Orquesta; est\u00e1 dise\u00f1ada para ser tocada por artistas del g\u00e9nero musical de la salsa, aunque en esta ocasi\u00f3n fue interpretada por piano, bater\u00eda, bajo y guitarra el\u00e9ctrica.<\/p>\n<p>\u201cPara crear esta canci\u00f3n me inspir\u00e9 en una chica que me agrada mucho, por lo cual para m\u00ed fue grandioso haberla presentado en este recital\u201d, asegur\u00f3.<\/p>\n","protected":false},"excerpt":{"rendered":"<p><strong><em>Carlos Hugo Hermida.-<\/em><\/strong>Estudiantes de la Facultad de M\u00fasica de la Universidad Veracruzana (UV) ofrecieron el 29 de septiembre en el Centro Cultural Universitario Casa del Lago, un recital\/concierto de percusiones (marimba, bater\u00eda y multipercusi\u00f3n), en el que compartieron con los asistentes sus habilidades y conocimientos.<\/p>\n","protected":false},"author":1810,"featured_media":33292,"comment_status":"closed","ping_status":"closed","sticky":false,"template":"","format":"standard","meta":{"footnotes":""},"categories":[11],"tags":[15],"class_list":["post-33287","post","type-post","status-publish","format-standard","has-post-thumbnail","hentry","category-cultura","tag-cultura-2"],"_links":{"self":[{"href":"https:\/\/www.uv.mx\/prensa\/wp-json\/wp\/v2\/posts\/33287","targetHints":{"allow":["GET"]}}],"collection":[{"href":"https:\/\/www.uv.mx\/prensa\/wp-json\/wp\/v2\/posts"}],"about":[{"href":"https:\/\/www.uv.mx\/prensa\/wp-json\/wp\/v2\/types\/post"}],"author":[{"embeddable":true,"href":"https:\/\/www.uv.mx\/prensa\/wp-json\/wp\/v2\/users\/1810"}],"replies":[{"embeddable":true,"href":"https:\/\/www.uv.mx\/prensa\/wp-json\/wp\/v2\/comments?post=33287"}],"version-history":[{"count":0,"href":"https:\/\/www.uv.mx\/prensa\/wp-json\/wp\/v2\/posts\/33287\/revisions"}],"wp:featuredmedia":[{"embeddable":true,"href":"https:\/\/www.uv.mx\/prensa\/wp-json\/wp\/v2\/media\/33292"}],"wp:attachment":[{"href":"https:\/\/www.uv.mx\/prensa\/wp-json\/wp\/v2\/media?parent=33287"}],"wp:term":[{"taxonomy":"category","embeddable":true,"href":"https:\/\/www.uv.mx\/prensa\/wp-json\/wp\/v2\/categories?post=33287"},{"taxonomy":"post_tag","embeddable":true,"href":"https:\/\/www.uv.mx\/prensa\/wp-json\/wp\/v2\/tags?post=33287"}],"curies":[{"name":"wp","href":"https:\/\/api.w.org\/{rel}","templated":true}]}}