{"id":33014,"date":"2017-09-29T14:10:58","date_gmt":"2017-09-29T19:10:58","guid":{"rendered":"https:\/\/www.uv.mx\/prensa\/?p=33014"},"modified":"2017-09-29T14:59:45","modified_gmt":"2017-09-29T19:59:45","slug":"max-alberga-muestra-sobre-pensamiento-de-juan-jose-diaz-infante","status":"publish","type":"post","link":"https:\/\/www.uv.mx\/prensa\/cultura\/max-alberga-muestra-sobre-pensamiento-de-juan-jose-diaz-infante\/","title":{"rendered":"MAX alberga muestra sobre pensamiento de Juan Jos\u00e9 D\u00edaz Infante"},"content":{"rendered":"<ul>\n<li><i><em>Est\u00e1 integrada por alrededor de 100 l\u00e1minas, fotograf\u00edas, maquetas, cat\u00e1logo y audiovisual<\/em><\/i><\/li>\n<li><em>Permanecer\u00e1 hasta el 22 de octubre en la Sala de Exposiciones Temporales<\/em><\/li>\n<\/ul>\n<p>&nbsp;<\/p>\n<div id=\"attachment_33028\" style=\"width: 732px\" class=\"wp-caption aligncenter\"><a href=\"https:\/\/www.uv.mx\/prensa\/files\/2017\/09\/290917.-Las-pieles-del-espacio-1-OK.jpg\"><img aria-describedby=\"caption-attachment-33028\" decoding=\"async\" loading=\"lazy\" class=\"size-full wp-image-33028\" src=\"https:\/\/www.uv.mx\/prensa\/files\/2017\/09\/290917.-Las-pieles-del-espacio-1-OK.jpg\" alt=\"\" width=\"722\" height=\"482\" srcset=\"https:\/\/www.uv.mx\/prensa\/files\/2017\/09\/290917.-Las-pieles-del-espacio-1-OK.jpg 722w, https:\/\/www.uv.mx\/prensa\/files\/2017\/09\/290917.-Las-pieles-del-espacio-1-OK-300x200.jpg 300w\" sizes=\"(max-width: 722px) 100vw, 722px\" \/><\/a><p id=\"caption-attachment-33028\" class=\"wp-caption-text\">Juan Jos\u00e9 D\u00edaz ofreci\u00f3 un recorrido y explicaci\u00f3n de la exposici\u00f3n dedicada al trabajo arquitect\u00f3nico de su padre<\/p><\/div>\n<p>&nbsp;<\/p>\n<p><strong><em>Paola Cort\u00e9s P\u00e9rez<\/em><\/strong><\/p>\n<p>&nbsp;<\/p>\n<p><strong><em>29\/09\/2017, Xalapa, Ver.-<\/em><\/strong> La muestra <em>Las pieles del espacio, <\/em>que permanecer\u00e1 hasta el 22 de octubre en la Sala de Exposiciones Temporales del Museo de Antropolog\u00eda de Xalapa (MAX), refleja el pensamiento y postura del arquitecto Juan Jos\u00e9 D\u00edaz Infante N\u00fa\u00f1ez, expres\u00f3 su hijo Juan Jos\u00e9 D\u00edaz.<\/p>\n<p>La exposici\u00f3n consta de 100 l\u00e1minas en las que se observa una selecci\u00f3n de edificios, as\u00ed como fotograf\u00edas, maquetas, un cat\u00e1logo y audiovisual, que permiten a los visitantes tener un acercamiento al trabajo arquitect\u00f3nico y art\u00edstico del autor.<\/p>\n<p>En la inauguraci\u00f3n de la exhibici\u00f3n, que permanecer\u00e1 hasta el 22 de octubre, participaron la rectora de la Universidad Veracruzana (UV), Sara Ladr\u00f3n de Guevara, Maura Ord\u00f3\u00f1ez Valenzuela, directora del MAX; Gustavo Olivares Morales, director de la Galer\u00eda Universitaria \u201cRam\u00f3n Alva de la Canal\u201d, y p\u00fablico en general.<\/p>\n<p>&nbsp;<\/p>\n<div id=\"attachment_33029\" style=\"width: 732px\" class=\"wp-caption aligncenter\"><a href=\"https:\/\/www.uv.mx\/prensa\/files\/2017\/09\/290917.-Las-pieles-del-espacio-2-OK.jpg\"><img aria-describedby=\"caption-attachment-33029\" decoding=\"async\" loading=\"lazy\" class=\"size-full wp-image-33029\" src=\"https:\/\/www.uv.mx\/prensa\/files\/2017\/09\/290917.-Las-pieles-del-espacio-2-OK.jpg\" alt=\"\" width=\"722\" height=\"482\" srcset=\"https:\/\/www.uv.mx\/prensa\/files\/2017\/09\/290917.-Las-pieles-del-espacio-2-OK.jpg 722w, https:\/\/www.uv.mx\/prensa\/files\/2017\/09\/290917.-Las-pieles-del-espacio-2-OK-300x200.jpg 300w\" sizes=\"(max-width: 722px) 100vw, 722px\" \/><\/a><p id=\"caption-attachment-33029\" class=\"wp-caption-text\">Se exhibe una maqueta de la casa de pl\u00e1stico, que est\u00e1 en el Museo de Arte Moderno de la Ciudad de M\u00e9xico<\/p><\/div>\n<p>&nbsp;<\/p>\n<p>Juan Jos\u00e9 D\u00edaz hijo detall\u00f3 que se muestran ejemplos sobre la arquitectura, as\u00ed como de su postura como artista e inventor. \u201cHablar de \u00e9l, es hablar del dise\u00f1o industrial, eficiencia, c\u00e1lculo de nuevas estructuras, sistemas de viviendas, l\u00edmites industriales, velocidad de construcci\u00f3n, movimiento de gente, eficiencia y futuro\u201d, expres\u00f3.<\/p>\n<p>Asimismo, ofreci\u00f3 un recorrido y explicaci\u00f3n sobre la exposici\u00f3n, donde dijo que la carrera de su padre empez\u00f3 como dise\u00f1ador industrial en la empresa DM Nacional; \u00e9l dise\u00f1\u00f3 la l\u00ednea H de escritorios, al mismo tiempo desarroll\u00f3 conceptos de casas habitaci\u00f3n, conceptos modulares, nuevos materiales y sistemas de prefabricaci\u00f3n.<\/p>\n<p>\u201cSu tesis b\u00e1sica era establecer la l\u00f3gica del uso de pl\u00e1sticos como el material de construcci\u00f3n en M\u00e9xico, al ser un pa\u00eds rico en petr\u00f3leo pens\u00f3 que se desarrollar\u00eda una industria petroqu\u00edmica y, por ende, se tendr\u00eda el material del futuro. La idea era aprovechar en todos los sentidos la riqueza de M\u00e9xico para resolver los temas de la habitaci\u00f3n.\u201d<\/p>\n<p>&nbsp;<\/p>\n<div id=\"attachment_33026\" style=\"width: 732px\" class=\"wp-caption aligncenter\"><a href=\"https:\/\/www.uv.mx\/prensa\/files\/2017\/09\/220917.-Las-pieles-del-espacio-3-OK.jpg\"><img aria-describedby=\"caption-attachment-33026\" decoding=\"async\" loading=\"lazy\" class=\"size-full wp-image-33026\" src=\"https:\/\/www.uv.mx\/prensa\/files\/2017\/09\/220917.-Las-pieles-del-espacio-3-OK.jpg\" alt=\"\" width=\"722\" height=\"482\" srcset=\"https:\/\/www.uv.mx\/prensa\/files\/2017\/09\/220917.-Las-pieles-del-espacio-3-OK.jpg 722w, https:\/\/www.uv.mx\/prensa\/files\/2017\/09\/220917.-Las-pieles-del-espacio-3-OK-300x200.jpg 300w\" sizes=\"(max-width: 722px) 100vw, 722px\" \/><\/a><p id=\"caption-attachment-33026\" class=\"wp-caption-text\">Se muestran l\u00e1minas y fotograf\u00edas de los edificios que construy\u00f3 el arquitecto D\u00edaz Infante<\/p><\/div>\n<p>&nbsp;<\/p>\n<p>Entre los edificios mostrados a trav\u00e9s de fotograf\u00edas est\u00e1n, la Torre Citibank, hoy Banamex; la Terminal de Autobuses de Pasajeros de Oriente (TAPO); el Club Pumas, el cual fue construido en una mina de asfalto y ahora es considerada una reserva ecol\u00f3gica, al contar con dos lagos y garzas; una muestra a escala de la famosa Casa de Pl\u00e1stico, misma que fue construida por dise\u00f1adores industriales, entre otras.<\/p>\n<p>La exposici\u00f3n cierra con la emblem\u00e1tica \u201cKalikosmia\u201d (<em>kali<\/em>, de la ra\u00edz n\u00e1huatl que significa casa, y <em>cosmos<\/em>, universo), un tipo de casa que \u00e9l invent\u00f3, la cual le permiti\u00f3 generar patentes y experimentar con materiales prefabricados, con dise\u00f1os y procesos industriales.<\/p>\n<p>\u201cDise\u00f1\u00f3 casas habitaci\u00f3n hechas de materiales derivados del pl\u00e1stico, como la fibra de vidrio, hasta llegar a su casa de rotomoldeo, una vivienda que se pod\u00eda construir con yodo en una hora, incluidos los muebles\u201d, destac\u00f3.<\/p>\n<p>&nbsp;<\/p>\n<div id=\"attachment_33030\" style=\"width: 732px\" class=\"wp-caption aligncenter\"><a href=\"https:\/\/www.uv.mx\/prensa\/files\/2017\/09\/290917.-Las-pieles-del-espacio-4-OK.jpg\"><img aria-describedby=\"caption-attachment-33030\" decoding=\"async\" loading=\"lazy\" class=\"size-full wp-image-33030\" src=\"https:\/\/www.uv.mx\/prensa\/files\/2017\/09\/290917.-Las-pieles-del-espacio-4-OK.jpg\" alt=\"\" width=\"722\" height=\"482\" srcset=\"https:\/\/www.uv.mx\/prensa\/files\/2017\/09\/290917.-Las-pieles-del-espacio-4-OK.jpg 722w, https:\/\/www.uv.mx\/prensa\/files\/2017\/09\/290917.-Las-pieles-del-espacio-4-OK-300x200.jpg 300w\" sizes=\"(max-width: 722px) 100vw, 722px\" \/><\/a><p id=\"caption-attachment-33030\" class=\"wp-caption-text\">: La exhibici\u00f3n estar\u00e1 abierta al p\u00fablico hasta el 22 de octubre<\/p><\/div>\n<p>&nbsp;<\/p>\n<p>Al referirse al sismo ocurrido el pasado 19 de septiembre, coment\u00f3 que es momento de ser inteligentes y saber que si se construye sobre una zona s\u00edsmica, los arquitectos deben ser muy serios con su profesi\u00f3n.<\/p>\n<p>\u201cQuiero tomar este momento como un acto de reflexi\u00f3n y convicci\u00f3n; no podemos escoger un terreno en medio de un lago y pensar que tomamos una decisi\u00f3n correcta, si estamos construyendo torpemente arriba de un lago.\u201d<\/p>\n<p>Finalmente, comparti\u00f3 que la exhibici\u00f3n es resultado de un trabajo de investigaci\u00f3n realizado durante tres a\u00f1os, para elaborar una antolog\u00eda sobre el trabajo de su padre, que el p\u00fablico podr\u00e1 apreciar hasta el 22 de octubre en la Sala de Exposiciones Temporales del MAX.<\/p>\n","protected":false},"excerpt":{"rendered":"<p><strong><em> Paola Cort\u00e9s P\u00e9rez.-<\/em><\/strong> La muestra Las pieles del espacio, que permanecer\u00e1 hasta el 22 de octubre en la Sala de Exposiciones Temporales del Museo de Antropolog\u00eda de Xalapa (MAX), refleja el pensamiento y postura del arquitecto Juan Jos\u00e9 D\u00edaz Infante N\u00fa\u00f1ez, expres\u00f3 su hijo Juan Jos\u00e9 D\u00edaz.<\/p>\n","protected":false},"author":1809,"featured_media":33043,"comment_status":"closed","ping_status":"closed","sticky":false,"template":"","format":"standard","meta":[],"categories":[11],"tags":[15],"_links":{"self":[{"href":"https:\/\/www.uv.mx\/prensa\/wp-json\/wp\/v2\/posts\/33014"}],"collection":[{"href":"https:\/\/www.uv.mx\/prensa\/wp-json\/wp\/v2\/posts"}],"about":[{"href":"https:\/\/www.uv.mx\/prensa\/wp-json\/wp\/v2\/types\/post"}],"author":[{"embeddable":true,"href":"https:\/\/www.uv.mx\/prensa\/wp-json\/wp\/v2\/users\/1809"}],"replies":[{"embeddable":true,"href":"https:\/\/www.uv.mx\/prensa\/wp-json\/wp\/v2\/comments?post=33014"}],"version-history":[{"count":0,"href":"https:\/\/www.uv.mx\/prensa\/wp-json\/wp\/v2\/posts\/33014\/revisions"}],"wp:featuredmedia":[{"embeddable":true,"href":"https:\/\/www.uv.mx\/prensa\/wp-json\/wp\/v2\/media\/33043"}],"wp:attachment":[{"href":"https:\/\/www.uv.mx\/prensa\/wp-json\/wp\/v2\/media?parent=33014"}],"wp:term":[{"taxonomy":"category","embeddable":true,"href":"https:\/\/www.uv.mx\/prensa\/wp-json\/wp\/v2\/categories?post=33014"},{"taxonomy":"post_tag","embeddable":true,"href":"https:\/\/www.uv.mx\/prensa\/wp-json\/wp\/v2\/tags?post=33014"}],"curies":[{"name":"wp","href":"https:\/\/api.w.org\/{rel}","templated":true}]}}