{"id":32655,"date":"2017-09-25T11:36:02","date_gmt":"2017-09-25T16:36:02","guid":{"rendered":"https:\/\/www.uv.mx\/prensa\/?p=32655"},"modified":"2017-09-25T11:36:02","modified_gmt":"2017-09-25T16:36:02","slug":"centro-de-idiomas-cordoba-ofrece-formacion-de-calidad","status":"publish","type":"post","link":"https:\/\/www.uv.mx\/prensa\/regiones\/centro-de-idiomas-cordoba-ofrece-formacion-de-calidad\/","title":{"rendered":"Centro de Idiomas C\u00f3rdoba  ofrece formaci\u00f3n de calidad"},"content":{"rendered":"<ul>\n<li><em>Su Coordinadora rindi\u00f3 Informe de Labores 2016-2017<\/em><\/li>\n<li><em>Mario Oliva, titular de la DGRI, destac\u00f3 la labor de estos centros, que fungen como puente para establecer v\u00ednculos con otras instituciones<\/em><\/li>\n<\/ul>\n<p><strong><em>\u00a0<\/em><\/strong><\/p>\n<div id=\"attachment_32660\" style=\"width: 732px\" class=\"wp-caption aligncenter\"><a href=\"https:\/\/www.uv.mx\/prensa\/files\/2017\/09\/Informe-centro-de-idiomas-2-250917.jpg\"><img loading=\"lazy\" decoding=\"async\" aria-describedby=\"caption-attachment-32660\" class=\"size-full wp-image-32660\" src=\"https:\/\/www.uv.mx\/prensa\/files\/2017\/09\/Informe-centro-de-idiomas-2-250917.jpg\" alt=\"\" width=\"722\" height=\"406\" srcset=\"https:\/\/www.uv.mx\/prensa\/files\/2017\/09\/Informe-centro-de-idiomas-2-250917.jpg 722w, https:\/\/www.uv.mx\/prensa\/files\/2017\/09\/Informe-centro-de-idiomas-2-250917-300x169.jpg 300w\" sizes=\"auto, (max-width: 722px) 100vw, 722px\" \/><\/a><p id=\"caption-attachment-32660\" class=\"wp-caption-text\">El evento se realiz\u00f3 en el patio central del Centro de Idiomas C\u00f3rdoba<\/p><\/div>\n<p>&nbsp;<\/p>\n<p><strong><em>Francisco Javier Chain Revuelta<\/em><\/strong><\/p>\n<p>&nbsp;<\/p>\n<p><strong><em>25\/09\/2017, C\u00f3rdoba, Ver.-<\/em><\/strong> M\u00f3nica Boza Azani, coordinadora del Centro de Idiomas de la Universidad Veracruzana (UV) en C\u00f3rdoba, rindi\u00f3 su Informe de Labores correspondiente al periodo 2016-2017, durante el cual destac\u00f3 que la misi\u00f3n de esta entidad acad\u00e9mica es proporcionar un servicio de calidad en la ense\u00f1anza y aprendizaje de lenguas extranjeras.<\/p>\n<p>La acad\u00e9mica expres\u00f3 que las modalidades de aprendizaje que ofrece este Centro responden a las necesidades de la comunidad universitaria y de la sociedad en general, en un ambiente de compromiso, honestidad, respeto y armon\u00eda, contribuyendo as\u00ed a la formaci\u00f3n de las personas en los \u00e1mbitos acad\u00e9mico, profesional y cultural.<\/p>\n<p>Asimismo, asegur\u00f3 que en este espacio universitario se privilegia la iniciativa, la autonom\u00eda, la internacionalizaci\u00f3n acad\u00e9mica y estudiantil, la innovaci\u00f3n, el liderazgo y la productividad acad\u00e9mica.<\/p>\n<p>Beatriz Rodr\u00edguez Villafuerte, vicerrectora de la regi\u00f3n Orizaba-C\u00f3rdoba; Luz del Carmen Rivas Morales, directora general de los Centros de Idiomas, y Mario Oliva Su\u00e1rez, titular de la Direcci\u00f3n General de Relaciones Internacionales (DGRI), respondieron al informe de M\u00f3nica Boza.<\/p>\n<p>La Vicerrectora resalt\u00f3 la importancia de la rendici\u00f3n de cuentas a trav\u00e9s de las cifras e indicadores, pero pidi\u00f3 ver todo aquello que hay que detr\u00e1s, que es la aportaci\u00f3n y el servicio intangible que brindan los Centros de Idiomas a la comunidad universitaria y a la sociedad en general.<\/p>\n<p>Por su parte, Luz del Carmen Rivas record\u00f3 la responsabilidad de promover, difundir y coordinar el aprendizaje de lenguas extranjeras, bajo las diferentes modalidades que promueve la UV, as\u00ed como brindar el aprendizaje tambi\u00e9n a la sociedad en general.<\/p>\n<p>En tanto, Mario Oliva destac\u00f3 el enorme papel que juegan los Centros de Idiomas en la relaci\u00f3n de esta casa de estudio con las universidades e instituciones extranjeras con las que la UV sostiene convenios.<\/p>\n<p>Dijo tambi\u00e9n que los Centros de Idiomas son puentes para la certificaci\u00f3n internacional de los programas de estudios que ofrece la Universidad a la sociedad.<\/p>\n<p>El evento tuvo lugar en el patio principal del Centro de Idiomas y fue presidido por las autoridades universitarias de la regi\u00f3n, tales como Jos\u00e9 Eduardo Mart\u00ednez Canales, secretario Acad\u00e9mico, y Lizbeth M. Viveros Cancino, secretaria de Administraci\u00f3n y Finanzas.<\/p>\n<p>&nbsp;<\/p>\n","protected":false},"excerpt":{"rendered":"<p><strong><em>Francisco Javier Chain.-<\/em><\/strong>M\u00f3nica Boza Azani, coordinadora del Centro de Idiomas de la Universidad Veracruzana (UV) en C\u00f3rdoba, rindi\u00f3 su Informe de Labores correspondiente al periodo 2016-2017, durante el cual destac\u00f3 que la misi\u00f3n de esta entidad acad\u00e9mica es proporcionar un servicio de calidad en la ense\u00f1anza y aprendizaje de lenguas extranjeras.<\/p>\n","protected":false},"author":1810,"featured_media":32661,"comment_status":"closed","ping_status":"closed","sticky":false,"template":"","format":"standard","meta":{"footnotes":""},"categories":[32],"tags":[33],"class_list":["post-32655","post","type-post","status-publish","format-standard","has-post-thumbnail","hentry","category-regiones","tag-regiones"],"_links":{"self":[{"href":"https:\/\/www.uv.mx\/prensa\/wp-json\/wp\/v2\/posts\/32655","targetHints":{"allow":["GET"]}}],"collection":[{"href":"https:\/\/www.uv.mx\/prensa\/wp-json\/wp\/v2\/posts"}],"about":[{"href":"https:\/\/www.uv.mx\/prensa\/wp-json\/wp\/v2\/types\/post"}],"author":[{"embeddable":true,"href":"https:\/\/www.uv.mx\/prensa\/wp-json\/wp\/v2\/users\/1810"}],"replies":[{"embeddable":true,"href":"https:\/\/www.uv.mx\/prensa\/wp-json\/wp\/v2\/comments?post=32655"}],"version-history":[{"count":0,"href":"https:\/\/www.uv.mx\/prensa\/wp-json\/wp\/v2\/posts\/32655\/revisions"}],"wp:featuredmedia":[{"embeddable":true,"href":"https:\/\/www.uv.mx\/prensa\/wp-json\/wp\/v2\/media\/32661"}],"wp:attachment":[{"href":"https:\/\/www.uv.mx\/prensa\/wp-json\/wp\/v2\/media?parent=32655"}],"wp:term":[{"taxonomy":"category","embeddable":true,"href":"https:\/\/www.uv.mx\/prensa\/wp-json\/wp\/v2\/categories?post=32655"},{"taxonomy":"post_tag","embeddable":true,"href":"https:\/\/www.uv.mx\/prensa\/wp-json\/wp\/v2\/tags?post=32655"}],"curies":[{"name":"wp","href":"https:\/\/api.w.org\/{rel}","templated":true}]}}