{"id":32384,"date":"2017-09-19T12:55:11","date_gmt":"2017-09-19T17:55:11","guid":{"rendered":"https:\/\/www.uv.mx\/prensa\/?p=32384"},"modified":"2017-09-19T12:57:41","modified_gmt":"2017-09-19T17:57:41","slug":"las-expresiones-artisticas-pueden-despertar-la-conciencia-social","status":"publish","type":"post","link":"https:\/\/www.uv.mx\/prensa\/cultura\/las-expresiones-artisticas-pueden-despertar-la-conciencia-social\/","title":{"rendered":"Las expresiones art\u00edsticas pueden despertar la conciencia social"},"content":{"rendered":"<ul>\n<li><em>H\u00e9ctor Rodr\u00edguez, egresado de la Licenciatura en Fotograf\u00eda de la UV, present\u00f3 el cortometraje <\/em>Masiosare<em> en la Facultad de Psicolog\u00eda<\/em><\/li>\n<li><em>El filme refleja aspectos del conformismo mexicano, as\u00ed como la corrupci\u00f3n y el crimen organizado<\/em><\/li>\n<\/ul>\n<p>&nbsp;<\/p>\n<div id=\"attachment_32386\" style=\"width: 732px\" class=\"wp-caption aligncenter\"><a href=\"https:\/\/www.uv.mx\/prensa\/files\/2017\/09\/Masiosare-1-190917.jpg\"><img loading=\"lazy\" decoding=\"async\" aria-describedby=\"caption-attachment-32386\" class=\"size-full wp-image-32386\" src=\"https:\/\/www.uv.mx\/prensa\/files\/2017\/09\/Masiosare-1-190917.jpg\" alt=\"\" width=\"722\" height=\"481\" srcset=\"https:\/\/www.uv.mx\/prensa\/files\/2017\/09\/Masiosare-1-190917.jpg 722w, https:\/\/www.uv.mx\/prensa\/files\/2017\/09\/Masiosare-1-190917-300x200.jpg 300w\" sizes=\"auto, (max-width: 722px) 100vw, 722px\" \/><\/a><p id=\"caption-attachment-32386\" class=\"wp-caption-text\">En la realizaci\u00f3n del cortometraje participaron m\u00e1s de 70 personas de diversas disciplinas como Danza y Teatro<\/p><\/div>\n<p>&nbsp;<\/p>\n<p><strong><em>Carlos Hugo Hermida Rosales<\/em><\/strong><\/p>\n<p>&nbsp;<\/p>\n<p><strong><em>Xalapa, Ver., 19\/09\/2017.-<\/em><\/strong> H\u00e9ctor Rodr\u00edguez Vargas, egresado de la Licenciatura en Fotograf\u00eda de la Universidad Veracruzana (UV), declar\u00f3 que las expresiones art\u00edsticas y producciones audiovisuales son herramientas \u00fatiles para despertar la conciencia social, al presentar el cortometraje <em>Masiosare<\/em>, el 13 de septiembre en la Facultad de Psicolog\u00eda.<\/p>\n<p>El joven director explic\u00f3 que este cortometraje \u2013el cual fue su proyecto de titulaci\u00f3n de la licenciatura\u2013 es un trabajo multidisciplinario en el que colaboraron m\u00e1s de 70 personas, entre ellas estudiantes y egresados de las facultades de Danza, Artes Pl\u00e1sticas y M\u00fasica.<\/p>\n<p>Relat\u00f3 que el gui\u00f3n gira en torno a tres ejes principales: el crimen organizado, la corrupci\u00f3n y el conformismo del mexicano.<\/p>\n<p>\u201cEl cortometraje que tiene una duraci\u00f3n de 27 minutos, utiliza s\u00edmbolos como la Virgen de Guadalupe, y tiene como personajes a narcomenudistas y pol\u00edticos corruptos; se encuentra entre la ficci\u00f3n realista y la abstracta\u201d, mencion\u00f3.<\/p>\n<p>H\u00e9ctor Rodr\u00edguez expres\u00f3 que el filme es bastante fuerte por las im\u00e1genes y el lenguaje que maneja, la intenci\u00f3n de ello es hacer ruido en el p\u00fablico para que reflexione sobre las situaciones negativas por las que atraviesa el pa\u00eds actualmente.<\/p>\n<p>&nbsp;<\/p>\n<div id=\"attachment_32387\" style=\"width: 732px\" class=\"wp-caption aligncenter\"><a href=\"https:\/\/www.uv.mx\/prensa\/files\/2017\/09\/Masiosare-2-190917.jpg\"><img loading=\"lazy\" decoding=\"async\" aria-describedby=\"caption-attachment-32387\" class=\"size-full wp-image-32387\" src=\"https:\/\/www.uv.mx\/prensa\/files\/2017\/09\/Masiosare-2-190917.jpg\" alt=\"\" width=\"722\" height=\"481\" srcset=\"https:\/\/www.uv.mx\/prensa\/files\/2017\/09\/Masiosare-2-190917.jpg 722w, https:\/\/www.uv.mx\/prensa\/files\/2017\/09\/Masiosare-2-190917-300x200.jpg 300w\" sizes=\"auto, (max-width: 722px) 100vw, 722px\" \/><\/a><p id=\"caption-attachment-32387\" class=\"wp-caption-text\">H\u00e9ctor Rodr\u00edguez Vargas<\/p><\/div>\n<p>&nbsp;<\/p>\n<p>Manifest\u00f3 que para que una producci\u00f3n audiovisual deje huella en el espectador, el creador debe ser una persona sensible y percatarse de aquello que sucede en el entorno para plasmarlo de forma correcta.<\/p>\n<p>\u201cEn este cortometraje di pauta para que el espectador perciba la violencia que impera en la cotidianidad del pa\u00eds y que muchas veces se pasa por alto.\u201d<\/p>\n<p>Comparti\u00f3 que el filme fue finalista del Festival Internacional de la Imagen (FINI) 2017, y que espera mandar su producci\u00f3n a otros cert\u00e1menes para despu\u00e9s subirlo a Internet y as\u00ed permitir que todo el p\u00fablico pueda verlo.<\/p>\n<p>H\u00e9ctor Rodr\u00edguez afirm\u00f3 que su formaci\u00f3n dentro de la UV fue fundamental para realizar este proyecto audiovisual y coment\u00f3 que no s\u00f3lo se enfoc\u00f3 en cursar las asignaturas del plan de estudios de su carrera, tambi\u00e9n tom\u00f3 materias de las licenciaturas en Artes Visuales y en Teatro, hecho que le brind\u00f3 una formaci\u00f3n integral.<\/p>\n","protected":false},"excerpt":{"rendered":"<p><strong><em>Carlos Hugo Hermida .-<\/em><\/strong>H\u00e9ctor Rodr\u00edguez Vargas, egresado de la Licenciatura en Fotograf\u00eda de la Universidad Veracruzana (UV), declar\u00f3 que las expresiones art\u00edsticas y producciones audiovisuales son herramientas \u00fatiles para despertar la conciencia social, al presentar el cortometraje Masiosare, el 13 de septiembre en la Facultad de Psicolog\u00eda.<\/p>\n","protected":false},"author":1810,"featured_media":32388,"comment_status":"closed","ping_status":"closed","sticky":false,"template":"","format":"standard","meta":{"footnotes":""},"categories":[11],"tags":[15],"class_list":["post-32384","post","type-post","status-publish","format-standard","has-post-thumbnail","hentry","category-cultura","tag-cultura-2"],"_links":{"self":[{"href":"https:\/\/www.uv.mx\/prensa\/wp-json\/wp\/v2\/posts\/32384","targetHints":{"allow":["GET"]}}],"collection":[{"href":"https:\/\/www.uv.mx\/prensa\/wp-json\/wp\/v2\/posts"}],"about":[{"href":"https:\/\/www.uv.mx\/prensa\/wp-json\/wp\/v2\/types\/post"}],"author":[{"embeddable":true,"href":"https:\/\/www.uv.mx\/prensa\/wp-json\/wp\/v2\/users\/1810"}],"replies":[{"embeddable":true,"href":"https:\/\/www.uv.mx\/prensa\/wp-json\/wp\/v2\/comments?post=32384"}],"version-history":[{"count":0,"href":"https:\/\/www.uv.mx\/prensa\/wp-json\/wp\/v2\/posts\/32384\/revisions"}],"wp:featuredmedia":[{"embeddable":true,"href":"https:\/\/www.uv.mx\/prensa\/wp-json\/wp\/v2\/media\/32388"}],"wp:attachment":[{"href":"https:\/\/www.uv.mx\/prensa\/wp-json\/wp\/v2\/media?parent=32384"}],"wp:term":[{"taxonomy":"category","embeddable":true,"href":"https:\/\/www.uv.mx\/prensa\/wp-json\/wp\/v2\/categories?post=32384"},{"taxonomy":"post_tag","embeddable":true,"href":"https:\/\/www.uv.mx\/prensa\/wp-json\/wp\/v2\/tags?post=32384"}],"curies":[{"name":"wp","href":"https:\/\/api.w.org\/{rel}","templated":true}]}}