{"id":32350,"date":"2017-09-18T15:24:13","date_gmt":"2017-09-18T20:24:13","guid":{"rendered":"https:\/\/www.uv.mx\/prensa\/?p=32350"},"modified":"2017-09-18T15:24:13","modified_gmt":"2017-09-18T20:24:13","slug":"uvi-referente-nacional-por-sus-egresados-e-incorporacion-a-posgrados","status":"publish","type":"post","link":"https:\/\/www.uv.mx\/prensa\/general\/uvi-referente-nacional-por-sus-egresados-e-incorporacion-a-posgrados\/","title":{"rendered":"UVI, referente nacional por sus egresados e incorporaci\u00f3n a posgrados"},"content":{"rendered":"<ul>\n<li><em>Su quehacer beneficia a estudiantes de zonas ind\u00edgenas, reconoci\u00f3 la Asociaci\u00f3n de Universidades Interculturales de M\u00e9xico<\/em><\/li>\n<li><em>Sara Ladr\u00f3n de Guevara inaugur\u00f3 el IV Encuentro de Universidades Interculturales de M\u00e9xico, del cual la UVI es sede del 18 al 20 de septiembre<\/em><\/li>\n<li><em>Participan representantes de Chiapas, Guerrero, Michoac\u00e1n, Quintana Roo, Estado de M\u00e9xico, entre otros<\/em><\/li>\n<\/ul>\n<p>&nbsp;<\/p>\n<div id=\"attachment_32354\" style=\"width: 732px\" class=\"wp-caption aligncenter\"><a href=\"https:\/\/www.uv.mx\/prensa\/files\/2017\/09\/180917.-Encuentro-UVI-1-ok.jpg\"><img loading=\"lazy\" decoding=\"async\" aria-describedby=\"caption-attachment-32354\" class=\"size-full wp-image-32354\" src=\"https:\/\/www.uv.mx\/prensa\/files\/2017\/09\/180917.-Encuentro-UVI-1-ok.jpg\" alt=\"\" width=\"722\" height=\"481\" srcset=\"https:\/\/www.uv.mx\/prensa\/files\/2017\/09\/180917.-Encuentro-UVI-1-ok.jpg 722w, https:\/\/www.uv.mx\/prensa\/files\/2017\/09\/180917.-Encuentro-UVI-1-ok-300x200.jpg 300w\" sizes=\"auto, (max-width: 722px) 100vw, 722px\" \/><\/a><p id=\"caption-attachment-32354\" class=\"wp-caption-text\">La rectora de la UV, Sara Ladr\u00f3n de Guevara, inaugur\u00f3 el IV Encuentro de Universidades Interculturales de M\u00e9xico<\/p><\/div>\n<p>&nbsp;<\/p>\n<p><strong><em>Claudia Peralta V\u00e1zquez<\/em><\/strong><\/p>\n<p>&nbsp;<\/p>\n<p><strong><em>Xalapa, Ver., 18\/09\/17.-<\/em><\/strong> El trabajo acad\u00e9mico de la Universidad Veracruzana Intercultural (UVI), sede del IV Encuentro de Universidades Interculturales de M\u00e9xico, fue reconocido por el presidente de la Asociaci\u00f3n Nacional de Universidades Interculturales (ANUI), Alibert S\u00e1nchez Jim\u00e9nez, al destacar que esta instituci\u00f3n es puntera a nivel nacional por garantizar el 100 por ciento de egresos de sus estudiantes, as\u00ed como la incorporaci\u00f3n de los mismos al nivel de posgrado.<\/p>\n<p>En el evento, que se lleva a cabo del 18 al 20 de septiembre y fue inaugurado por la rectora de la Universidad Veracruzana (UV), Sara Ladr\u00f3n de Guevara, el tambi\u00e9n rector de la Universidad Intercultural de Puebla (UIP) resalt\u00f3 que estas experiencias de \u00e9xito buscan replicarse en el resto de las nueve universidades interculturales.<\/p>\n<p>\u201cEn la ANUI lo reconocemos y valoramos porque son indicadores necesarios para exponerlos ante los actores encargados de tomar decisiones en cuanto al presupuesto de las universidades interculturales.\u201d<\/p>\n<p>En su mensaje, ante representantes de las instituciones interculturales de los estados de Chiapas, Guerrero, Michoac\u00e1n, Quintana Roo, Estado de M\u00e9xico, Tabasco, Sinaloa e Hidalgo, destac\u00f3 que dichos resultados derivan del esfuerzo de la actual directora de la UVI, Shantal Meseguer Galv\u00e1n, de sus antecesores y de las autoridades de la UV.<\/p>\n<p>En el marco de este encuentro transmitido en vivo a las universidades interculturales de los estados mencionados a trav\u00e9s del sistema de videoconferencia, el titular de la ANUI expuso los retos actuales de este modelo que representa la \u00fanica pol\u00edtica p\u00fablica de los tres niveles de gobierno enfocada en la atenci\u00f3n de poblaci\u00f3n ind\u00edgena.<\/p>\n<p>&nbsp;<\/p>\n<div id=\"attachment_32355\" style=\"width: 732px\" class=\"wp-caption aligncenter\"><a href=\"https:\/\/www.uv.mx\/prensa\/files\/2017\/09\/180917.-Encuentro-UVI-2-ok.jpg\"><img loading=\"lazy\" decoding=\"async\" aria-describedby=\"caption-attachment-32355\" class=\"size-full wp-image-32355\" src=\"https:\/\/www.uv.mx\/prensa\/files\/2017\/09\/180917.-Encuentro-UVI-2-ok.jpg\" alt=\"\" width=\"722\" height=\"481\" srcset=\"https:\/\/www.uv.mx\/prensa\/files\/2017\/09\/180917.-Encuentro-UVI-2-ok.jpg 722w, https:\/\/www.uv.mx\/prensa\/files\/2017\/09\/180917.-Encuentro-UVI-2-ok-300x200.jpg 300w\" sizes=\"auto, (max-width: 722px) 100vw, 722px\" \/><\/a><p id=\"caption-attachment-32355\" class=\"wp-caption-text\">Shantal Meseguer Galv\u00e1n dio la bienvenida a los asistentes, procedentes de diversas entidades del pa\u00eds<\/p><\/div>\n<p>&nbsp;<\/p>\n<p>Al respecto, mencion\u00f3 el recorte presupuestal a estas instituciones de educaci\u00f3n, pues tan s\u00f3lo en los \u00faltimos cuatro a\u00f1os no ha tenido ninguna modificaci\u00f3n al alza, por el contrario, ha disminuido en siete por ciento, a pesar de que la tasa acumulada de crecimiento de la matr\u00edcula total de todas las interculturales ha sido de 25 por ciento.<\/p>\n<p>\u201cEsto quiere decir que la \u00fanica pol\u00edtica p\u00fablica que atiende focalmente a poblaci\u00f3n ind\u00edgena en educaci\u00f3n superior no tiene un apoyo sustancial en materia econ\u00f3mica.\u201d<\/p>\n<p>Otro de los retos es significar la labor de este sistema dentro del \u00e1mbito pol\u00edtico, por lo que conmin\u00f3 a los asistentes a mejorar la competitividad y calidad acad\u00e9mica para sortear las adversidades actuales.<\/p>\n<p>Puntualiz\u00f3 que seis de las 10 universidades interculturales del pa\u00eds enfrentan problemas presupuestarios, con un d\u00e9ficit que va del 14 al 44 por ciento, situaci\u00f3n que las pone en riesgo.<\/p>\n<p>&nbsp;<\/p>\n<div id=\"attachment_32356\" style=\"width: 732px\" class=\"wp-caption aligncenter\"><a href=\"https:\/\/www.uv.mx\/prensa\/files\/2017\/09\/180917.-Encuentro-UVI-3-ok.jpg\"><img loading=\"lazy\" decoding=\"async\" aria-describedby=\"caption-attachment-32356\" class=\"size-full wp-image-32356\" src=\"https:\/\/www.uv.mx\/prensa\/files\/2017\/09\/180917.-Encuentro-UVI-3-ok.jpg\" alt=\"\" width=\"722\" height=\"481\" srcset=\"https:\/\/www.uv.mx\/prensa\/files\/2017\/09\/180917.-Encuentro-UVI-3-ok.jpg 722w, https:\/\/www.uv.mx\/prensa\/files\/2017\/09\/180917.-Encuentro-UVI-3-ok-300x200.jpg 300w\" sizes=\"auto, (max-width: 722px) 100vw, 722px\" \/><\/a><p id=\"caption-attachment-32356\" class=\"wp-caption-text\">Alibert S\u00e1nchez Jim\u00e9nez, presidente de la ANUI, reconoci\u00f3 el trabajo acad\u00e9mico de la UVI<\/p><\/div>\n<p>&nbsp;<\/p>\n<p>Asimismo, dijo que la universidad intercultural busca garantizar procesos de desarrollo para empoderar a la poblaci\u00f3n y juventud originaria. A lo largo de los a\u00f1os ha podido generar una serie de profesionistas y grupos de intelectuales que piensan y trabajan a favor de las comunidades.<\/p>\n<p>Las universidades interculturales han formado l\u00edderes acad\u00e9micos, sociales y t\u00e9cnicos que en la medida de sus posibilidades conforman grupos actuantes a favor de las comunidades, subray\u00f3.<\/p>\n<p>Lo anterior marca la diferencia fundamental respecto del trabajo de las universidades en general, adem\u00e1s de que se han impulsado proyectos acad\u00e9micos espec\u00edficos como en ninguna otra universidad p\u00fablica se hab\u00eda hecho.<\/p>\n<p>\u201cCreo que es una deuda de las universidades, el hecho de no formar enfermeras o abogados que hablen lenguas originarias y toda una serie de profesionistas que nos hacen mucha falta a los pueblos originarios.\u201d<\/p>\n<p>&nbsp;<\/p>\n<div id=\"attachment_32357\" style=\"width: 732px\" class=\"wp-caption aligncenter\"><a href=\"https:\/\/www.uv.mx\/prensa\/files\/2017\/09\/180917.-Encuentro-UVI-4-ok.jpg\"><img loading=\"lazy\" decoding=\"async\" aria-describedby=\"caption-attachment-32357\" class=\"size-full wp-image-32357\" src=\"https:\/\/www.uv.mx\/prensa\/files\/2017\/09\/180917.-Encuentro-UVI-4-ok.jpg\" alt=\"\" width=\"722\" height=\"481\" srcset=\"https:\/\/www.uv.mx\/prensa\/files\/2017\/09\/180917.-Encuentro-UVI-4-ok.jpg 722w, https:\/\/www.uv.mx\/prensa\/files\/2017\/09\/180917.-Encuentro-UVI-4-ok-300x200.jpg 300w\" sizes=\"auto, (max-width: 722px) 100vw, 722px\" \/><\/a><p id=\"caption-attachment-32357\" class=\"wp-caption-text\">Representantes de universidades interculturales del pa\u00eds asisten a este encuentro, que se realiza del 18 al 20 de septiembre<\/p><\/div>\n<p>&nbsp;<\/p>\n<p>En su intervenci\u00f3n, Sara Ladr\u00f3n de Guevara expuso los tres principios que la Organizaci\u00f3n de las Naciones para la Educaci\u00f3n, la Ciencia y la Cultura (UNESCO) ha fijado en materia de educaci\u00f3n intercultural.<\/p>\n<p>El primero, establece que la educaci\u00f3n intercultural respeta la identidad cultural del educando impartiendo a todos una educaci\u00f3n de calidad que se adapta a su contexto.<\/p>\n<p>El segundo, se\u00f1ala que la educaci\u00f3n intercultural ense\u00f1a a cada educando los conocimientos, aptitudes y competencias culturales necesarias para que participen plena y activamente en la sociedad. El \u00faltimo, apunta hacia los conocimientos, aptitudes y competencias culturales que permiten a los alumnos contribuir al respeto, entendimiento y solidaridad entre los individuos, entre los grupos \u00e9tnicos, sociales, culturales y religiosos, as\u00ed como entre las naciones.<\/p>\n<p>Hoy en d\u00eda, asegur\u00f3 que las universidades interculturales del pa\u00eds responden a estos tres grandes principios y han jugado un importante papel en la lucha hist\u00f3rica por descolonizar las relaciones existentes entre los pueblos originarios y la naci\u00f3n, as\u00ed como para responder a la demanda hist\u00f3rica de ofrecer a todo el pueblo mexicano una educaci\u00f3n superior de calidad en atenci\u00f3n a la legislaci\u00f3n vigente.<\/p>\n<p>No obstante, dijo que estas casas de estudio tienen la necesidad de resolver su situaci\u00f3n jur\u00eddica asegurando cuando menos tres aspectos clave para su correcto y leg\u00edtimo funcionamiento, entre ellos: la autonom\u00eda; participaci\u00f3n activa y permanente de las comunidades ind\u00edgenas y las organizaciones sociales en los consejos consultivos, patronatos, asambleas; y el cumplimiento constitucional del derecho a la consulta previa, libre e informada entre los pueblos ind\u00edgenas plasmada en las legislaciones nacional e internacional.<\/p>\n<p>Al celebrar la realizaci\u00f3n de este evento, en el que los asistentes participar\u00e1n durante tres d\u00edas en conversatorios, plenarias y talleres, Sara Ladr\u00f3n de Guevara subray\u00f3 la necesidad de que las instituciones de educaci\u00f3n superior del pa\u00eds impulsen un mayor intercambio de experiencias entre las universidades interculturales y las convencionales, debido a que los retos actuales convocan a reconocernos en la diversidad cultural.<\/p>\n<p>Por su parte, Shantal Meseguer destac\u00f3 que la UV se distingue y caracteriza por su enfoque social y humanista, por lo que hace 12 a\u00f1os apost\u00f3 por la educaci\u00f3n superior intercultural y desde 2013 se ha propuesto elevar a la interculturalidad como uno de los temas transversales de su pol\u00edtica institucional.<\/p>\n<p>\u201cLa UV reconoce la importancia y el potencial innovador de interculturalizar la educaci\u00f3n superior\u201d, puntualiz\u00f3 al dar la bienvenida a los asistentes.<\/p>\n<p>Se\u00f1al\u00f3 que esta instituci\u00f3n genera condiciones m\u00e1s equitativas para el uso de las lenguas originarias en el \u00e1mbito universitario, en sus cuatro sedes: Huasteca, Totonacapan, Grandes Monta\u00f1as y Las Selvas.<\/p>\n<p>Entre sus logros, resalt\u00f3 el plan de basificaci\u00f3n para acad\u00e9micos, lo cual ha permitido fortalecer los equipos de profesores, evaluar los programas educativos, formalizar los procesos de investigaci\u00f3n y posibilitar su participaci\u00f3n en convocatorias de cuerpos acad\u00e9micos, por citar algunos ejemplos.<\/p>\n<p>En el evento destac\u00f3 la presencia de Magdalena Hern\u00e1ndez Alarc\u00f3n, secretaria Acad\u00e9mica de la UV; Ildefonso Palem\u00f3n Hern\u00e1ndez Silva, Ad\u00e1n \u00c1valos Garc\u00eda, Renato Bautista Ventura y Mario Bladimir Monroy, rectores de las Universidades Interculturales de Quintana Roo, Michoac\u00e1n, Guerrero y Quer\u00e9taro, respectivamente.<\/p>\n<p>Tambi\u00e9n estuvieron Arturo Nemesio Nicol\u00e1s V\u00e9lez Escamilla, vicepresidente de la ANUI y rector de la Universidad Intercultural del Estado de M\u00e9xico; y sus hom\u00f3logos de las entidades de Tabasco, Sinaloa e Hidalgo: Adela M\u00e9ndez Mart\u00ednez, Mar\u00eda Guadalupe Ibarra Cece\u00f1a y Veronika Christiane Kugel.<\/p>\n","protected":false},"excerpt":{"rendered":"<p><strong><em>Claudia Peralta.-<\/em><\/strong>El trabajo acad\u00e9mico de la Universidad Veracruzana Intercultural (UVI), sede del IV Encuentro de Universidades Interculturales de M\u00e9xico, fue reconocido por el presidente de la Asociaci\u00f3n Nacional de Universidades Interculturales (ANUI), Alibert S\u00e1nchez Jim\u00e9nez, al destacar que esta instituci\u00f3n es puntera a nivel nacional por garantizar el 100 por ciento de egresos de sus estudiantes, as\u00ed como la incorporaci\u00f3n de los mismos al nivel de posgrado.<\/p>\n","protected":false},"author":1810,"featured_media":32352,"comment_status":"closed","ping_status":"closed","sticky":false,"template":"","format":"standard","meta":{"footnotes":""},"categories":[1],"tags":[3],"class_list":["post-32350","post","type-post","status-publish","format-standard","has-post-thumbnail","hentry","category-general","tag-secundarias"],"_links":{"self":[{"href":"https:\/\/www.uv.mx\/prensa\/wp-json\/wp\/v2\/posts\/32350","targetHints":{"allow":["GET"]}}],"collection":[{"href":"https:\/\/www.uv.mx\/prensa\/wp-json\/wp\/v2\/posts"}],"about":[{"href":"https:\/\/www.uv.mx\/prensa\/wp-json\/wp\/v2\/types\/post"}],"author":[{"embeddable":true,"href":"https:\/\/www.uv.mx\/prensa\/wp-json\/wp\/v2\/users\/1810"}],"replies":[{"embeddable":true,"href":"https:\/\/www.uv.mx\/prensa\/wp-json\/wp\/v2\/comments?post=32350"}],"version-history":[{"count":0,"href":"https:\/\/www.uv.mx\/prensa\/wp-json\/wp\/v2\/posts\/32350\/revisions"}],"wp:featuredmedia":[{"embeddable":true,"href":"https:\/\/www.uv.mx\/prensa\/wp-json\/wp\/v2\/media\/32352"}],"wp:attachment":[{"href":"https:\/\/www.uv.mx\/prensa\/wp-json\/wp\/v2\/media?parent=32350"}],"wp:term":[{"taxonomy":"category","embeddable":true,"href":"https:\/\/www.uv.mx\/prensa\/wp-json\/wp\/v2\/categories?post=32350"},{"taxonomy":"post_tag","embeddable":true,"href":"https:\/\/www.uv.mx\/prensa\/wp-json\/wp\/v2\/tags?post=32350"}],"curies":[{"name":"wp","href":"https:\/\/api.w.org\/{rel}","templated":true}]}}