{"id":32278,"date":"2017-09-15T18:33:43","date_gmt":"2017-09-15T23:33:43","guid":{"rendered":"https:\/\/www.uv.mx\/prensa\/?p=32278"},"modified":"2017-09-15T18:33:43","modified_gmt":"2017-09-15T23:33:43","slug":"jazzuv-festejo-a-mexico-con-sones-y-boleros","status":"publish","type":"post","link":"https:\/\/www.uv.mx\/prensa\/cultura\/jazzuv-festejo-a-mexico-con-sones-y-boleros\/","title":{"rendered":"Jazzuv festej\u00f3 a M\u00e9xico con sones y boleros"},"content":{"rendered":"<ul>\n<li><i><em>Participaron Tezcatl Tr\u00edo y la Big Band del Jazzuv, en el auditorio de El \u00c1gora de la Ciudad<\/em><\/i><\/li>\n<li><em>Tambi\u00e9n colaboraron Eloy Z\u00fa\u00f1iga, vocalista de la agrupaci\u00f3n La Manta, as\u00ed como Jatziri Gallegos y Patricia Ivison, profesoras de canto de <\/em>Jazzuv<\/li>\n<\/ul>\n<p>&nbsp;<\/p>\n<div id=\"attachment_32279\" style=\"width: 732px\" class=\"wp-caption aligncenter\"><a href=\"https:\/\/www.uv.mx\/prensa\/files\/2017\/09\/150917.-Concierto-Jazzuv-1-ok.jpg\"><img loading=\"lazy\" decoding=\"async\" aria-describedby=\"caption-attachment-32279\" class=\"size-full wp-image-32279\" src=\"https:\/\/www.uv.mx\/prensa\/files\/2017\/09\/150917.-Concierto-Jazzuv-1-ok.jpg\" alt=\"\" width=\"722\" height=\"482\" srcset=\"https:\/\/www.uv.mx\/prensa\/files\/2017\/09\/150917.-Concierto-Jazzuv-1-ok.jpg 722w, https:\/\/www.uv.mx\/prensa\/files\/2017\/09\/150917.-Concierto-Jazzuv-1-ok-300x200.jpg 300w\" sizes=\"auto, (max-width: 722px) 100vw, 722px\" \/><\/a><p id=\"caption-attachment-32279\" class=\"wp-caption-text\">El Centro de Estudios de Jazz de la UV ofreci\u00f3 concierto mexicano con motivo de las fiestas patrias<\/p><\/div>\n<p>&nbsp;<\/p>\n<p><em><strong>Paola Cort\u00e9s P\u00e9rez<\/strong><\/em><\/p>\n<p>&nbsp;<\/p>\n<p><strong><em>Xalapa, Ver., 15\/09\/2017.-<\/em><\/strong> El Centro de Estudios de Jazz de la Universidad Veracruzana (<em>Jazzuv<\/em>) festej\u00f3 el mes patrio con un concierto llen\u00f3 de jazz, son y bolero, en el que participaron Tezcatl Tr\u00edo y la Big Band de esa entidad acad\u00e9mica, la noche del martes 12 de septiembre en el auditorio de El \u00c1gora de la Ciudad que fue rebasado en su capacidad por la cantidad de asistentes, en su mayor\u00eda j\u00f3venes.<\/p>\n<p>El p\u00fablico lleg\u00f3 con antelaci\u00f3n y paulatinamente los lugares fueron ocupados, A las 19:00 horas el auditorio luc\u00eda casi lleno; quienes llegaron minutos despu\u00e9s tuvieron que sentarse en las escaleras de los pasillos, lo cual no les impidi\u00f3 disfrutar la presentaci\u00f3n.<\/p>\n<p>Rafael Alcal\u00e1 Hinojosa, coordinador del <em>Jazzuv<\/em>, explic\u00f3 que este concierto se realiz\u00f3 con el objetivo de difundir el Festival <em>Jazzuv<\/em> 2017, a realizarse del 24 al 29 de octubre, en el que participar\u00e1n m\u00e1s de 50 m\u00fasicos de seis pa\u00edses, habr\u00e1 38 actividades y por la ma\u00f1ana se realizar\u00e1n talleres instrumentales.<\/p>\n<p>&nbsp;<\/p>\n<div id=\"attachment_32280\" style=\"width: 732px\" class=\"wp-caption aligncenter\"><a href=\"https:\/\/www.uv.mx\/prensa\/files\/2017\/09\/150917.-Concierto-Jazzuv-2-ok.jpg\"><img loading=\"lazy\" decoding=\"async\" aria-describedby=\"caption-attachment-32280\" class=\"size-full wp-image-32280\" src=\"https:\/\/www.uv.mx\/prensa\/files\/2017\/09\/150917.-Concierto-Jazzuv-2-ok.jpg\" alt=\"\" width=\"722\" height=\"482\" srcset=\"https:\/\/www.uv.mx\/prensa\/files\/2017\/09\/150917.-Concierto-Jazzuv-2-ok.jpg 722w, https:\/\/www.uv.mx\/prensa\/files\/2017\/09\/150917.-Concierto-Jazzuv-2-ok-300x200.jpg 300w\" sizes=\"auto, (max-width: 722px) 100vw, 722px\" \/><\/a><p id=\"caption-attachment-32280\" class=\"wp-caption-text\">Particip\u00f3 Tezcatl Tr\u00edo, con la colaboraci\u00f3n de Eloy Z\u00fa\u00f1iga y Jatziri Gallegos<\/p><\/div>\n<p>&nbsp;<\/p>\n<p>Asimismo, anunci\u00f3 que del 16 al 20 de octubre tendr\u00e1 lugar el Foro \u201cAportaciones de las culturas africanas y caribe\u00f1as a la identidad de la m\u00fasica veracruzana y en el jazz\u201d, el cual estar\u00e1 abierto a la comunidad universitaria y p\u00fablico en general.<\/p>\n<p>Tras el aviso, Tezcatl Tr\u00edo pis\u00f3 el escenario para interpretar piezas en las que destacaron elementos de jazz combinados con m\u00fasica mexicana y latinoamericana. Sus integrantes, Carlos Zambrano, en el bajo fretless; Renato Dom\u00ednguez, en la bater\u00eda, y Francisco \u201cPaquito\u201d Cruz, en el piano, tienen una larga trayectoria dentro del jazz y otros g\u00e9neros musicales.<\/p>\n<p>Al finalizar su primera interpretaci\u00f3n, fue aplaudido por los asistentes y dio paso a la participaci\u00f3n de Eloy Z\u00fa\u00f1iga, vocalista de la agrupaci\u00f3n La Manta, quien interpret\u00f3 una adaptaci\u00f3n del son huasteco <em>Huitzitzilin<\/em>.<\/p>\n<p>&nbsp;<\/p>\n<div id=\"attachment_32281\" style=\"width: 732px\" class=\"wp-caption alignnone\"><a href=\"https:\/\/www.uv.mx\/prensa\/files\/2017\/09\/150917.-Concierto-Jazzuv-3-ok.jpg\"><img loading=\"lazy\" decoding=\"async\" aria-describedby=\"caption-attachment-32281\" class=\"size-full wp-image-32281\" src=\"https:\/\/www.uv.mx\/prensa\/files\/2017\/09\/150917.-Concierto-Jazzuv-3-ok.jpg\" alt=\"\" width=\"722\" height=\"482\" srcset=\"https:\/\/www.uv.mx\/prensa\/files\/2017\/09\/150917.-Concierto-Jazzuv-3-ok.jpg 722w, https:\/\/www.uv.mx\/prensa\/files\/2017\/09\/150917.-Concierto-Jazzuv-3-ok-300x200.jpg 300w\" sizes=\"auto, (max-width: 722px) 100vw, 722px\" \/><\/a><p id=\"caption-attachment-32281\" class=\"wp-caption-text\">Jatiziri Gallegos junto con la Big Band de Jazzuv, interpret\u00f3 boleros cl\u00e1sicos<\/p><\/div>\n<p>&nbsp;<\/p>\n<p>Posteriormente, Eloy a d\u00fao con Jatziri Gallegos, interpretaron <em>La luna<\/em>, autor\u00eda de Carlos Zambrano; el son oaxaque\u00f1o <em>Donde nace el agua<\/em>, de V\u00edctor D\u00edaz. La canci\u00f3n con la que se despidi\u00f3 el tr\u00edo fue <em>La bruja<\/em>, acompa\u00f1ados de Jatziri y Patricia Ivison, ambas maestras de canto en <em>Jazzuv<\/em>. El p\u00fablico les otorg\u00f3 una gran ovaci\u00f3n.<\/p>\n<p>Minutos despu\u00e9s, la Big Band de <em>Jazzuv<\/em> empez\u00f3 su espect\u00e1culo musical con uno de los boleros m\u00e1s conocidos entre los mexicanos, <em>No me platiques m\u00e1s<\/em>, del compositor Vicente Garrido, que ha sido cantado por Pedro Infante, Jos\u00e9 Jos\u00e9, Luis Miguel, entre otros.<\/p>\n<p>Le sigui\u00f3, en la voz de Patricia Ivison, el bolero <em>Cuando vuelva a tu lado<\/em>, de la autor\u00eda de Mar\u00eda Grever y el cual se hizo popular gracias a cantantes como Javier Sol\u00eds y Pedro Infante.<\/p>\n<p>&nbsp;<\/p>\n<div id=\"attachment_32282\" style=\"width: 732px\" class=\"wp-caption aligncenter\"><a href=\"https:\/\/www.uv.mx\/prensa\/files\/2017\/09\/150917.-Concierto-Jazzuv-4-ok.jpg\"><img loading=\"lazy\" decoding=\"async\" aria-describedby=\"caption-attachment-32282\" class=\"size-full wp-image-32282\" src=\"https:\/\/www.uv.mx\/prensa\/files\/2017\/09\/150917.-Concierto-Jazzuv-4-ok.jpg\" alt=\"\" width=\"722\" height=\"482\" srcset=\"https:\/\/www.uv.mx\/prensa\/files\/2017\/09\/150917.-Concierto-Jazzuv-4-ok.jpg 722w, https:\/\/www.uv.mx\/prensa\/files\/2017\/09\/150917.-Concierto-Jazzuv-4-ok-300x200.jpg 300w\" sizes=\"auto, (max-width: 722px) 100vw, 722px\" \/><\/a><p id=\"caption-attachment-32282\" class=\"wp-caption-text\">La profesora de Jazzuv, Patricia Ivison, cant\u00f3 junto a Tezcatl Tr\u00edo y Big Band<\/p><\/div>\n<p>&nbsp;<\/p>\n<p>Despu\u00e9s de poco m\u00e1s de una hora, la orquesta de <em>Jazzuv<\/em> finaliz\u00f3 el concierto mexicano con la interpretaci\u00f3n de Jatziri Gallegos de otro bolero cl\u00e1sico, <em>La puerta<\/em>, original de Luis Demetrio.<\/p>\n<p>Los asistentes aplaudieron durante varios segundos a la Big Band, incluso pidieron que volviera al escenario; las luces del auditorio se encendieron y aparecieron los m\u00fasicos para tocar de nueva cuenta <em>No me platiques m\u00e1s<\/em>.<\/p>\n<p>&nbsp;<\/p>\n<div id=\"attachment_32283\" style=\"width: 732px\" class=\"wp-caption aligncenter\"><a href=\"https:\/\/www.uv.mx\/prensa\/files\/2017\/09\/150917.-Concierto-Jazzuv-5-ok.jpg\"><img loading=\"lazy\" decoding=\"async\" aria-describedby=\"caption-attachment-32283\" class=\"size-full wp-image-32283\" src=\"https:\/\/www.uv.mx\/prensa\/files\/2017\/09\/150917.-Concierto-Jazzuv-5-ok.jpg\" alt=\"\" width=\"722\" height=\"482\" srcset=\"https:\/\/www.uv.mx\/prensa\/files\/2017\/09\/150917.-Concierto-Jazzuv-5-ok.jpg 722w, https:\/\/www.uv.mx\/prensa\/files\/2017\/09\/150917.-Concierto-Jazzuv-5-ok-300x200.jpg 300w\" sizes=\"auto, (max-width: 722px) 100vw, 722px\" \/><\/a><p id=\"caption-attachment-32283\" class=\"wp-caption-text\">El auditorio de El \u00c1gora de la Ciudad luci\u00f3 completamente llen\u00f3, la mayor\u00eda de los asistentes fueron j\u00f3venes<\/p><\/div>\n<p><b><i><span style=\"font-family: 'Arial','sans-serif';font-size: 14pt\"><span style=\"color: #000000\">\u00a0<\/span><\/span><\/i><\/b><\/p>\n","protected":false},"excerpt":{"rendered":"<p><strong><em> Paola Cort\u00e9s P\u00e9rez.-<\/em><\/strong> El Centro de Estudios de Jazz de la Universidad Veracruzana (Jazzuv) festej\u00f3 el mes patrio con un concierto llen\u00f3 de jazz, son y bolero, en el que participaron Tezcatl Tr\u00edo y la Big Band de esa entidad acad\u00e9mica, la noche del martes 12 de septiembre en el auditorio de El \u00c1gora de la Ciudad que fue rebasado en su capacidad por la cantidad de asistentes, en su mayor\u00eda j\u00f3venes.<\/p>\n","protected":false},"author":1809,"featured_media":32284,"comment_status":"closed","ping_status":"closed","sticky":false,"template":"","format":"standard","meta":{"footnotes":""},"categories":[11],"tags":[15],"class_list":["post-32278","post","type-post","status-publish","format-standard","has-post-thumbnail","hentry","category-cultura","tag-cultura-2"],"_links":{"self":[{"href":"https:\/\/www.uv.mx\/prensa\/wp-json\/wp\/v2\/posts\/32278","targetHints":{"allow":["GET"]}}],"collection":[{"href":"https:\/\/www.uv.mx\/prensa\/wp-json\/wp\/v2\/posts"}],"about":[{"href":"https:\/\/www.uv.mx\/prensa\/wp-json\/wp\/v2\/types\/post"}],"author":[{"embeddable":true,"href":"https:\/\/www.uv.mx\/prensa\/wp-json\/wp\/v2\/users\/1809"}],"replies":[{"embeddable":true,"href":"https:\/\/www.uv.mx\/prensa\/wp-json\/wp\/v2\/comments?post=32278"}],"version-history":[{"count":0,"href":"https:\/\/www.uv.mx\/prensa\/wp-json\/wp\/v2\/posts\/32278\/revisions"}],"wp:featuredmedia":[{"embeddable":true,"href":"https:\/\/www.uv.mx\/prensa\/wp-json\/wp\/v2\/media\/32284"}],"wp:attachment":[{"href":"https:\/\/www.uv.mx\/prensa\/wp-json\/wp\/v2\/media?parent=32278"}],"wp:term":[{"taxonomy":"category","embeddable":true,"href":"https:\/\/www.uv.mx\/prensa\/wp-json\/wp\/v2\/categories?post=32278"},{"taxonomy":"post_tag","embeddable":true,"href":"https:\/\/www.uv.mx\/prensa\/wp-json\/wp\/v2\/tags?post=32278"}],"curies":[{"name":"wp","href":"https:\/\/api.w.org\/{rel}","templated":true}]}}