{"id":3227,"date":"2015-10-02T14:27:31","date_gmt":"2015-10-02T19:27:31","guid":{"rendered":"https:\/\/www.uv.mx\/prensa\/?p=3227"},"modified":"2015-10-02T14:27:31","modified_gmt":"2015-10-02T19:27:31","slug":"crisis-economica-pone-en-duda-futuro-de-ue","status":"publish","type":"post","link":"https:\/\/www.uv.mx\/prensa\/general\/crisis-economica-pone-en-duda-futuro-de-ue\/","title":{"rendered":"Crisis econ\u00f3mica pone en duda futuro de UE"},"content":{"rendered":"<p>&nbsp;<\/p>\n<ul>\n<li><em>Asegur\u00f3 profesora de la U. Rey Juan Carlos de Madrid<\/em><\/li>\n<li><em>\u201cLa promesa de igualdad, de acceso al trabajo y de pol\u00edticas de bienestar, se est\u00e1 desmantelando\u201d: Ana Isabel P\u00e9rez Campos<\/em><\/li>\n<li><em>Los ciudadanos europeos tienen una sensaci\u00f3n de descontento y desilusi\u00f3n<\/em><\/li>\n<\/ul>\n<p>&nbsp;<\/p>\n<p><strong><em>Paola Cort\u00e9s P\u00e9rez<\/em><\/strong><\/p>\n<p>&nbsp;<\/p>\n<p>La crisis econ\u00f3mica por primera vez pone en duda el futuro de la Uni\u00f3n Europea (UE), porque no s\u00f3lo es financiera sino general, profunda, duradera y global, que desestabiliza los cimientos de dicha comunidad pol\u00edtica, asegur\u00f3 Ana Isabel P\u00e9rez Campos, profesora-investigadora de la Universidad Rey Juan Carlos de Madrid, Espa\u00f1a.<\/p>\n<p>Al dictar la conferencia magistral \u201cLa Uni\u00f3n Europea y la gesti\u00f3n de la crisis econ\u00f3mica a trav\u00e9s de las reformas jur\u00eddico-sociales\u201d, en el marco del IV Coloquio Internacional de Investigaci\u00f3n en Ciencias Administrativas y Gesti\u00f3n para el Desarrollo, organizado por la Facultad de Contadur\u00eda y Administraci\u00f3n de la Universidad Veracruzana (UV), a trav\u00e9s del doctorado que lleva el mismo nombre.<\/p>\n<div id=\"attachment_3236\" style=\"width: 310px\" class=\"wp-caption aligncenter\"><a href=\"https:\/\/www.uv.mx\/prensa\/files\/2015\/10\/Crisis-europea.jpg\"><img loading=\"lazy\" decoding=\"async\" aria-describedby=\"caption-attachment-3236\" class=\"size-medium wp-image-3236\" src=\"https:\/\/www.uv.mx\/prensa\/files\/2015\/10\/Crisis-europea-300x200.jpg\" alt=\"Ana Isabel P\u00e9rez Campos dict\u00f3 conferencia magistral en coloquio organizado por la Facultad de Contadur\u00eda y Administraci\u00f3n.\" width=\"300\" height=\"200\" srcset=\"https:\/\/www.uv.mx\/prensa\/files\/2015\/10\/Crisis-europea-300x200.jpg 300w, https:\/\/www.uv.mx\/prensa\/files\/2015\/10\/Crisis-europea.jpg 759w\" sizes=\"auto, (max-width: 300px) 100vw, 300px\" \/><\/a><p id=\"caption-attachment-3236\" class=\"wp-caption-text\">Ana Isabel P\u00e9rez Campos dict\u00f3 conferencia magistral en coloquio organizado por la Facultad de Contadur\u00eda y Administraci\u00f3n.<\/p><\/div>\n<p>Desde sus inicios, indic\u00f3, el proyecto de integraci\u00f3n europea, apareci\u00f3 como una cuesti\u00f3n pol\u00edtica y econ\u00f3mica, resultado de diferentes y diversas correlaciones de fuerzas, \u201cno se puede hablar de una Europa de integraci\u00f3n, sino de pol\u00edtica, de intereses pol\u00edticos\u201d.<\/p>\n<p>La crisis que ha desestabilizado a la UE puso de relieve la existencia de dos Europas, que no necesariamente convergen y se encuentran: la del norte y la del sur, situaci\u00f3n que va contra el ideal de integraci\u00f3n.<\/p>\n<p>\u201cLa promesa de igualdad, de acceso al trabajo y de pol\u00edticas de bienestar, se est\u00e1 desmantelando, esto ha hecho que sea necesario replantearse el establecimiento de medidas de freno ante esta situaci\u00f3n de retraso en la construcci\u00f3n de Europa.\u201d<\/p>\n<p>Resalt\u00f3 que ha tenido efectos negativos en los 28 pa\u00edses miembros, pero en algunos han sido m\u00e1s devastadores, como en el caso de Espa\u00f1a, Grecia, Italia, Irlanda, Portugal. Algunos de ellos han atravesado casi quiebras econ\u00f3micas.<\/p>\n<p>Coment\u00f3 que la UE decidi\u00f3 aplicar medidas profundas para cambiar y dar la vuelta a la situaci\u00f3n, especialmente en el \u00e1mbito laboral, pero no han sido eficaces pese a que desde 2008 han sido intensas y profundas.<\/p>\n<p>Por el contrario, \u201chay un retroceso, un deterioro en las pol\u00edticas econ\u00f3micas, sociales y de empleo\u201d, ejemplo de ello es el caso de Espa\u00f1a, que de 2009 a 2010 aplic\u00f3 entre 70 y 80 normas laborales, a las que les han hecho ajustes y reajustes, esto \u201ces sin\u00f3nimo de que el gobierno no sabe por d\u00f3nde ir ni qu\u00e9 medidas adoptar\u201d.<\/p>\n<p>La abogada especialista en relaciones laborales, se\u00f1al\u00f3 que las estad\u00edsticas de 2014 muestran que los ciudadanos europeos tienen una sensaci\u00f3n de descontento y desilusi\u00f3n, dado que s\u00f3lo el 31 por ciento de ellos conf\u00edan en la UE, cuando en 2007 la cifra era del 57 por ciento.<\/p>\n<p>\u201cEl 30 por ciento de ese colectivo, tiene una imagen positiva de la UE y el 29 por ciento tiene una imagen negativa, y este descontento se ve reflejado en que el 67 por ciento de los europeos consideran que su opini\u00f3n no se tiene en cuenta.\u201d<\/p>\n<p>La realidad, apunt\u00f3 P\u00e9rez Campos, es que la crisis econ\u00f3mica no se ha superado estructuralmente, por lo que se debe hacer una reformulaci\u00f3n de sus bases y principios para sostener y fortalecer la idea de la UE.<\/p>\n<p>\u201cSu continuidad debe complementarse de una mayor participaci\u00f3n de la sociedad civil, as\u00ed tendremos una Europa m\u00e1s unida y m\u00e1s fuerte\u201d, concluy\u00f3.<\/p>\n","protected":false},"excerpt":{"rendered":"<p>&nbsp; Asegur\u00f3 profesora de la U. Rey Juan Carlos de Madrid \u201cLa promesa de igualdad, de acceso al trabajo y de pol\u00edticas de bienestar, se est\u00e1 desmantelando\u201d: Ana Isabel P\u00e9rez Campos Los [&hellip;]<\/p>\n","protected":false},"author":1810,"featured_media":3238,"comment_status":"closed","ping_status":"closed","sticky":false,"template":"","format":"standard","meta":{"footnotes":""},"categories":[1],"tags":[3],"class_list":["post-3227","post","type-post","status-publish","format-standard","has-post-thumbnail","hentry","category-general","tag-secundarias"],"_links":{"self":[{"href":"https:\/\/www.uv.mx\/prensa\/wp-json\/wp\/v2\/posts\/3227","targetHints":{"allow":["GET"]}}],"collection":[{"href":"https:\/\/www.uv.mx\/prensa\/wp-json\/wp\/v2\/posts"}],"about":[{"href":"https:\/\/www.uv.mx\/prensa\/wp-json\/wp\/v2\/types\/post"}],"author":[{"embeddable":true,"href":"https:\/\/www.uv.mx\/prensa\/wp-json\/wp\/v2\/users\/1810"}],"replies":[{"embeddable":true,"href":"https:\/\/www.uv.mx\/prensa\/wp-json\/wp\/v2\/comments?post=3227"}],"version-history":[{"count":0,"href":"https:\/\/www.uv.mx\/prensa\/wp-json\/wp\/v2\/posts\/3227\/revisions"}],"wp:featuredmedia":[{"embeddable":true,"href":"https:\/\/www.uv.mx\/prensa\/wp-json\/wp\/v2\/media\/3238"}],"wp:attachment":[{"href":"https:\/\/www.uv.mx\/prensa\/wp-json\/wp\/v2\/media?parent=3227"}],"wp:term":[{"taxonomy":"category","embeddable":true,"href":"https:\/\/www.uv.mx\/prensa\/wp-json\/wp\/v2\/categories?post=3227"},{"taxonomy":"post_tag","embeddable":true,"href":"https:\/\/www.uv.mx\/prensa\/wp-json\/wp\/v2\/tags?post=3227"}],"curies":[{"name":"wp","href":"https:\/\/api.w.org\/{rel}","templated":true}]}}