{"id":32071,"date":"2017-09-13T07:00:01","date_gmt":"2017-09-13T12:00:01","guid":{"rendered":"https:\/\/www.uv.mx\/prensa\/?p=32071"},"modified":"2017-09-12T14:24:44","modified_gmt":"2017-09-12T19:24:44","slug":"la-realidad-del-siglo-xx-es-una-ficcion-construida-por-las-ciencias-sociales","status":"publish","type":"post","link":"https:\/\/www.uv.mx\/prensa\/general\/la-realidad-del-siglo-xx-es-una-ficcion-construida-por-las-ciencias-sociales\/","title":{"rendered":"La realidad del siglo XX es una ficci\u00f3n  construida por las ciencias sociales"},"content":{"rendered":"<ul>\n<li><em>Afirm\u00f3<\/em> <em>Maritza Urteaga Castro-Pozo, en la Unidad de Humanidades<\/em><\/li>\n<li><em>En materia de investigaci\u00f3n, la creatividad de los j\u00f3venes es opacada por la formalidad que dicta la academia, critic\u00f3<\/em><\/li>\n<\/ul>\n<p>&nbsp;<\/p>\n<div id=\"attachment_32073\" style=\"width: 732px\" class=\"wp-caption aligncenter\"><a href=\"https:\/\/www.uv.mx\/prensa\/files\/2017\/09\/Critica-a-las-ciencias-sociales-1-130917.jpg\"><img aria-describedby=\"caption-attachment-32073\" decoding=\"async\" loading=\"lazy\" class=\"size-full wp-image-32073\" src=\"https:\/\/www.uv.mx\/prensa\/files\/2017\/09\/Critica-a-las-ciencias-sociales-1-130917.jpg\" alt=\"\" width=\"722\" height=\"482\" srcset=\"https:\/\/www.uv.mx\/prensa\/files\/2017\/09\/Critica-a-las-ciencias-sociales-1-130917.jpg 722w, https:\/\/www.uv.mx\/prensa\/files\/2017\/09\/Critica-a-las-ciencias-sociales-1-130917-300x200.jpg 300w\" sizes=\"(max-width: 722px) 100vw, 722px\" \/><\/a><p id=\"caption-attachment-32073\" class=\"wp-caption-text\">Maritza Urteaga Castro-Pozo<\/p><\/div>\n<p>&nbsp;<\/p>\n<p><strong><em>Karina de la Paz Reyes D\u00edaz<\/em><\/strong><\/p>\n<p>&nbsp;<\/p>\n<p><strong><em>Xalapa, Ver., 12\/09\/2017.- <\/em><\/strong>Para la profesora e investigadora de la Escuela Nacional de Antropolog\u00eda e Historia (ENAH), Maritza Urteaga Castro-Pozo, es necesario que las ciencias sociales se renueven porque \u201cpareciera que la realidad nos est\u00e1 comiendo\u201d, y lo que se ha contado desde disciplinas como la antropolog\u00eda o la sociolog\u00eda es m\u00e1s bien una ficci\u00f3n.<\/p>\n<p>La acad\u00e9mica del posgrado en Antropolog\u00eda Social de la ENAH, imparti\u00f3 en la Universidad Veracruzana la conferencia magistral \u201cLa construcci\u00f3n juvenil de la realidad\u201d, en el Sal\u00f3n Azul de la Unidad de Humanidades, el jueves 7 de septiembre, moderada por C\u00e9sar Guevara Gonz\u00e1lez, como parte del Coloquio \u00abJuventudes. Pol\u00edtica, exclusi\u00f3n y expresiones culturales\u00bb que la Facultad de Sociolog\u00eda organiz\u00f3 a prop\u00f3sito de su 40 aniversario.<\/p>\n<p>La expresi\u00f3n \u00abconstrucci\u00f3n juvenil de la realidad\u00bb, dijo, se refiere al papel tan importante que tienen los j\u00f3venes en la redefinici\u00f3n y reproducci\u00f3n de la sociedad.<\/p>\n<p>Relat\u00f3 que pensadores sociales de los siglos XVIII y XIX observaron la particularidad del ser que es joven y le denominaron adolescente. Por ello, la adolescencia, sobre todo desde la sociolog\u00eda, parte de considerar a \u00e9ste moldeable, m\u00e1s ligado hacia la naturaleza \u2013primitivo\u2013 y que requiere de procesos educativos para ser civilizado.<\/p>\n<p>Es m\u00e1s, el concepto \u201cadolescente\u201d tuvo su origen en \u201cadolecer\u201d, en ser parte de un crecimiento; tal concepci\u00f3n se mantiene desde aquellos siglos en las disciplinas b\u00e1sicas que han observado a los j\u00f3venes: psicolog\u00eda, sociolog\u00eda y posteriormente la antropolog\u00eda.<\/p>\n<p>De acuerdo con ella, a finales del siglo XX y principios del XXI, el sujeto joven deja de ser un objeto pasivo y pasa a tener protagonismos que refieren a un conjunto de cambios sociales precisamente y reacciona frente a ellos, tomando una iniciativa que antes no hab\u00eda sido estudiada ni vista en la historia.<\/p>\n<p>En ese contexto, la investigadora de la ENAH plante\u00f3 que soci\u00f3logos y antrop\u00f3logos \u201cnos dedicamos a construir durante el siglo XX una realidad ficticia\u201d.<\/p>\n<p>Justific\u00f3 que tal planteamiento busca criticar el quehacer de las disciplinas abocadas al estudio de la sociedad: \u201cCreamos e inventamos una serie de categor\u00edas ficticias; lo que hacemos como seres humanos es clasificar mentalmente las cosas \u2013lo redondo con lo redondo\u2013, de lo contrario no podemos ordenarnos en el mundo ni encontrarle sentido, m\u00e1s a\u00fan si estamos socializados y educados bajo ciencias positivistas\u201d.<\/p>\n<p>Argument\u00f3 que desde las ciencias sociales se observan fen\u00f3menos como el propio ser humano, con toda la complejidad que ello implica; tambi\u00e9n habl\u00f3 de la necesidad del quehacer multidisciplinar. \u201cSomos seres muy complejos, con muchas facetas, y no podemos ser estudiados solamente bajo la mirada de una disciplina, por eso cu\u00e1nto de esto ha sido ficcional, ante la necesidad de ordenar el mundo de alguna determinada manera y cu\u00e1nto realmente fue lo que pas\u00f3\u201d, insisti\u00f3.<\/p>\n<p>&nbsp;<\/p>\n<div id=\"attachment_32074\" style=\"width: 732px\" class=\"wp-caption aligncenter\"><a href=\"https:\/\/www.uv.mx\/prensa\/files\/2017\/09\/Critica-a-las-ciencias-sociales-2-130917.jpg\"><img aria-describedby=\"caption-attachment-32074\" decoding=\"async\" loading=\"lazy\" class=\"size-full wp-image-32074\" src=\"https:\/\/www.uv.mx\/prensa\/files\/2017\/09\/Critica-a-las-ciencias-sociales-2-130917.jpg\" alt=\"\" width=\"722\" height=\"482\" srcset=\"https:\/\/www.uv.mx\/prensa\/files\/2017\/09\/Critica-a-las-ciencias-sociales-2-130917.jpg 722w, https:\/\/www.uv.mx\/prensa\/files\/2017\/09\/Critica-a-las-ciencias-sociales-2-130917-300x200.jpg 300w\" sizes=\"(max-width: 722px) 100vw, 722px\" \/><\/a><p id=\"caption-attachment-32074\" class=\"wp-caption-text\">Estudiantes y acad\u00e9micos acudieron al Sal\u00f3n Azul de Humanidades<\/p><\/div>\n<p>&nbsp;<\/p>\n<p>Sin embargo, las categor\u00edas que se aprenden en la licenciatura, maestr\u00eda y doctorado siguen siendo de siglos pasados, lament\u00f3 y puso como ejemplo a un joven ind\u00edgena que migra a la ciudad para incorporarse en el sistema de educaci\u00f3n superior.<\/p>\n<p>\u201cSeg\u00fan las categor\u00edas del siglo XX, \u00e9l no debi\u00f3 haber migrado; no s\u00f3lo eso, sino que no debi\u00f3 haber existido, porque seg\u00fan la antropolog\u00eda del siglo XX, en la categor\u00eda de edad no hab\u00eda diferencia entre la ni\u00f1ez y la adultez. Por eso digo que la sociedad del siglo XX \u2013perdonen tanta heterodoxia\u2013 es una ficci\u00f3n construida por antrop\u00f3logos, soci\u00f3logos, entre otros.\u201d<\/p>\n<p>La investigadora destac\u00f3 que tales se\u00f1alamientos tienen el inter\u00e9s de incitar a los universitarios para usar las teor\u00edas y confrontarlas v\u00eda la emp\u00edrea y la investigaci\u00f3n con lo que observan en campo, as\u00ed como discutir lo que realmente sucede con el sujeto del siglo XXI.<\/p>\n<p>Es m\u00e1s, para ella lo que actualmente se hace en la academia es \u201cmatar\u201d u \u201copacar\u201d la creatividad a los estudiantes: \u201c(En sus tesis para obtener el grado) deben pasar por terribles antecedentes, estados de arte y por \u00faltimo queda nada \u2013dos, tres p\u00e1ginas\u2013 para decir sobre lo que investigaron y lo nuevo que encontraron. No chicos. Nos vamos a sentir muy orgullosos de que nos puedan debatir, probar, incluso pongan a discutir a los sujetos que est\u00e1n investigando con las teor\u00edas anteriores\u201d.<\/p>\n<p>Urteaga Castro-Pozo cit\u00f3 brevemente la situaci\u00f3n pol\u00edtica y social que actualmente padecen pa\u00edses de Am\u00e9rica Latina como el propio M\u00e9xico, Brasil y Argentina; al mismo tiempo, destac\u00f3 la necesidad de desarrollar investigaciones en las que participen varias disciplinas, con la intenci\u00f3n de que tales trabajos sean agentes de cambio.<\/p>\n<p>\u201cEstamos desorientados. No sabes qu\u00e9 hacer. Es ah\u00ed donde la antropolog\u00eda, la sociolog\u00eda, la psicolog\u00eda social, la misma biolog\u00eda, tienen que ver. No podemos seguir creando fronteras entre las disciplinas, porque lo que necesitamos son cambios. Hablo de la necesidad de recomponer las ciencias sociales y las humanidades, para realmente dar cuenta de las necesidades actuales, de volver a ser ciudadanos. Porque no lo somos. Eso lo saben ustedes mejor que yo, que est\u00e1n en un estado (Veracruz) de los m\u00e1s candentes de todo M\u00e9xico, con la mayor cantidad de feminicidios y homicidios.\u201d<\/p>\n","protected":false},"excerpt":{"rendered":"<p><strong><em>Karina de la Paz Reyes.-<\/em><\/strong>Para la profesora e investigadora de la Escuela Nacional de Antropolog\u00eda e Historia (ENAH), Maritza Urteaga Castro-Pozo, es necesario que las ciencias sociales se renueven porque \u201cpareciera que la realidad nos est\u00e1 comiendo\u201d, y lo que se ha contado desde disciplinas como la antropolog\u00eda o la sociolog\u00eda es m\u00e1s bien una ficci\u00f3n.<\/p>\n","protected":false},"author":1810,"featured_media":32072,"comment_status":"closed","ping_status":"closed","sticky":false,"template":"","format":"standard","meta":[],"categories":[1],"tags":[3],"_links":{"self":[{"href":"https:\/\/www.uv.mx\/prensa\/wp-json\/wp\/v2\/posts\/32071"}],"collection":[{"href":"https:\/\/www.uv.mx\/prensa\/wp-json\/wp\/v2\/posts"}],"about":[{"href":"https:\/\/www.uv.mx\/prensa\/wp-json\/wp\/v2\/types\/post"}],"author":[{"embeddable":true,"href":"https:\/\/www.uv.mx\/prensa\/wp-json\/wp\/v2\/users\/1810"}],"replies":[{"embeddable":true,"href":"https:\/\/www.uv.mx\/prensa\/wp-json\/wp\/v2\/comments?post=32071"}],"version-history":[{"count":0,"href":"https:\/\/www.uv.mx\/prensa\/wp-json\/wp\/v2\/posts\/32071\/revisions"}],"wp:featuredmedia":[{"embeddable":true,"href":"https:\/\/www.uv.mx\/prensa\/wp-json\/wp\/v2\/media\/32072"}],"wp:attachment":[{"href":"https:\/\/www.uv.mx\/prensa\/wp-json\/wp\/v2\/media?parent=32071"}],"wp:term":[{"taxonomy":"category","embeddable":true,"href":"https:\/\/www.uv.mx\/prensa\/wp-json\/wp\/v2\/categories?post=32071"},{"taxonomy":"post_tag","embeddable":true,"href":"https:\/\/www.uv.mx\/prensa\/wp-json\/wp\/v2\/tags?post=32071"}],"curies":[{"name":"wp","href":"https:\/\/api.w.org\/{rel}","templated":true}]}}