{"id":31717,"date":"2017-09-05T11:25:13","date_gmt":"2017-09-05T16:25:13","guid":{"rendered":"https:\/\/www.uv.mx\/prensa\/?p=31717"},"modified":"2017-09-05T11:25:13","modified_gmt":"2017-09-05T16:25:13","slug":"uvi-totonacapan-recibio-a-estudiantes-de-nuevo-ingreso-2","status":"publish","type":"post","link":"https:\/\/www.uv.mx\/prensa\/regiones\/uvi-totonacapan-recibio-a-estudiantes-de-nuevo-ingreso-2\/","title":{"rendered":"UVI Totonacapan recibi\u00f3  a estudiantes de nuevo ingreso"},"content":{"rendered":"<p>&nbsp;<\/p>\n<ul>\n<li><em>Dio la bienvenida a una nueva generaci\u00f3n de la Licenciatura en Gesti\u00f3n Intercultural para el Desarrollo y a la primera de la Licenciatura en Derecho con Enfoque de Pluralismo Jur\u00eddico<\/em><\/li>\n<li><em>Se entregaron reconocimientos a los abuelos del Kantiyan del Centro de las Artes Ind\u00edgenas<\/em><\/li>\n<\/ul>\n<p>&nbsp;<\/p>\n<div id=\"attachment_31725\" style=\"width: 732px\" class=\"wp-caption aligncenter\"><a href=\"https:\/\/www.uv.mx\/prensa\/files\/2017\/09\/LDEPJ-1-050917.jpg\"><img aria-describedby=\"caption-attachment-31725\" decoding=\"async\" loading=\"lazy\" class=\"size-full wp-image-31725\" src=\"https:\/\/www.uv.mx\/prensa\/files\/2017\/09\/LDEPJ-1-050917.jpg\" alt=\"\" width=\"722\" height=\"541\" srcset=\"https:\/\/www.uv.mx\/prensa\/files\/2017\/09\/LDEPJ-1-050917.jpg 722w, https:\/\/www.uv.mx\/prensa\/files\/2017\/09\/LDEPJ-1-050917-300x225.jpg 300w\" sizes=\"(max-width: 722px) 100vw, 722px\" \/><\/a><p id=\"caption-attachment-31725\" class=\"wp-caption-text\">Autoridades e invitados<\/p><\/div>\n<p>&nbsp;<\/p>\n<p><strong><em>David R. Islas Bravo Mote<\/em><\/strong><\/p>\n<p>&nbsp;<\/p>\n<p><strong><em>Espinal, Ver., 05\/09\/2017.-<\/em><\/strong> La Universidad Veracruzana Intercultural (UVI), sede Totonacapan, dio la bienvenida a estudiantes de nuevo ingreso de la Licenciatura en Gesti\u00f3n Intercultural para el Desarrollo (LGID), el viernes 25 de agosto, a la par del inicio de actividades de la Licenciatura en Derecho con Enfoque de Pluralismo Jur\u00eddico (LDEPJ).<\/p>\n<p>Este hecho se remonta a hace 12 a\u00f1os, cuando lleg\u00f3 la primera generaci\u00f3n de estudiantes de la LGID, quienes en cada una de las cuatro sedes de la UVI representaban esperanzas y sue\u00f1os para s\u00ed mismos, sus familias y comunidades.<\/p>\n<p>El evento fue organizado por acad\u00e9micos y estudiantes, encabezados por Shantal Meseguer Galv\u00e1n, directora de la UVI, \u00a0Alonso Ir\u00e1n S\u00e1nchez Hern\u00e1ndez, secretario de la UVI, y Antonino Santiago Isidro, coordinador de la sede Totonacapan.<\/p>\n<p>&nbsp;<\/p>\n<div id=\"attachment_31727\" style=\"width: 732px\" class=\"wp-caption aligncenter\"><a href=\"https:\/\/www.uv.mx\/prensa\/files\/2017\/09\/LDEPJ-2-050917.jpg\"><img aria-describedby=\"caption-attachment-31727\" decoding=\"async\" loading=\"lazy\" class=\"size-full wp-image-31727\" src=\"https:\/\/www.uv.mx\/prensa\/files\/2017\/09\/LDEPJ-2-050917.jpg\" alt=\"\" width=\"722\" height=\"541\" srcset=\"https:\/\/www.uv.mx\/prensa\/files\/2017\/09\/LDEPJ-2-050917.jpg 722w, https:\/\/www.uv.mx\/prensa\/files\/2017\/09\/LDEPJ-2-050917-300x225.jpg 300w\" sizes=\"(max-width: 722px) 100vw, 722px\" \/><\/a><p id=\"caption-attachment-31727\" class=\"wp-caption-text\">Estudiantes y asistentes UVI Totonacapan<\/p><\/div>\n<p>&nbsp;<\/p>\n<p>La ceremonia incluy\u00f3 la entrega de reconocimientos a los alumnos destacados en el semestre pasado y obsequios a los de reci\u00e9n ingreso, as\u00ed como la bienvenida a dos estudiantes de movilidad que llegan de la Universidad Aut\u00f3noma Intercultural de Sinaloa.<\/p>\n<p>A la emotividad por estos festejos se sum\u00f3 la asistencia de figuras tan importantes como las abuelas Luciana P\u00e9rez Tiburcio, Mar\u00eda Isabel Villanueva P\u00e9rez y Guadalupe Simbr\u00f3n Garc\u00eda, quienes abrieron el evento a trav\u00e9s del ritual \u201cLitakilhputan\u201d que representa un nuevo comienzo.<\/p>\n<p>Tanto el ritual como parte del programa de actividades fueron biling\u00fces \u2013entre totonaco y espa\u00f1ol\u2013, con la participaci\u00f3n de estudiantes y profesores, pr\u00e1ctica habitual en las actividades de la sede.<\/p>\n<p>El evento present\u00f3 coincidencias afortunadas de factores y actores, y por ello se realiz\u00f3 la entrega de un reconocimiento firmado por la Rector\u00eda y la Secretar\u00eda Acad\u00e9mica a los abuelos del Kantiyan, maestros totonacos que han incorporado sabidur\u00eda, principios y conocimientos sobre su cultura a estudiantes de diferentes generaciones de la UVI Totonacapan, de otras sedes UVI, as\u00ed como de facultades de la regi\u00f3n Poza Rica-Tuxpan de la Universidad Veracruzana, reafirmando la importancia del di\u00e1logo de saberes y la transversalizaci\u00f3n del enfoque intercultural dentro de esta casa de estudio.<\/p>\n<p>&nbsp;<\/p>\n<div id=\"attachment_31729\" style=\"width: 732px\" class=\"wp-caption aligncenter\"><a href=\"https:\/\/www.uv.mx\/prensa\/files\/2017\/09\/LDEPJ-3-050917.jpg\"><img aria-describedby=\"caption-attachment-31729\" decoding=\"async\" loading=\"lazy\" class=\"size-full wp-image-31729\" src=\"https:\/\/www.uv.mx\/prensa\/files\/2017\/09\/LDEPJ-3-050917.jpg\" alt=\"\" width=\"722\" height=\"480\" srcset=\"https:\/\/www.uv.mx\/prensa\/files\/2017\/09\/LDEPJ-3-050917.jpg 722w, https:\/\/www.uv.mx\/prensa\/files\/2017\/09\/LDEPJ-3-050917-300x199.jpg 300w\" sizes=\"(max-width: 722px) 100vw, 722px\" \/><\/a><p id=\"caption-attachment-31729\" class=\"wp-caption-text\">Reconocimiento a los abuelos del Kantiyan<\/p><\/div>\n<p>&nbsp;<\/p>\n<p>Tambi\u00e9n estuvieron personalidades fundamentales del quehacer regional del Totonacapan, como Jos\u00e9 Luis Alan\u00eds M\u00e9ndez, vicerrector de la regi\u00f3n Poza Rica-Tuxpan, aliado fundamental de las sedes Totonacapan y Huasteca en este y otros acontecimientos importantes para la UVI. Tambi\u00e9n asisti\u00f3 Francisco Pancardo Escudero, ex acad\u00e9mico de la sede y primer coordinador.<\/p>\n<p>En este marco, Luis Fern\u00e1ndez Castro, visitador de la Comisi\u00f3n Nacional de Derechos Humanos, ofreci\u00f3 la conferencia inaugural \u201cLa pertinencia socio-jur\u00eddica y educativa de la ense\u00f1anza del pluralismo jur\u00eddico para la defensa de los Derechos Humanos y colectivos de pueblos originarios y grupos vulnerables\u201d.<\/p>\n<p>Durante su disertaci\u00f3n comparti\u00f3 que la LDEPJ es fundamental para las problem\u00e1ticas de justicia social que prevalecen en los contextos de poblaci\u00f3n ind\u00edgena de Veracruz, lo cual plantea retos sobre derechos y justicia social.<\/p>\n<p>Asimismo anim\u00f3 al p\u00fablico con su experiencia y sabidur\u00eda sobre la importancia de la justicia por encima de las leyes y de su interpretaci\u00f3n.<\/p>\n<p>&nbsp;<\/p>\n","protected":false},"excerpt":{"rendered":"<p><strong><em>David R. Islas Bravo.-<\/em><\/strong>La Universidad Veracruzana Intercultural (UVI), sede Totonacapan, dio la bienvenida a estudiantes de nuevo ingreso de la Licenciatura en Gesti\u00f3n Intercultural para el Desarrollo (LGID), el viernes 25 de agosto, a la par del inicio de actividades de la Licenciatura en Derecho con Enfoque de Pluralismo Jur\u00eddico (LDEPJ).<\/p>\n","protected":false},"author":1810,"featured_media":31730,"comment_status":"closed","ping_status":"closed","sticky":false,"template":"","format":"standard","meta":[],"categories":[32],"tags":[33],"_links":{"self":[{"href":"https:\/\/www.uv.mx\/prensa\/wp-json\/wp\/v2\/posts\/31717"}],"collection":[{"href":"https:\/\/www.uv.mx\/prensa\/wp-json\/wp\/v2\/posts"}],"about":[{"href":"https:\/\/www.uv.mx\/prensa\/wp-json\/wp\/v2\/types\/post"}],"author":[{"embeddable":true,"href":"https:\/\/www.uv.mx\/prensa\/wp-json\/wp\/v2\/users\/1810"}],"replies":[{"embeddable":true,"href":"https:\/\/www.uv.mx\/prensa\/wp-json\/wp\/v2\/comments?post=31717"}],"version-history":[{"count":0,"href":"https:\/\/www.uv.mx\/prensa\/wp-json\/wp\/v2\/posts\/31717\/revisions"}],"wp:featuredmedia":[{"embeddable":true,"href":"https:\/\/www.uv.mx\/prensa\/wp-json\/wp\/v2\/media\/31730"}],"wp:attachment":[{"href":"https:\/\/www.uv.mx\/prensa\/wp-json\/wp\/v2\/media?parent=31717"}],"wp:term":[{"taxonomy":"category","embeddable":true,"href":"https:\/\/www.uv.mx\/prensa\/wp-json\/wp\/v2\/categories?post=31717"},{"taxonomy":"post_tag","embeddable":true,"href":"https:\/\/www.uv.mx\/prensa\/wp-json\/wp\/v2\/tags?post=31717"}],"curies":[{"name":"wp","href":"https:\/\/api.w.org\/{rel}","templated":true}]}}