{"id":31498,"date":"2017-08-31T09:19:25","date_gmt":"2017-08-31T14:19:25","guid":{"rendered":"https:\/\/www.uv.mx\/prensa\/?p=31498"},"modified":"2017-08-31T09:19:25","modified_gmt":"2017-08-31T14:19:25","slug":"la-democracia-perdio-credibilidad-jorge-sanchez-morales","status":"publish","type":"post","link":"https:\/\/www.uv.mx\/prensa\/general\/la-democracia-perdio-credibilidad-jorge-sanchez-morales\/","title":{"rendered":"La democracia perdi\u00f3 credibilidad: Jorge S\u00e1nchez Morales"},"content":{"rendered":"<ul>\n<li><em>Como una forma de alternancia en el poder, plante\u00f3 el Magistrado en la conferencia \u201cLa reelecci\u00f3n legislativa y de ayuntamientos\u201d<\/em><\/li>\n<li><em>La mayor\u00eda de los diputados federales llegan sin experiencia legislativa, asegur\u00f3<\/em><\/li>\n<\/ul>\n<p>&nbsp;<\/p>\n<div id=\"attachment_31501\" style=\"width: 732px\" class=\"wp-caption aligncenter\"><a href=\"https:\/\/www.uv.mx\/prensa\/files\/2017\/08\/Reeleccion-de-diputados-1-310817.jpg\"><img loading=\"lazy\" decoding=\"async\" aria-describedby=\"caption-attachment-31501\" class=\"size-full wp-image-31501\" src=\"https:\/\/www.uv.mx\/prensa\/files\/2017\/08\/Reeleccion-de-diputados-1-310817.jpg\" alt=\"\" width=\"722\" height=\"465\" srcset=\"https:\/\/www.uv.mx\/prensa\/files\/2017\/08\/Reeleccion-de-diputados-1-310817.jpg 722w, https:\/\/www.uv.mx\/prensa\/files\/2017\/08\/Reeleccion-de-diputados-1-310817-300x193.jpg 300w\" sizes=\"auto, (max-width: 722px) 100vw, 722px\" \/><\/a><p id=\"caption-attachment-31501\" class=\"wp-caption-text\">Jos\u00e9 Luis Mart\u00ednez Su\u00e1rez, Jos\u00e9 Luis Cuevas Gayosso y Jorge S\u00e1nchez Morales<\/p><\/div>\n<p>&nbsp;<\/p>\n<p><strong><em>Jos\u00e9 Luis Couttolenc Soto<\/em><\/strong><\/p>\n<p>&nbsp;<\/p>\n<p><strong><em>Xalapa, Ver., 31\/08\/2017.-<\/em><\/strong> Con la finalidad de difundir la cultura c\u00edvica y actualizar conocimientos sobre temas pol\u00edticos electorales por los que atraviesa el pa\u00eds, Jorge S\u00e1nchez Morales, magistrado de la Sala Regional Guadalajara del Tribunal Electoral del Poder Judicial de la Federaci\u00f3n, estuvo el lunes 28 de agosto en el Aula Magna \u00abGuillermo Ortiz Mayagoitia\u00bb de la Facultad de Derecho de la Universidad Veracruzana (UV), en donde ofreci\u00f3 la conferencia \u201cLa reelecci\u00f3n legislativa y de ayuntamientos\u201d.<\/p>\n<p>El experto electoral, quien acudi\u00f3 invitado por la Secretar\u00eda Acad\u00e9mica, sostuvo que derivado del Pacto por M\u00e9xico, en 2014 representantes de todas las fuerzas pol\u00edticas suscribieron un acuerdo que incluye el tema de la reelecci\u00f3n como medida para el fortalecimiento de la democracia.<\/p>\n<p>En su exposici\u00f3n, el magistrado hizo una revisi\u00f3n hist\u00f3rica del tema y se\u00f1al\u00f3 que despu\u00e9s de la Constituci\u00f3n de 1917 se trae un esquema que proh\u00edbe la reelecci\u00f3n para todos los cargos de elecci\u00f3n popular, y sobre ese esquema M\u00e9xico fue transitando \u201cpero la gente ya no conf\u00eda en la democracia como una forma de alternancia en el poder\u201d.<\/p>\n<p>&nbsp;<\/p>\n<div id=\"attachment_31502\" style=\"width: 732px\" class=\"wp-caption aligncenter\"><a href=\"https:\/\/www.uv.mx\/prensa\/files\/2017\/08\/Reeleccion-de-diputados-2-310817.jpg\"><img loading=\"lazy\" decoding=\"async\" aria-describedby=\"caption-attachment-31502\" class=\"size-full wp-image-31502\" src=\"https:\/\/www.uv.mx\/prensa\/files\/2017\/08\/Reeleccion-de-diputados-2-310817.jpg\" alt=\"\" width=\"722\" height=\"483\" srcset=\"https:\/\/www.uv.mx\/prensa\/files\/2017\/08\/Reeleccion-de-diputados-2-310817.jpg 722w, https:\/\/www.uv.mx\/prensa\/files\/2017\/08\/Reeleccion-de-diputados-2-310817-300x201.jpg 300w\" sizes=\"auto, (max-width: 722px) 100vw, 722px\" \/><\/a><p id=\"caption-attachment-31502\" class=\"wp-caption-text\">El Magistrado de la Sala Regional Guadalajara del Tribunal Electoral del Poder Judicial de la Federaci\u00f3n<\/p><\/div>\n<p>&nbsp;<\/p>\n<p>Esto, indic\u00f3, llev\u00f3 a incluir el tema de la reelecci\u00f3n con el prop\u00f3sito de contar con una clase pol\u00edtica m\u00e1s preparada, dado que de acuerdo a an\u00e1lisis realizados, se puede observar que de 1933 a 1987 s\u00f3lo el 14 por ciento de todos los diputados federales de M\u00e9xico contaban con experiencia legislativa, lo que lleva a la necesidad de que entren a un proceso de aprendizaje para que conozcan lo que es el derecho parlamentario y c\u00f3mo se trabaja en comisiones, \u201cporque en la actualidad cuando entran en conocimiento pleno de las funciones de un diputado, les informan que ya se van\u201d.<\/p>\n<p>S\u00e1nchez Morales expuso tambi\u00e9n un an\u00e1lisis de la reelecci\u00f3n en Am\u00e9rica Latina (AL) para llegar a los antecedentes de esta figura en nuestro pa\u00eds, destacando que entre los objetivos de la Reforma Constitucional 2014 se encuentran: someter al escrutinio p\u00fablico el desempe\u00f1o y capacidad de los representantes populares; impulsar el profesionalismo de los legisladores e integrantes de los ayuntamientos en el pa\u00eds y poner en primer lugar la voluntad del ciudadano para que sea \u00e9l quien determine la continuidad o no en el cargo de sus representantes.<\/p>\n<p>Finalmente, al abordar los retos que conlleva aplicar la reelecci\u00f3n en los pr\u00f3ximos procesos electorales, mencion\u00f3 que est\u00e1n la separaci\u00f3n del encargo para contender en la reelecci\u00f3n consecutiva; financiamiento para quienes pretenden reelegirse; implicaciones de la redistritaci\u00f3n 2016-2017; rendici\u00f3n de cuentas y evaluaci\u00f3n de gesti\u00f3n; paridad de g\u00e9nero; elecciones por usos y costumbres y, adecuaci\u00f3n de la normatividad interna de los partidos pol\u00edticos para garantizar reglas claras en sus procesos internos.<\/p>\n<p>&nbsp;<\/p>\n<div id=\"attachment_31504\" style=\"width: 732px\" class=\"wp-caption aligncenter\"><a href=\"https:\/\/www.uv.mx\/prensa\/files\/2017\/08\/Reeleccion-de-diputados-3-310817.jpg\"><img loading=\"lazy\" decoding=\"async\" aria-describedby=\"caption-attachment-31504\" class=\"size-full wp-image-31504\" src=\"https:\/\/www.uv.mx\/prensa\/files\/2017\/08\/Reeleccion-de-diputados-3-310817.jpg\" alt=\"\" width=\"722\" height=\"481\" srcset=\"https:\/\/www.uv.mx\/prensa\/files\/2017\/08\/Reeleccion-de-diputados-3-310817.jpg 722w, https:\/\/www.uv.mx\/prensa\/files\/2017\/08\/Reeleccion-de-diputados-3-310817-300x200.jpg 300w\" sizes=\"auto, (max-width: 722px) 100vw, 722px\" \/><\/a><p id=\"caption-attachment-31504\" class=\"wp-caption-text\">Alumnos de Derecho en la conferencia \u201cLa reelecci\u00f3n legislativa y de ayuntamientos\u201d<\/p><\/div>\n<p>&nbsp;<\/p>\n<p>En el pa\u00eds, en 2018 se elegir\u00e1n mil 596 integrantes de ayuntamientos, 160 concejales en la Ciudad de M\u00e9xico y 24 juntas municipales en el estado de Campeche. A nivel federal se encuentra la renovaci\u00f3n de la Presidencia de la Rep\u00fablica, 128 senadores y 500 diputados, mientras que se elegir\u00e1n tambi\u00e9n ocho gobernadores, un Jefe de Gobierno, 591 diputados de mayor\u00eda relativa y 391 diputados de representaci\u00f3n proporcional.<\/p>\n<p>Durante la conferencia estuvieron presentes el director general del \u00c1rea Acad\u00e9mica de Humanidades, Jos\u00e9 Luis Mart\u00ednez Su\u00e1rez, en representaci\u00f3n de la secretaria acad\u00e9mica Leticia Rodr\u00edguez Audirac; el director de la Facultad de Derecho, Jos\u00e9 Luis Cuevas Gayosso, as\u00ed como docentes y alumnos de la propia entidad universitaria.<\/p>\n<p>&nbsp;<\/p>\n","protected":false},"excerpt":{"rendered":"<p><strong><em>Jos\u00e9 Luis Couttolenc.-<\/em><\/strong>Con la finalidad de difundir la cultura c\u00edvica y actualizar conocimientos sobre temas pol\u00edticos electorales por los que atraviesa el pa\u00eds, Jorge S\u00e1nchez Morales, magistrado de la Sala Regional Guadalajara del Tribunal Electoral del Poder Judicial de la Federaci\u00f3n, estuvo el lunes 28 de agosto en el Aula Magna \u00abGuillermo Ortiz Mayagoitia\u00bb de la Facultad de Derecho de la Universidad Veracruzana (UV), en donde ofreci\u00f3 la conferencia \u201cLa reelecci\u00f3n legislativa y de ayuntamientos\u201d.<\/p>\n","protected":false},"author":1810,"featured_media":31503,"comment_status":"closed","ping_status":"closed","sticky":false,"template":"","format":"standard","meta":{"footnotes":""},"categories":[1],"tags":[3],"class_list":["post-31498","post","type-post","status-publish","format-standard","has-post-thumbnail","hentry","category-general","tag-secundarias"],"_links":{"self":[{"href":"https:\/\/www.uv.mx\/prensa\/wp-json\/wp\/v2\/posts\/31498","targetHints":{"allow":["GET"]}}],"collection":[{"href":"https:\/\/www.uv.mx\/prensa\/wp-json\/wp\/v2\/posts"}],"about":[{"href":"https:\/\/www.uv.mx\/prensa\/wp-json\/wp\/v2\/types\/post"}],"author":[{"embeddable":true,"href":"https:\/\/www.uv.mx\/prensa\/wp-json\/wp\/v2\/users\/1810"}],"replies":[{"embeddable":true,"href":"https:\/\/www.uv.mx\/prensa\/wp-json\/wp\/v2\/comments?post=31498"}],"version-history":[{"count":0,"href":"https:\/\/www.uv.mx\/prensa\/wp-json\/wp\/v2\/posts\/31498\/revisions"}],"wp:featuredmedia":[{"embeddable":true,"href":"https:\/\/www.uv.mx\/prensa\/wp-json\/wp\/v2\/media\/31503"}],"wp:attachment":[{"href":"https:\/\/www.uv.mx\/prensa\/wp-json\/wp\/v2\/media?parent=31498"}],"wp:term":[{"taxonomy":"category","embeddable":true,"href":"https:\/\/www.uv.mx\/prensa\/wp-json\/wp\/v2\/categories?post=31498"},{"taxonomy":"post_tag","embeddable":true,"href":"https:\/\/www.uv.mx\/prensa\/wp-json\/wp\/v2\/tags?post=31498"}],"curies":[{"name":"wp","href":"https:\/\/api.w.org\/{rel}","templated":true}]}}