{"id":31391,"date":"2017-08-28T14:24:45","date_gmt":"2017-08-28T19:24:45","guid":{"rendered":"https:\/\/www.uv.mx\/prensa\/?p=31391"},"modified":"2017-08-28T14:24:45","modified_gmt":"2017-08-28T19:24:45","slug":"uv-ofrece-52-programas-de-tutoria-para-la-apreciacion-artistica","status":"publish","type":"post","link":"https:\/\/www.uv.mx\/prensa\/general\/uv-ofrece-52-programas-de-tutoria-para-la-apreciacion-artistica\/","title":{"rendered":"UV ofrece 52 programas de Tutor\u00eda para la Apreciaci\u00f3n Art\u00edstica"},"content":{"rendered":"<p>&nbsp;<\/p>\n<ul>\n<li><em>No s\u00f3lo acercan a los estudiantes a la cultura, sino colaboran para su formaci\u00f3n integral<\/em><\/li>\n<li><em>La fecha l\u00edmite para inscribirse es el 8 de septiembre y la informaci\u00f3n se encuentra en: <a href=\"http:\/\/bit.ly\/2bwgJ9c\">http:\/\/bit.ly\/2bwgJ9c<\/a> <\/em><\/li>\n<\/ul>\n<p>&nbsp;<\/p>\n<div id=\"attachment_31400\" style=\"width: 732px\" class=\"wp-caption aligncenter\"><a href=\"https:\/\/www.uv.mx\/prensa\/files\/2017\/08\/Foto-1-Tutoria-280817-ok.jpg\"><img aria-describedby=\"caption-attachment-31400\" decoding=\"async\" loading=\"lazy\" class=\"size-full wp-image-31400\" src=\"https:\/\/www.uv.mx\/prensa\/files\/2017\/08\/Foto-1-Tutoria-280817-ok.jpg\" alt=\"\" width=\"722\" height=\"481\" srcset=\"https:\/\/www.uv.mx\/prensa\/files\/2017\/08\/Foto-1-Tutoria-280817-ok.jpg 722w, https:\/\/www.uv.mx\/prensa\/files\/2017\/08\/Foto-1-Tutoria-280817-ok-300x200.jpg 300w\" sizes=\"(max-width: 722px) 100vw, 722px\" \/><\/a><p id=\"caption-attachment-31400\" class=\"wp-caption-text\">Cathy Hern\u00e1ndez, Carlos IV Escudero y Dalia Aquino destacaron la importancia de esta iniciativa<\/p><\/div>\n<p>&nbsp;<\/p>\n<p><strong><em>Paola Cort\u00e9s P\u00e9rez<\/em><\/strong><\/p>\n<p><strong><em>\u00a0<\/em><\/strong><\/p>\n<p><strong><em>Xalapa, Ver., 28\/08\/2017.-<\/em><\/strong> El Departamento de Apoyo a la Formaci\u00f3n Integral del Estudiante, adscrito a la Direcci\u00f3n General de Desarrollo Acad\u00e9mico e Innovaci\u00f3n Educativa (DGDAIE) de la Universidad Veracruzana (UV), invita a estudiantes, personal acad\u00e9mico y administrativo de esta instituci\u00f3n, a cursar algunos de los programas de Tutor\u00eda para la Apreciaci\u00f3n Art\u00edstica.<\/p>\n<p>Carlos IV Escudero Ocampo, responsable del \u00e1rea de Tutor\u00eda para la Apreciaci\u00f3n Art\u00edstica, coment\u00f3 que cada semestre la Universidad ofrece 52 programas en las \u00e1reas de m\u00fasica, teatro, baile, dibujo, canto, entre otras.<\/p>\n<p>\u201cEstos programas son para acercar a los estudiantes, con el objetivo de que su formaci\u00f3n sea integral. Tambi\u00e9n queremos que la comunidad universitaria se acerque y aproveche la oportunidad que ofrece la Universidad.\u201d<\/p>\n<p>Las clases son impartidas por ejecutantes de los grupos art\u00edsticos y musicales de esta casa de estudio, por lo que estas experiencias son altamente enriquecedoras.<\/p>\n<p>Mencion\u00f3 que las tutor\u00edas se ofrecen cada semestre y en promedio tienen una asistencia de 300 estudiantes, de ellos alrededor de 50 son acad\u00e9micos y\/o personal administrativo.<\/p>\n<p>Hasta el momento, las tutor\u00edas de apreciaci\u00f3n art\u00edstica s\u00f3lo est\u00e1n disponibles en Xalapa y Veracruz-Boca del R\u00edo, y no se descarta extenderlas a las dem\u00e1s regiones en cuanto sea posible.<\/p>\n<p>Escudero Ocampo detall\u00f3 que cada programa otorga tres cr\u00e9ditos al estudiante que lo curse y tiene una duraci\u00f3n de 30 horas en total. Estas tutor\u00edas son totalmente gratuitas y quienes deseen participar en aquellas que ense\u00f1an a tocar un instrumento, pueden hacerlo aunque no cuenten con \u00e9ste.<\/p>\n<p>El inicio de clases es el 4 de septiembre, aunque los estudiantes, acad\u00e9micos y personal administrativo interesados en alguno de los cursos tienen hasta el 8 de septiembre para inscribirse.<\/p>\n<p>Para mayor informaci\u00f3n sobre las tutor\u00edas, horarios, sedes, disponibilidad y qui\u00e9n las imparte, consultar el enlace <a href=\"http:\/\/bit.ly\/2bwgJ9c\"><em>http:\/\/bit.ly\/2bwgJ9c<\/em><\/a>, en el que tambi\u00e9n pueden llevar a cabo su inscripci\u00f3n.<\/p>\n<p>\u201cEstos programas no s\u00f3lo acercan a los j\u00f3venes a la cultura, sino que complementan su formaci\u00f3n integral\u201d, coment\u00f3 Carlos Escudero.<\/p>\n<p>Dalia Aquino Cruz es estudiante del programa educativo de M\u00fasica y realiza su servicio social en el Departamento de Apoyo a la Formaci\u00f3n Integral del Estudiante, en el que conoci\u00f3 las tutor\u00edas de apreciaci\u00f3n art\u00edstica que ofrece la Universidad.<\/p>\n<p>\u201cMe enter\u00e9 de \u00e9stas al hacer mi servicio social, pues parte de mi trabajo fue recorrer cada una de ellas, las conoc\u00ed y vi cu\u00e1les son las que generan mayor inter\u00e9s entre los chicos.\u201d<\/p>\n<p>A partir de este recorrido, Dalia decidi\u00f3 inscribirse en una clase para complementar su formaci\u00f3n profesional, ya que la Facultad no ofrece un perfil de egreso enfocado a la m\u00fasica popular, as\u00ed que toma la clase de ejecuci\u00f3n de la jarana en el son jarocho.<\/p>\n<p>\u201cEs una oportunidad para diversificar tus saberes y para socializar con personas de distintos programas educativos. Adem\u00e1s, el horario es muy c\u00f3modo, s\u00f3lo se imparten una vez a la semana durante 10 sesiones y te dan cr\u00e9ditos por asistir.\u201d<\/p>\n<p>Coment\u00f3 que en el estudio realizado encontr\u00f3 que los programas m\u00e1s solicitados por los estudiantes son baile y teatro, espec\u00edficamente el \u00abBaile afrocubano veracruzano\u00bb, \u00abRitmos latinos\u00bb y \u00abVamos de parranda al teatro\u00bb.<\/p>\n<p>Anid Cathy Hern\u00e1ndez Baruch, docente del programa educativo de Pedagog\u00eda del Sistema de Ense\u00f1anza Abierta (SEA), expres\u00f3 que estos programas ayudan al acad\u00e9mico a complementar su formaci\u00f3n pedag\u00f3gica.<\/p>\n<p>\u201cDurante tres a\u00f1os he participado en diversos programas de la Tutor\u00eda para la Apreciaci\u00f3n Art\u00edstica, principalmente de teatro y baile, puedo decir que son muy din\u00e1micos y como docente me han enriquecido.\u201d<\/p>\n<p>Para mayor informaci\u00f3n sobre los programas que se ofrecen consultar <a href=\"http:\/\/www.sitonline.com.mx\/estudiantes\/index_pafitrece.php\">http:\/\/www.sitonline.com.mx\/estudiantes\/index_pafitrece.php<\/a>, o comunicarse al Departamento de Apoyo a la Formaci\u00f3n Integral del Estudiante al tel\u00e9fono (228) 8421700, extensiones 18702 y 18902.<\/p>\n","protected":false},"excerpt":{"rendered":"<p><strong><em>Paola Cort\u00e9s.-<\/em><\/strong>El Departamento de Apoyo a la Formaci\u00f3n Integral del Estudiante, adscrito a la Direcci\u00f3n General de Desarrollo Acad\u00e9mico e Innovaci\u00f3n Educativa (DGDAIE) de la Universidad Veracruzana (UV), invita a estudiantes, personal acad\u00e9mico y administrativo de esta instituci\u00f3n, a cursar algunos de los programas de Tutor\u00eda para la Apreciaci\u00f3n Art\u00edstica.<\/p>\n","protected":false},"author":1810,"featured_media":31401,"comment_status":"closed","ping_status":"closed","sticky":false,"template":"","format":"standard","meta":[],"categories":[1],"tags":[3],"_links":{"self":[{"href":"https:\/\/www.uv.mx\/prensa\/wp-json\/wp\/v2\/posts\/31391"}],"collection":[{"href":"https:\/\/www.uv.mx\/prensa\/wp-json\/wp\/v2\/posts"}],"about":[{"href":"https:\/\/www.uv.mx\/prensa\/wp-json\/wp\/v2\/types\/post"}],"author":[{"embeddable":true,"href":"https:\/\/www.uv.mx\/prensa\/wp-json\/wp\/v2\/users\/1810"}],"replies":[{"embeddable":true,"href":"https:\/\/www.uv.mx\/prensa\/wp-json\/wp\/v2\/comments?post=31391"}],"version-history":[{"count":0,"href":"https:\/\/www.uv.mx\/prensa\/wp-json\/wp\/v2\/posts\/31391\/revisions"}],"wp:featuredmedia":[{"embeddable":true,"href":"https:\/\/www.uv.mx\/prensa\/wp-json\/wp\/v2\/media\/31401"}],"wp:attachment":[{"href":"https:\/\/www.uv.mx\/prensa\/wp-json\/wp\/v2\/media?parent=31391"}],"wp:term":[{"taxonomy":"category","embeddable":true,"href":"https:\/\/www.uv.mx\/prensa\/wp-json\/wp\/v2\/categories?post=31391"},{"taxonomy":"post_tag","embeddable":true,"href":"https:\/\/www.uv.mx\/prensa\/wp-json\/wp\/v2\/tags?post=31391"}],"curies":[{"name":"wp","href":"https:\/\/api.w.org\/{rel}","templated":true}]}}