{"id":30964,"date":"2017-08-18T14:30:52","date_gmt":"2017-08-18T19:30:52","guid":{"rendered":"https:\/\/www.uv.mx\/prensa\/?p=30964"},"modified":"2017-08-18T14:30:52","modified_gmt":"2017-08-18T19:30:52","slug":"licenciatura-en-teatro-de-la-uv-recibio-reacreditacion-de-caesa","status":"publish","type":"post","link":"https:\/\/www.uv.mx\/prensa\/general\/licenciatura-en-teatro-de-la-uv-recibio-reacreditacion-de-caesa\/","title":{"rendered":"Licenciatura en Teatro de la UV recibi\u00f3 reacreditaci\u00f3n de CAESA"},"content":{"rendered":"<ul>\n<li><em>Vigente por cinco a\u00f1os<\/em><\/li>\n<li><em>El claustro de profesores tiene amplia experiencia profesional y reconocimiento nacional e internacional en el campo del teatro<\/em><\/li>\n<\/ul>\n<p>&nbsp;<\/p>\n<div id=\"attachment_30967\" style=\"width: 732px\" class=\"wp-caption aligncenter\"><a href=\"https:\/\/www.uv.mx\/prensa\/files\/2017\/08\/Foto-1-banner-y-destacada-180817.jpg\"><img loading=\"lazy\" decoding=\"async\" aria-describedby=\"caption-attachment-30967\" class=\"size-full wp-image-30967\" src=\"https:\/\/www.uv.mx\/prensa\/files\/2017\/08\/Foto-1-banner-y-destacada-180817.jpg\" alt=\"\" width=\"722\" height=\"481\" srcset=\"https:\/\/www.uv.mx\/prensa\/files\/2017\/08\/Foto-1-banner-y-destacada-180817.jpg 722w, https:\/\/www.uv.mx\/prensa\/files\/2017\/08\/Foto-1-banner-y-destacada-180817-300x200.jpg 300w\" sizes=\"auto, (max-width: 722px) 100vw, 722px\" \/><\/a><p id=\"caption-attachment-30967\" class=\"wp-caption-text\">Con un fragmento de Esto no es una comedia, estudiantes celebraron el acontecimiento<\/p><\/div>\n<p>&nbsp;<\/p>\n<p>&nbsp;<\/p>\n<p>&nbsp;<\/p>\n<p><strong><em>Karina de la Paz Reyes D\u00edaz<\/em><\/strong><\/p>\n<p>&nbsp;<\/p>\n<p><strong><em>Xalapa, Ver., 18\/08\/2017.-<\/em><\/strong> El Consejo para la Acreditaci\u00f3n de la Educaci\u00f3n Superior de las Artes (CAESA), A.C., entreg\u00f3 el reconocimiento de reacreditaci\u00f3n al programa educativo (PE) de la Licenciatura en Teatro de la Universidad Veracruzana (UV), con una vigencia de cinco a\u00f1os (2016-2021), este viernes 18 de agosto en el Foro \u201cMiguel Herrera\u201d de la Casa del Lago, Centro Cultural.<\/p>\n<p>La ceremonia fue presidida por la rectora Sara Ladr\u00f3n de Guevara; el presidente interino del CAESA e integrante de la comunidad acad\u00e9mica de la Universidad Aut\u00f3noma de Nuevo Le\u00f3n, Mario Alberto M\u00e9ndez Ram\u00edrez; el director general del \u00c1rea Acad\u00e9mica de Artes, Miguel Flores Covarrubias, y el director de la Facultad de Teatro, Nerio Gonz\u00e1lez Morales.<\/p>\n<p>La Rectora destac\u00f3 el significado, la importancia y la trascendencia que para la instituci\u00f3n, para la cultura esc\u00e9nica de la entidad, as\u00ed como para el proceso de formaci\u00f3n de los hombres y las mujeres de tablas, tiene esta reacreditaci\u00f3n.<\/p>\n<p>&nbsp;<\/p>\n<div id=\"attachment_30969\" style=\"width: 732px\" class=\"wp-caption aligncenter\"><a href=\"https:\/\/www.uv.mx\/prensa\/files\/2017\/08\/180817-Foto-2-ok.jpg\"><img loading=\"lazy\" decoding=\"async\" aria-describedby=\"caption-attachment-30969\" class=\"size-full wp-image-30969\" src=\"https:\/\/www.uv.mx\/prensa\/files\/2017\/08\/180817-Foto-2-ok.jpg\" alt=\"\" width=\"722\" height=\"481\" srcset=\"https:\/\/www.uv.mx\/prensa\/files\/2017\/08\/180817-Foto-2-ok.jpg 722w, https:\/\/www.uv.mx\/prensa\/files\/2017\/08\/180817-Foto-2-ok-300x200.jpg 300w\" sizes=\"auto, (max-width: 722px) 100vw, 722px\" \/><\/a><p id=\"caption-attachment-30969\" class=\"wp-caption-text\">CAESA reacredit\u00f3 de 2016 al 2021 el PE de la Licenciatura en Teatro<\/p><\/div>\n<p>&nbsp;<\/p>\n<p>Enfatiz\u00f3 tambi\u00e9n que el dictamen en el cual se expres\u00f3 el\u00a0\u00a0\u00a0\u00a0 resultado de la evaluaci\u00f3n fue enviado el 14 de diciembre de 2016, y las observaciones emitidas dejaron constancia de que el programa educativo cuenta con un claustro de profesores con amplia\u00a0\u00a0\u00a0\u00a0\u00a0\u00a0\u00a0\u00a0\u00a0\u00a0\u00a0 experiencia profesional y reconocimiento nacional e internacional en el campo del teatro.<\/p>\n<p>Otra de las fortalezas identificadas fue el sentido de identidad y pertenencia de los estudiantes y profesores, lo cual es un aspecto meritorio, as\u00ed como la dinamizaci\u00f3n del campo teatral generado por la comunidad (enti\u00e9ndase estudiantes, egresados y profesores).<\/p>\n<p>\u201cMe congratulo, pues, de que una licenciatura con tanta historia, arraigo y tradici\u00f3n en esta casa de estudio vea reafirmada su condici\u00f3n de programa educativo de calidad, y felicito, c\u00e1lida y entusiastamente, a todo el personal humano de esta instancia que ha hecho posible este logro que nos enorgullece y nos reafirma en el camino emprendido.\u201d<\/p>\n<p>Por su parte, Nerio Gonz\u00e1lez coment\u00f3 que desde su fundaci\u00f3n en 1976, la Facultad de Teatro ha estado consciente de su importante misi\u00f3n, pues surgi\u00f3 como un espacio creativo de formaci\u00f3n y reflexi\u00f3n, donde el conocimiento en torno al arte esc\u00e9nico se analiza y comprende.<\/p>\n<p>De acuerdo con sus palabras, en estos 41 a\u00f1os la Facultad ha sabido reconocer sus fortalezas, pero tambi\u00e9n sus \u00e1reas de oportunidad y a partir de ese diagn\u00f3stico se han planteado estrategias para continuar ofreciendo una formaci\u00f3n profesional de calidad, acorde a las necesidades locales, nacionales e internacionales, pero sobre todo a la demanda social de un sector m\u00e1s creativo y pertinente, menos violento y m\u00e1s incluyente.<\/p>\n<p>&nbsp;<\/p>\n<div id=\"attachment_30970\" style=\"width: 732px\" class=\"wp-caption aligncenter\"><a href=\"https:\/\/www.uv.mx\/prensa\/files\/2017\/08\/180817-Foto-3-ok.jpg\"><img loading=\"lazy\" decoding=\"async\" aria-describedby=\"caption-attachment-30970\" class=\"size-full wp-image-30970\" src=\"https:\/\/www.uv.mx\/prensa\/files\/2017\/08\/180817-Foto-3-ok.jpg\" alt=\"\" width=\"722\" height=\"361\" srcset=\"https:\/\/www.uv.mx\/prensa\/files\/2017\/08\/180817-Foto-3-ok.jpg 722w, https:\/\/www.uv.mx\/prensa\/files\/2017\/08\/180817-Foto-3-ok-300x150.jpg 300w\" sizes=\"auto, (max-width: 722px) 100vw, 722px\" \/><\/a><p id=\"caption-attachment-30970\" class=\"wp-caption-text\">Autoridades universitarias, el presidente de la CAESA e integrantes del comit\u00e9 de reacreditaci\u00f3n<\/p><\/div>\n<p>&nbsp;<\/p>\n<p>Miguel Flores remarc\u00f3 que esta reacreditaci\u00f3n es una de las encomiendas del Plan de Trabajo Estrat\u00e9gico 2013-2017 \u201cTradici\u00f3n e innovaci\u00f3n\u201d. Para el funcionario universitario, el compromiso con la acreditaci\u00f3n se entiende como el establecimiento de una cultura acad\u00e9mica de rendici\u00f3n de cuentas ante la sociedad que la sustenta, y de responsabilidad con la raz\u00f3n de ser de la instituci\u00f3n: los estudiantes.<\/p>\n<p>\u201cEste compromiso institucional ser\u00eda letra muerta si no hubiera sido asumido por esta gran comunidad creativa de la Facultad de Teatro. La celebraci\u00f3n de esta reacreditaci\u00f3n, con vigencia hasta el 13 de diciembre de 2021, no se estar\u00eda llevando a cabo sin el liderazgo de su director y el acompa\u00f1amiento de su apasionada y valiosa comunidad\u201d, destac\u00f3.<\/p>\n<p>En tanto, Mario Alberto M\u00e9ndez, como presidente interino de CAESA, tambi\u00e9n destac\u00f3 la suma de voluntades de la comunidad de esta facultad para lograr la reacreditaci\u00f3n.<\/p>\n<p>Asimismo, hizo hincapi\u00e9 en que en el pa\u00eds en general no es f\u00e1cil llevar a cabo programas acad\u00e9micos abocados a las artes, de ah\u00ed la importancia de la presencia que desde hace m\u00e1s de cuatro d\u00e9cadas tiene la Facultad de Teatro y el cuerpo acad\u00e9mico consolidado con el que cuenta.<\/p>\n<p>\u201cEso significa que estamos no s\u00f3lo repitiendo el conocimiento, sino generando m\u00e1s conocimiento, lo cual es tan importante para crear identidad propia y expresar nuestras ideas\u201d, dijo. Acto seguido, entreg\u00f3 el reconocimiento de reacreditaci\u00f3n a las autoridades universitarias, lo cual fue motivo de j\u00fabilo para los ah\u00ed reunidos.<\/p>\n<p>La ceremonia tambi\u00e9n fue presidida por la directora de Planeaci\u00f3n Institucional, Laura Elena Mart\u00ednez M\u00e1rquez; la secretaria acad\u00e9mica, Leticia Rodr\u00edguez Audirac; y los secretarios de Administraci\u00f3n y Finanzas, y de la Rector\u00eda, Gerardo Garc\u00eda Ricardo y Octavio Ochoa Contreras, respectivamente.<\/p>\n<p>Al t\u00e9rmino de la ceremonia oficial, 15 estudiantes de la Facultad de Teatro, del Taller de Teatro y Pr\u00e1ctica Esc\u00e9nica A, presentaron un fragmento de la obra <em>Esto no es una comedia.<\/em><\/p>\n","protected":false},"excerpt":{"rendered":"<p><strong><em>Karina de la Paz Reyes.-<\/em><\/strong>El Consejo para la Acreditaci\u00f3n de la Educaci\u00f3n Superior de las Artes (CAESA), A.C., entreg\u00f3 el reconocimiento de reacreditaci\u00f3n al programa educativo (PE) de la Licenciatura en Teatro de la Universidad Veracruzana (UV), con una vigencia de cinco a\u00f1os (2016-2021), este viernes 18 de agosto en el Foro \u201cMiguel Herrera\u201d de la Casa del Lago, Centro Cultural.<\/p>\n","protected":false},"author":1810,"featured_media":30968,"comment_status":"closed","ping_status":"closed","sticky":false,"template":"","format":"standard","meta":{"footnotes":""},"categories":[1],"tags":[2],"class_list":["post-30964","post","type-post","status-publish","format-standard","has-post-thumbnail","hentry","category-general","tag-principal"],"_links":{"self":[{"href":"https:\/\/www.uv.mx\/prensa\/wp-json\/wp\/v2\/posts\/30964","targetHints":{"allow":["GET"]}}],"collection":[{"href":"https:\/\/www.uv.mx\/prensa\/wp-json\/wp\/v2\/posts"}],"about":[{"href":"https:\/\/www.uv.mx\/prensa\/wp-json\/wp\/v2\/types\/post"}],"author":[{"embeddable":true,"href":"https:\/\/www.uv.mx\/prensa\/wp-json\/wp\/v2\/users\/1810"}],"replies":[{"embeddable":true,"href":"https:\/\/www.uv.mx\/prensa\/wp-json\/wp\/v2\/comments?post=30964"}],"version-history":[{"count":0,"href":"https:\/\/www.uv.mx\/prensa\/wp-json\/wp\/v2\/posts\/30964\/revisions"}],"wp:featuredmedia":[{"embeddable":true,"href":"https:\/\/www.uv.mx\/prensa\/wp-json\/wp\/v2\/media\/30968"}],"wp:attachment":[{"href":"https:\/\/www.uv.mx\/prensa\/wp-json\/wp\/v2\/media?parent=30964"}],"wp:term":[{"taxonomy":"category","embeddable":true,"href":"https:\/\/www.uv.mx\/prensa\/wp-json\/wp\/v2\/categories?post=30964"},{"taxonomy":"post_tag","embeddable":true,"href":"https:\/\/www.uv.mx\/prensa\/wp-json\/wp\/v2\/tags?post=30964"}],"curies":[{"name":"wp","href":"https:\/\/api.w.org\/{rel}","templated":true}]}}