{"id":30778,"date":"2017-08-15T13:59:15","date_gmt":"2017-08-15T18:59:15","guid":{"rendered":"https:\/\/www.uv.mx\/prensa\/?p=30778"},"modified":"2017-08-15T13:59:15","modified_gmt":"2017-08-15T18:59:15","slug":"uv-inauguro-licenciatura-en-ciencias-politicas-y-gestion-publica","status":"publish","type":"post","link":"https:\/\/www.uv.mx\/prensa\/general\/uv-inauguro-licenciatura-en-ciencias-politicas-y-gestion-publica\/","title":{"rendered":"UV inaugur\u00f3 Licenciatura en Ciencias Pol\u00edticas y Gesti\u00f3n P\u00fablica"},"content":{"rendered":"<p><strong>\u00a0<\/strong><\/p>\n<ul>\n<li><em>Autoridades universitarias inauguraron las actividades del programa que se imparte en FCAS<\/em><\/li>\n<li><em>Beatriz Paredes ofreci\u00f3 la conferencia de bienvenida a la primera generaci\u00f3n de este programa educativo<\/em><\/li>\n<\/ul>\n<p>&nbsp;<\/p>\n<div id=\"attachment_30779\" style=\"width: 732px\" class=\"wp-caption aligncenter\"><a href=\"https:\/\/www.uv.mx\/prensa\/files\/2017\/08\/Licenciatura-Ciencias-Politicas-1-1508917.jpg\"><img loading=\"lazy\" decoding=\"async\" aria-describedby=\"caption-attachment-30779\" class=\"size-full wp-image-30779\" src=\"https:\/\/www.uv.mx\/prensa\/files\/2017\/08\/Licenciatura-Ciencias-Politicas-1-1508917.jpg\" alt=\"\" width=\"722\" height=\"482\" srcset=\"https:\/\/www.uv.mx\/prensa\/files\/2017\/08\/Licenciatura-Ciencias-Politicas-1-1508917.jpg 722w, https:\/\/www.uv.mx\/prensa\/files\/2017\/08\/Licenciatura-Ciencias-Politicas-1-1508917-300x200.jpg 300w\" sizes=\"auto, (max-width: 722px) 100vw, 722px\" \/><\/a><p id=\"caption-attachment-30779\" class=\"wp-caption-text\">Autoridades universitarias inauguraron las actividades de la licenciatura<\/p><\/div>\n<p>&nbsp;<\/p>\n<p><strong><em>Paola Cort\u00e9s P\u00e9rez<\/em><\/strong><\/p>\n<p>&nbsp;<\/p>\n<p><strong><em>Xalapa, Ver., 15\/08\/2017.-<\/em><\/strong> Un total de 40 estudiantes integran la primera generaci\u00f3n de la Licenciatura en Ciencias Pol\u00edticas y Gesti\u00f3n P\u00fablica de la Universidad Veracruzana (UV), programa educativo (PE) adscrito a la Facultad de Ciencias Administrativas y Sociales (FCAS) cuyas actividades iniciaron el lunes 14 de agosto, con una conferencia magistral a cargo de la ex embajadora de M\u00e9xico en Brasil y soci\u00f3loga de formaci\u00f3n, Beatriz Paredes Rangel.<\/p>\n<p>La inauguraci\u00f3n se llev\u00f3 a cabo en la galer\u00eda de la FCAS, encabezada por la rectora Sara Ladr\u00f3n de Guevara; la secretaria acad\u00e9mica, Leticia Rodr\u00edguez Audirac; y el secretario de Administraci\u00f3n y Finanzas, Gerardo Garc\u00eda Ricardo.<\/p>\n<p>Martha Patricia Dom\u00ednguez Chenge, directora de FCAS, dijo que la primera generaci\u00f3n se enmarca en un contexto social en el que debe reivindicarse el quehacer pol\u00edtico, al convertirse en sin\u00f3nimo de corrupci\u00f3n y empirismo de funciones.<\/p>\n<p>&nbsp;<\/p>\n<div id=\"attachment_30780\" style=\"width: 732px\" class=\"wp-caption aligncenter\"><a href=\"https:\/\/www.uv.mx\/prensa\/files\/2017\/08\/Licenciatura-Ciencias-Politicas-2-150817.jpg\"><img loading=\"lazy\" decoding=\"async\" aria-describedby=\"caption-attachment-30780\" class=\"size-full wp-image-30780\" src=\"https:\/\/www.uv.mx\/prensa\/files\/2017\/08\/Licenciatura-Ciencias-Politicas-2-150817.jpg\" alt=\"\" width=\"722\" height=\"482\" srcset=\"https:\/\/www.uv.mx\/prensa\/files\/2017\/08\/Licenciatura-Ciencias-Politicas-2-150817.jpg 722w, https:\/\/www.uv.mx\/prensa\/files\/2017\/08\/Licenciatura-Ciencias-Politicas-2-150817-300x200.jpg 300w\" sizes=\"auto, (max-width: 722px) 100vw, 722px\" \/><\/a><p id=\"caption-attachment-30780\" class=\"wp-caption-text\">Patricia Dom\u00ednguez dijo que la UV contribuye a generar nuevos polit\u00f3logos<\/p><\/div>\n<p>&nbsp;<\/p>\n<p>\u201cAnte este panorama, la Universidad atendi\u00f3 a su responsabilidad, hist\u00f3rica e institucional, al crear un programa para formar una \u00a0\u00a0\u00a0\u00a0\u00a0 nueva generaci\u00f3n de administradores p\u00fablicos que transitan del simplismo de la pr\u00e1ctica hacia una perspectiva cient\u00edfica de la pol\u00edtica.\u201d<\/p>\n<p>En tanto, Sara Ladr\u00f3n de Guevara mencion\u00f3 que una de las responsabilidades que debe tener una universidad p\u00fablica es responder a las necesidades y exigencias de la sociedad, y una de las mejores maneras de cumplir es ofrecer nuevos PE a los j\u00f3venes, para formarse en nuevos campos del quehacer humano.<\/p>\n<p>Puntualiz\u00f3 que el egresado de esta licenciatura \u201cestar\u00e1 capacitado en el desempe\u00f1o de las funciones de la gesti\u00f3n p\u00fablica y para llevar a cabo las actividades rutinarias en esta materia, as\u00ed como para resolver e innovar en escenarios y contextos diversos\u201d.<\/p>\n<p>&nbsp;<\/p>\n<div id=\"attachment_30781\" style=\"width: 732px\" class=\"wp-caption aligncenter\"><a href=\"https:\/\/www.uv.mx\/prensa\/files\/2017\/08\/Licenciatura-Ciencias-Politicas-3-150817.jpg\"><img loading=\"lazy\" decoding=\"async\" aria-describedby=\"caption-attachment-30781\" class=\"size-full wp-image-30781\" src=\"https:\/\/www.uv.mx\/prensa\/files\/2017\/08\/Licenciatura-Ciencias-Politicas-3-150817.jpg\" alt=\"\" width=\"722\" height=\"482\" srcset=\"https:\/\/www.uv.mx\/prensa\/files\/2017\/08\/Licenciatura-Ciencias-Politicas-3-150817.jpg 722w, https:\/\/www.uv.mx\/prensa\/files\/2017\/08\/Licenciatura-Ciencias-Politicas-3-150817-300x200.jpg 300w\" sizes=\"auto, (max-width: 722px) 100vw, 722px\" \/><\/a><p id=\"caption-attachment-30781\" class=\"wp-caption-text\">La Rectora encabez\u00f3 la ceremonia de inicio de actividades del programa educativo<\/p><\/div>\n<p>&nbsp;<\/p>\n<p>En tanto, Leticia Rodr\u00edguez coment\u00f3 que la Licenciatura en Ciencias Pol\u00edticas y Gesti\u00f3n P\u00fablica es un programa dise\u00f1ado bajo estrictos criterios de calidad acad\u00e9mica y con pertinencia social. \u201cEs una se\u00f1al del compromiso social e inter\u00e9s en la formaci\u00f3n de calidad de los estudiantes\u201d.<\/p>\n<p>En la conferencia inaugural, Beatriz Paredes dijo que un cient\u00edfico pol\u00edtico siempre debe estar seguro de lo que quiere, a fin de evitar ser usado por intereses individuales.<\/p>\n<p>La pol\u00edtica \u201ces una carrera que siempre les plantear\u00e1 disyuntivas, en alg\u00fan momento les plantear\u00e1n corromperse, por eso siempre deben tener claro de qu\u00e9 lado est\u00e1n, si del uno por ciento que acumula la riqueza o de los m\u00e1s necesitados.\u201d<\/p>\n<p>Por \u00faltimo, subray\u00f3 que la ciencia pol\u00edtica no es un objeto de mercado, sino una definici\u00f3n existencial por una vocaci\u00f3n, la cual puede ser por el poder o por el servicio, pero no es lo mismo, por eso \u201cuno debe reflexionar constantemente y preguntarse a s\u00ed mismo por qu\u00e9 quiero estudiar esta carrera\u201d.<\/p>\n<div id=\"attachment_30782\" style=\"width: 732px\" class=\"wp-caption aligncenter\"><a href=\"https:\/\/www.uv.mx\/prensa\/files\/2017\/08\/Licenciatura-Ciencias-Politicas-4-150817.jpg\"><img loading=\"lazy\" decoding=\"async\" aria-describedby=\"caption-attachment-30782\" class=\"size-full wp-image-30782\" src=\"https:\/\/www.uv.mx\/prensa\/files\/2017\/08\/Licenciatura-Ciencias-Politicas-4-150817.jpg\" alt=\"\" width=\"722\" height=\"482\" srcset=\"https:\/\/www.uv.mx\/prensa\/files\/2017\/08\/Licenciatura-Ciencias-Politicas-4-150817.jpg 722w, https:\/\/www.uv.mx\/prensa\/files\/2017\/08\/Licenciatura-Ciencias-Politicas-4-150817-300x200.jpg 300w\" sizes=\"auto, (max-width: 722px) 100vw, 722px\" \/><\/a><p id=\"caption-attachment-30782\" class=\"wp-caption-text\">Beatriz Paredes Rangel ofreci\u00f3 una pl\u00e1tica a los estudiantes de nuevo ingreso<\/p><\/div>\n","protected":false},"excerpt":{"rendered":"<p><strong><em>Paola Cort\u00e9s .-<\/em><\/strong>Un total de 40 estudiantes integran la primera generaci\u00f3n de la Licenciatura en Ciencias Pol\u00edticas y Gesti\u00f3n P\u00fablica de la Universidad Veracruzana (UV), programa educativo (PE) adscrito a la Facultad de Ciencias Administrativas y Sociales (FCAS) cuyas actividades iniciaron el lunes 14 de agosto, con una conferencia magistral a cargo de la ex embajadora de M\u00e9xico en Brasil y soci\u00f3loga de formaci\u00f3n, Beatriz Paredes Rangel.<\/p>\n","protected":false},"author":1810,"featured_media":30783,"comment_status":"closed","ping_status":"closed","sticky":false,"template":"","format":"standard","meta":{"footnotes":""},"categories":[1],"tags":[3],"class_list":["post-30778","post","type-post","status-publish","format-standard","has-post-thumbnail","hentry","category-general","tag-secundarias"],"_links":{"self":[{"href":"https:\/\/www.uv.mx\/prensa\/wp-json\/wp\/v2\/posts\/30778","targetHints":{"allow":["GET"]}}],"collection":[{"href":"https:\/\/www.uv.mx\/prensa\/wp-json\/wp\/v2\/posts"}],"about":[{"href":"https:\/\/www.uv.mx\/prensa\/wp-json\/wp\/v2\/types\/post"}],"author":[{"embeddable":true,"href":"https:\/\/www.uv.mx\/prensa\/wp-json\/wp\/v2\/users\/1810"}],"replies":[{"embeddable":true,"href":"https:\/\/www.uv.mx\/prensa\/wp-json\/wp\/v2\/comments?post=30778"}],"version-history":[{"count":0,"href":"https:\/\/www.uv.mx\/prensa\/wp-json\/wp\/v2\/posts\/30778\/revisions"}],"wp:featuredmedia":[{"embeddable":true,"href":"https:\/\/www.uv.mx\/prensa\/wp-json\/wp\/v2\/media\/30783"}],"wp:attachment":[{"href":"https:\/\/www.uv.mx\/prensa\/wp-json\/wp\/v2\/media?parent=30778"}],"wp:term":[{"taxonomy":"category","embeddable":true,"href":"https:\/\/www.uv.mx\/prensa\/wp-json\/wp\/v2\/categories?post=30778"},{"taxonomy":"post_tag","embeddable":true,"href":"https:\/\/www.uv.mx\/prensa\/wp-json\/wp\/v2\/tags?post=30778"}],"curies":[{"name":"wp","href":"https:\/\/api.w.org\/{rel}","templated":true}]}}