{"id":30720,"date":"2017-08-14T15:32:02","date_gmt":"2017-08-14T20:32:02","guid":{"rendered":"https:\/\/www.uv.mx\/prensa\/?p=30720"},"modified":"2017-08-14T15:32:02","modified_gmt":"2017-08-14T20:32:02","slug":"uv-dio-la-bienvenida-a-mas-de-16-mil-jovenes-de-nuevo-ingreso","status":"publish","type":"post","link":"https:\/\/www.uv.mx\/prensa\/general\/uv-dio-la-bienvenida-a-mas-de-16-mil-jovenes-de-nuevo-ingreso\/","title":{"rendered":"UV dio la bienvenida a m\u00e1s de  16 mil j\u00f3venes de nuevo ingreso"},"content":{"rendered":"<ul>\n<li><em>Cinco estudiantes lograron 100 de calificaci\u00f3n en el ingreso<\/em><\/li>\n<li><em>El gobernador ya <\/em><em>present\u00f3 una propuesta de reforma a la Constituci\u00f3n local que permitir\u00eda a la UV presentar iniciativas de ley sobre su autonom\u00eda, organizaci\u00f3n y funcionamiento<\/em><\/li>\n<li><em>La UV <\/em><em>sabe cuidar con celo y esmero los recursos que recibe y sabe salir a las calles a defender su derecho: Rectora<\/em><\/li>\n<li><em>\u201cDebemos sentir la responsabilidad de aprovechar al m\u00e1ximo nuestra estancia aqu\u00ed\u201d: Gabriel Lazcano, primer lugar en el proceso de admisi\u00f3n<\/em><\/li>\n<\/ul>\n<p>&nbsp;<\/p>\n<p style=\"text-align: center\"><iframe loading=\"lazy\" width=\"560\" height=\"315\" frameborder=\"0\" scrolling=\"no\" src=\"https:\/\/www.facebook.com\/plugins\/video.php?href=https%3A%2F%2Fwww.facebook.com%2FRadioUV%2Fvideos%2F1523926997701298%2F&amp;show_text=0&amp;width=560\"><\/iframe><\/p>\n<p><strong><em>\u00a0<\/em><\/strong><\/p>\n<p><strong><em>Karina de la Paz Reyes, Claudia Peralta V\u00e1zquez<\/em><\/strong><\/p>\n<p><strong><em>y David Sandoval Rodr\u00edguez<\/em><\/strong><\/p>\n<p>&nbsp;<\/p>\n<p><strong><em>Xalapa, Ver., 14\/08\/2017.-<\/em><\/strong> La Universidad Veracruzana (UV) y su comunidad acad\u00e9mica, administrativa, art\u00edstica y estudiantil dieron la bienvenida a m\u00e1s de 16 mil j\u00f3venes que ingresaron a sus programas de estudio para el ciclo 2017-2018 en eventos multitudinarios celebrados en las cinco regiones universitarias de manera simult\u00e1nea.<\/p>\n<p>En la recepci\u00f3n celebrada en el Gimnasio Universitario del Campus para la Cultura, las Artes y el Deporte, el \u201cNido del Halc\u00f3n\u201d, se premi\u00f3 a los 18 j\u00f3venes que obtuvieron los puntajes m\u00e1s altos en el examen de ingreso a la licenciatura por sus respectivas \u00e1reas acad\u00e9micas, cinco de ellos logrando el 100 por ciento de calificaci\u00f3n: Ernesto de Jes\u00fas M\u00e1rquez Trujillo, de M\u00e9dico Cirujano; Gabriel Israel Lazcano D\u00edaz, de Contadur\u00eda; Georgina Victoria M\u00e9ndez Velasco, tambi\u00e9n de Contadur\u00eda; Luis Alejandro P\u00e9rez Abad, de Arquitectura, y Emma Baizabal G\u00f3mez, de Geograf\u00eda.<\/p>\n<p>&nbsp;<\/p>\n<div id=\"attachment_30730\" style=\"width: 732px\" class=\"wp-caption aligncenter\"><a href=\"https:\/\/www.uv.mx\/prensa\/files\/2017\/08\/Foto-1-140817.jpg\"><img loading=\"lazy\" decoding=\"async\" aria-describedby=\"caption-attachment-30730\" class=\"size-full wp-image-30730\" src=\"https:\/\/www.uv.mx\/prensa\/files\/2017\/08\/Foto-1-140817.jpg\" alt=\"\" width=\"722\" height=\"481\" srcset=\"https:\/\/www.uv.mx\/prensa\/files\/2017\/08\/Foto-1-140817.jpg 722w, https:\/\/www.uv.mx\/prensa\/files\/2017\/08\/Foto-1-140817-300x200.jpg 300w\" sizes=\"auto, (max-width: 722px) 100vw, 722px\" \/><\/a><p id=\"caption-attachment-30730\" class=\"wp-caption-text\">Estudiantes mostraron su entusiasmo al iniciar una nueva etapa en sus vidas<\/p><\/div>\n<p>&nbsp;<\/p>\n<p>El gobernador del estado, egresado de la Facultad de Derecho de la UV, Miguel \u00c1ngel Yunes Linares, inaugur\u00f3 oficialmente el ciclo escolar y en su mensaje recalc\u00f3 que \u201cse le ha dado plena libertad a la Universidad Veracruzana para la administraci\u00f3n de sus recursos\u201d.<\/p>\n<p>El mandatario reconoci\u00f3 el esfuerzo de la rectora Sara Ladr\u00f3n de Guevara como una defensora permanente de los derechos de la Universidad y expres\u00f3 que hace un par de semanas promulg\u00f3 la reforma que garantiza un porcentaje del presupuesto del estado para la instituci\u00f3n.<\/p>\n<p>El funcionario se comprometi\u00f3 ante la comunidad de esta casa de estudio a garantizar su seguridad en las cinco regiones universitarias y en las principales ciudades de la entidad como Poza Rica, Coatzacoalcos, C\u00f3rdoba, Orizaba y Xalapa.<\/p>\n<p>La Rectora emiti\u00f3 un mensaje en video que se reprodujo en tiempo real a las cinco regiones universitarias, en el cual subray\u00f3 que la instituci\u00f3n, en sus 73 a\u00f1os de existencia, \u201cha sabido forjarse una historia, un reconocimiento y un prestigio que, en muchos casos, trascienden nuestras fronteras, lo mismo las estatales que las nacionales\u201d.<\/p>\n<p>La Universidad Veracruzana, agreg\u00f3, es \u201cuna Universidad orgullosamente p\u00fablica, es decir, una Universidad que, a trav\u00e9s de los gobiernos federal y estatal, recibe un subsidio p\u00fablico, derivado de los impuestos que el pueblo paga, para cubrir todas sus necesidades y, a partir de ah\u00ed, para ofrecer una educaci\u00f3n de calidad a sus alumnos, a los hijos del pueblo. Es, en este terreno, una Universidad que sabe cuidar con celo y esmero los recursos financieros que recibe; que da cuenta puntual y precisa del manejo que hace de los mismos. Es, adem\u00e1s, una Universidad que sabe salir a las calles a defender su leg\u00edtimo derecho a contar con dichos recursos cuando gobernantes insensibles y corruptos pretenden escamote\u00e1rselos\u201d.<\/p>\n<p>En ese contexto, Yunes Linares expres\u00f3 que el 11 de agosto envi\u00f3 la iniciativa de reforma a la Constituci\u00f3n de Veracruz para que la UV \u201cpueda presentar, directamente, iniciativas de ley en todo lo relacionado a su autonom\u00eda, organizaci\u00f3n y funcionamiento. La Universidad Veracruzana hoy es absolutamente aut\u00f3noma, tiene todo el respeto del gobierno del estado\u201d, puntualiz\u00f3, \u201cseguir\u00e1 determinando su rumbo en todo, particularmente hoy en cuanto a lo econ\u00f3mico\u201d.<\/p>\n<p>&nbsp;<\/p>\n<div id=\"attachment_30722\" style=\"width: 732px\" class=\"wp-caption aligncenter\"><a href=\"https:\/\/www.uv.mx\/prensa\/files\/2017\/08\/Foto-2-140817-ok.jpg\"><img loading=\"lazy\" decoding=\"async\" aria-describedby=\"caption-attachment-30722\" class=\"wp-image-30722 size-full\" src=\"https:\/\/www.uv.mx\/prensa\/files\/2017\/08\/Foto-2-140817-ok.jpg\" alt=\"\" width=\"722\" height=\"481\" srcset=\"https:\/\/www.uv.mx\/prensa\/files\/2017\/08\/Foto-2-140817-ok.jpg 722w, https:\/\/www.uv.mx\/prensa\/files\/2017\/08\/Foto-2-140817-ok-300x200.jpg 300w\" sizes=\"auto, (max-width: 722px) 100vw, 722px\" \/><\/a><p id=\"caption-attachment-30722\" class=\"wp-caption-text\">La rectora Sara Ladr\u00f3n de Guevara y el gobernador Miguel \u00c1ngel Yunes Linares, acompa\u00f1ados de alumnos destacados, inauguraron el ciclo escolar 2017-2018<\/p><\/div>\n<p>&nbsp;<\/p>\n<p><strong>\u201cTener un lugar en la UV implica retos y responsabilidades\u201d: estudiante Gabriel Israel Lazcano D\u00edaz<\/strong><\/p>\n<p>El estudiante de la Licenciatura en Contadur\u00eda enfatiz\u00f3 que tener un lugar en la instituci\u00f3n implica retos y responsabilidades: \u201cNos hemos hecho acreedores al derecho de pertenecer a la m\u00e1xima casa de estudio de Veracruz, pero tambi\u00e9n debemos sentir la responsabilidad de aprovechar al m\u00e1ximo nuestra estancia aqu\u00ed. Honremos el lugar que hoy tenemos el privilegio de ocupar y obtengamos nuestro t\u00edtulo profesional\u201d.<\/p>\n<p>Igualmente, tras haber sido reconocido por su destacada trayectoria estudiantil, Francisco Rosas Rebolledo, alumno de noveno semestre de la carrera de Instrumentaci\u00f3n Electr\u00f3nica, se dirigi\u00f3 a los j\u00f3venes reci\u00e9n ingresados a quienes conmin\u00f3 a hacer un buen papel dentro de esta etapa que ahora inician: \u201cuna de las m\u00e1s importantes de sus vidas\u201d.<\/p>\n<p>A partir de este momento, agreg\u00f3, \u201cdeben pensar en la Universidad Veracruzana como su casa y tendr\u00e1n que trabajar muy duro para salir adelante, aunque habr\u00e1 d\u00edas estresantes, momentos de coraje y con ganas de querer rendirse, al final, cuando menos se den cuenta, tendr\u00e1n el t\u00edtulo en sus manos y todo esfuerzo habr\u00e1 valido la pena\u201d.<\/p>\n<p>Resalt\u00f3 adem\u00e1s la relevancia de esta casa de estudio en la formaci\u00f3n de estudiantes en las \u00e1reas de artes, actividades deportivas, intercambio y movilidad estudiantil tanto a universidades nacionales como extranjeras, as\u00ed como el programa de becas \u201cJ\u00f3venes de Excelencia Banamex\u201d, que les permite estudiar en una de las 200 universidades m\u00e1s importantes del mundo.<\/p>\n<p>Se present\u00f3 un video informativo y tambi\u00e9n a <em>Lis<\/em>, la mascota femenina que acompa\u00f1ar\u00e1 a <em>Luzio<\/em> en su interacci\u00f3n con los estudiantes.<\/p>\n<p>Una vez inaugurado el ciclo escolar, se desarroll\u00f3 un programa art\u00edstico con la intenci\u00f3n de mostrar algunas de las fortalezas que la instituci\u00f3n posee. En primera instancia, se present\u00f3 el equipo de Gimnasia Aer\u00f3bica, quienes han logrado excelentes resultados en campeonatos nacionales y recientemente ganaron medallas de oro y plata en el Campeonato Nacional 2017, efectuado en la Universidad Nacional Aut\u00f3noma de M\u00e9xico.<\/p>\n<p>Enseguida intervino el Ballet Folkl\u00f3rico, acompa\u00f1ado de Tlen Huicani con un espect\u00e1culo de sones jarochos, como <em>La Bruja<\/em>, <em>La Bamba<\/em> y <em>Los Enanos<\/em>. La fiesta concluy\u00f3 con la Orquesta de Salsa de la UV.<\/p>\n<p>Como invitados especiales asistieron Enrique P\u00e9rez Rodr\u00edguez, titular de la Secretar\u00eda de Educaci\u00f3n de Veracruz (SEV); y Am\u00e9rico Z\u00fa\u00f1iga Mart\u00ednez, alcalde de Xalapa.<\/p>\n<p>Por parte de la UV: Leticia Rodr\u00edguez Audirac, secretaria Acad\u00e9mica; Gerardo Garc\u00eda Ricardo, secretario de Administraci\u00f3n y Finanzas; Enrique Levet Gorozpe, secretario general del <em>Fesapauv<\/em>; Facundo Pacheco Rojas, director de la Fundaci\u00f3n UV; Manuel Cienfuegos Garc\u00eda, presidente del comit\u00e9 de becas Xalapa de la Fundaci\u00f3n UV; Jorge Luis Rivera Huesca, titular de la Defensor\u00eda de los Derechos Universitarios, as\u00ed como los directores generales de las \u00e1reas acad\u00e9micas y administrativas.<\/p>\n<div id='gallery-1' class='gallery galleryid-30720 gallery-columns-3 gallery-size-thumbnail'><dl class='gallery-item'>\n\t\t\t<dt class='gallery-icon portrait'>\n\t\t\t\t<a href='https:\/\/www.uv.mx\/prensa\/general\/uv-dio-la-bienvenida-a-mas-de-16-mil-jovenes-de-nuevo-ingreso\/attachment\/foto-3-140817-ok\/'><img loading=\"lazy\" decoding=\"async\" width=\"150\" height=\"150\" src=\"https:\/\/www.uv.mx\/prensa\/files\/2017\/08\/Foto-3-140817-ok-150x150.jpg\" class=\"attachment-thumbnail size-thumbnail\" alt=\"\" aria-describedby=\"gallery-1-30723\" \/><\/a>\n\t\t\t<\/dt>\n\t\t\t\t<dd class='wp-caption-text gallery-caption' id='gallery-1-30723'>\n\t\t\t\tLa rectora de la UV, Sara Ladr\u00f3n de Guevara, dio la bienvenida a los estudiantes de nuevo ingreso\n\t\t\t\t<\/dd><\/dl><dl class='gallery-item'>\n\t\t\t<dt class='gallery-icon landscape'>\n\t\t\t\t<a href='https:\/\/www.uv.mx\/prensa\/general\/uv-dio-la-bienvenida-a-mas-de-16-mil-jovenes-de-nuevo-ingreso\/attachment\/foto-4-gale-140817\/'><img loading=\"lazy\" decoding=\"async\" width=\"150\" height=\"150\" src=\"https:\/\/www.uv.mx\/prensa\/files\/2017\/08\/Foto-4-gale-140817-150x150.jpg\" class=\"attachment-thumbnail size-thumbnail\" alt=\"\" aria-describedby=\"gallery-1-30726\" \/><\/a>\n\t\t\t<\/dt>\n\t\t\t\t<dd class='wp-caption-text gallery-caption' id='gallery-1-30726'>\n\t\t\t\tEl gobernador de Veracruz y egresado de esta casa de estudio, Miguel \u00c1ngel Yunes Linares\n\t\t\t\t<\/dd><\/dl><dl class='gallery-item'>\n\t\t\t<dt class='gallery-icon landscape'>\n\t\t\t\t<a href='https:\/\/www.uv.mx\/prensa\/general\/uv-dio-la-bienvenida-a-mas-de-16-mil-jovenes-de-nuevo-ingreso\/attachment\/foto-5-140817\/'><img loading=\"lazy\" decoding=\"async\" width=\"150\" height=\"150\" src=\"https:\/\/www.uv.mx\/prensa\/files\/2017\/08\/Foto-5-140817-150x150.jpg\" class=\"attachment-thumbnail size-thumbnail\" alt=\"\" aria-describedby=\"gallery-1-30724\" \/><\/a>\n\t\t\t<\/dt>\n\t\t\t\t<dd class='wp-caption-text gallery-caption' id='gallery-1-30724'>\n\t\t\t\tEn el marco de este evento se present\u00f3 a Lis \n\n\n\t\t\t\t<\/dd><\/dl><br style=\"clear: both\" \/><dl class='gallery-item'>\n\t\t\t<dt class='gallery-icon landscape'>\n\t\t\t\t<a href='https:\/\/www.uv.mx\/prensa\/general\/uv-dio-la-bienvenida-a-mas-de-16-mil-jovenes-de-nuevo-ingreso\/attachment\/foto-6-140817-ok\/'><img loading=\"lazy\" decoding=\"async\" width=\"150\" height=\"150\" src=\"https:\/\/www.uv.mx\/prensa\/files\/2017\/08\/Foto-6-140817-ok-150x150.jpg\" class=\"attachment-thumbnail size-thumbnail\" alt=\"\" aria-describedby=\"gallery-1-30725\" \/><\/a>\n\t\t\t<\/dt>\n\t\t\t\t<dd class='wp-caption-text gallery-caption' id='gallery-1-30725'>\n\t\t\t\tP\u00fablico e integrantes de los grupos art\u00edsticos disfrutaron de la celebraci\u00f3n\n\t\t\t\t<\/dd><\/dl><dl class='gallery-item'>\n\t\t\t<dt class='gallery-icon landscape'>\n\t\t\t\t<a href='https:\/\/www.uv.mx\/prensa\/general\/uv-dio-la-bienvenida-a-mas-de-16-mil-jovenes-de-nuevo-ingreso\/attachment\/foto-7-gale-140817\/'><img loading=\"lazy\" decoding=\"async\" width=\"150\" height=\"150\" src=\"https:\/\/www.uv.mx\/prensa\/files\/2017\/08\/Foto-7-gale-140817-150x150.jpg\" class=\"attachment-thumbnail size-thumbnail\" alt=\"\" aria-describedby=\"gallery-1-30727\" \/><\/a>\n\t\t\t<\/dt>\n\t\t\t\t<dd class='wp-caption-text gallery-caption' id='gallery-1-30727'>\n\t\t\t\tLis y Luzio, mascotas institucionales\n\t\t\t\t<\/dd><\/dl>\n\t\t\t<br style='clear: both' \/>\n\t\t<\/div>\n\n","protected":false},"excerpt":{"rendered":"<p><strong><em>Karina de la Paz Reyes, Claudia Peralta V\u00e1zquez y David Sandoval Rodr\u00edguez <\/em><\/strong>.-La Universidad Veracruzana (UV) y su comunidad acad\u00e9mica, administrativa, art\u00edstica y estudiantil dieron la bienvenida a m\u00e1s de 16 mil j\u00f3venes que ingresaron a sus programas de estudio para el ciclo 2017-2018 en eventos multitudinarios celebrados en las cinco regiones universitarias de manera simult\u00e1nea.<\/p>\n","protected":false},"author":1810,"featured_media":30721,"comment_status":"closed","ping_status":"closed","sticky":false,"template":"","format":"standard","meta":{"footnotes":""},"categories":[1],"tags":[2],"class_list":["post-30720","post","type-post","status-publish","format-standard","has-post-thumbnail","hentry","category-general","tag-principal"],"_links":{"self":[{"href":"https:\/\/www.uv.mx\/prensa\/wp-json\/wp\/v2\/posts\/30720","targetHints":{"allow":["GET"]}}],"collection":[{"href":"https:\/\/www.uv.mx\/prensa\/wp-json\/wp\/v2\/posts"}],"about":[{"href":"https:\/\/www.uv.mx\/prensa\/wp-json\/wp\/v2\/types\/post"}],"author":[{"embeddable":true,"href":"https:\/\/www.uv.mx\/prensa\/wp-json\/wp\/v2\/users\/1810"}],"replies":[{"embeddable":true,"href":"https:\/\/www.uv.mx\/prensa\/wp-json\/wp\/v2\/comments?post=30720"}],"version-history":[{"count":0,"href":"https:\/\/www.uv.mx\/prensa\/wp-json\/wp\/v2\/posts\/30720\/revisions"}],"wp:featuredmedia":[{"embeddable":true,"href":"https:\/\/www.uv.mx\/prensa\/wp-json\/wp\/v2\/media\/30721"}],"wp:attachment":[{"href":"https:\/\/www.uv.mx\/prensa\/wp-json\/wp\/v2\/media?parent=30720"}],"wp:term":[{"taxonomy":"category","embeddable":true,"href":"https:\/\/www.uv.mx\/prensa\/wp-json\/wp\/v2\/categories?post=30720"},{"taxonomy":"post_tag","embeddable":true,"href":"https:\/\/www.uv.mx\/prensa\/wp-json\/wp\/v2\/tags?post=30720"}],"curies":[{"name":"wp","href":"https:\/\/api.w.org\/{rel}","templated":true}]}}