{"id":30627,"date":"2017-08-08T13:25:18","date_gmt":"2017-08-08T18:25:18","guid":{"rendered":"https:\/\/www.uv.mx\/prensa\/?p=30627"},"modified":"2017-08-08T13:25:18","modified_gmt":"2017-08-08T18:25:18","slug":"licenciatura-en-ensenanza-de-las-artes-inicio-actividades","status":"publish","type":"post","link":"https:\/\/www.uv.mx\/prensa\/regiones\/licenciatura-en-ensenanza-de-las-artes-inicio-actividades\/","title":{"rendered":"Licenciatura en Ense\u00f1anza  de las Artes inici\u00f3 actividades"},"content":{"rendered":"<ul>\n<li><em>Es la primera que profesionaliza la ense\u00f1anza de las artes en la regi\u00f3n sureste de la Rep\u00fablica Mexicana<\/em><\/li>\n<li><em>Tambi\u00e9n se ofrece en Poza Rica y C\u00f3rdoba<\/em><\/li>\n<\/ul>\n<p>&nbsp;<\/p>\n<div id=\"attachment_30628\" style=\"width: 732px\" class=\"wp-caption aligncenter\"><a href=\"https:\/\/www.uv.mx\/prensa\/files\/2017\/08\/LENA1-080817.jpg\"><img loading=\"lazy\" decoding=\"async\" aria-describedby=\"caption-attachment-30628\" class=\"size-full wp-image-30628\" src=\"https:\/\/www.uv.mx\/prensa\/files\/2017\/08\/LENA1-080817.jpg\" alt=\"\" width=\"722\" height=\"406\" srcset=\"https:\/\/www.uv.mx\/prensa\/files\/2017\/08\/LENA1-080817.jpg 722w, https:\/\/www.uv.mx\/prensa\/files\/2017\/08\/LENA1-080817-300x169.jpg 300w\" sizes=\"auto, (max-width: 722px) 100vw, 722px\" \/><\/a><p id=\"caption-attachment-30628\" class=\"wp-caption-text\">Alumnos de Lena con las autoridades universitarias<\/p><\/div>\n<p>&nbsp;<\/p>\n<p><strong><em>Veracruz, Ver., 08\/08\/2017.-<\/em><\/strong> Alumnos que cursar\u00e1n la Licenciatura en Ense\u00f1anza de las Artes (<em>Lena<\/em>) en la regi\u00f3n Veracruz de la Universidad Veracruzana (UV) fueron recibidos por autoridades universitarias, quienes los felicitaron por ser parte de este programa educativo de reciente creaci\u00f3n.<\/p>\n<p>Cabe recordar que la <em>Lena<\/em> fue presentada a principios de a\u00f1o como una nueva opci\u00f3n educativa que brinda la UV ante la necesidad de contar con profesionistas de la educaci\u00f3n art\u00edstica que cuenten con competencias docentes y art\u00edsticas universales.<\/p>\n<p>Como parte de la innovaci\u00f3n educativa, <em>Lena<\/em> se ofrece en la modalidad semipresencial en diferentes regiones del estado.<\/p>\n<p>En la regi\u00f3n Veracruz son 17 j\u00f3venes, procedentes del puerto de Veracruz y de Tierra Blanca, quienes formar\u00e1n parte de la primera generaci\u00f3n de <em>Lena<\/em>, que tambi\u00e9n se ofrece en Poza Rica y C\u00f3rdoba.<\/p>\n<p>Los encargados de dar la bienvenida en la regi\u00f3n fueron Alfonso P\u00e9rez Morales, vicerrector; Carlos Lamothe Zavaleta, secretario acad\u00e9mico regional; Juan Carlos Reyes Romero, coordinador regional de los Talleres Libres de Arte; Ana Lilia Salda\u00f1a Ortiz, administradora regional de Difusi\u00f3n Cultural; Martha Elena Aguirre Serena, coordinadora acad\u00e9mica de la Vicerrector\u00eda, y Deyanira Guzm\u00e1n Romero, coordinadora acad\u00e9mica regional del \u00c1rea de Artes.<\/p>\n<p>&nbsp;<\/p>\n<div id=\"attachment_30629\" style=\"width: 732px\" class=\"wp-caption aligncenter\"><a href=\"https:\/\/www.uv.mx\/prensa\/files\/2017\/08\/LENA2-080817.jpg\"><img loading=\"lazy\" decoding=\"async\" aria-describedby=\"caption-attachment-30629\" class=\"size-full wp-image-30629\" src=\"https:\/\/www.uv.mx\/prensa\/files\/2017\/08\/LENA2-080817.jpg\" alt=\"\" width=\"722\" height=\"406\" srcset=\"https:\/\/www.uv.mx\/prensa\/files\/2017\/08\/LENA2-080817.jpg 722w, https:\/\/www.uv.mx\/prensa\/files\/2017\/08\/LENA2-080817-300x169.jpg 300w\" sizes=\"auto, (max-width: 722px) 100vw, 722px\" \/><\/a><p id=\"caption-attachment-30629\" class=\"wp-caption-text\">J\u00f3venes procedentes de Veracruz y de Tierra Blanca formar\u00e1n parte de la primera generaci\u00f3n de Lena<\/p><\/div>\n<p>&nbsp;<\/p>\n<p>P\u00e9rez Morales detall\u00f3 el proceso de creaci\u00f3n de la licenciatura, as\u00ed como la responsabilidad que conlleva ser los primeros alumnos y convertirse en integrantes de la Universidad Veracruzana.<\/p>\n<p>A\u00f1adi\u00f3 que a futuro puede significar \u201cun abanico de posibilidades para desarrollar sus habilidades\u201d y les invit\u00f3 a aprovechar al m\u00e1ximo a sus acad\u00e9micos.<\/p>\n<p>Por su parte, Deyanira Guzm\u00e1n destac\u00f3 la fortaleza de la UV en el \u00e1rea de las artes y con esta nueva licenciatura se consolida, al profesionalizar a los interesados en ella.<\/p>\n<p>Asimismo, Lamothe Zavaleta mencion\u00f3 que la conformaci\u00f3n del plan de estudios fue gracias al arduo trabajo de muchas personas que durante un a\u00f1o pensaron, planearon y buscaron la excelencia acad\u00e9mica para ellos.<\/p>\n<p>Al culminar la bienvenida, los j\u00f3venes conocieron a sus acad\u00e9micos, la forma de trabajo, los servicios universitarios y pormenores de la <em>Lena<\/em>.<\/p>\n","protected":false},"excerpt":{"rendered":"<p>Alumnos que cursar\u00e1n la Licenciatura en Ense\u00f1anza de las Artes (Lena) en la regi\u00f3n Veracruz de la Universidad Veracruzana (UV) fueron recibidos por autoridades universitarias, quienes los felicitaron por ser parte de este programa educativo de reciente creaci\u00f3n.<\/p>\n","protected":false},"author":1810,"featured_media":30630,"comment_status":"closed","ping_status":"closed","sticky":false,"template":"","format":"standard","meta":{"footnotes":""},"categories":[32],"tags":[33],"class_list":["post-30627","post","type-post","status-publish","format-standard","has-post-thumbnail","hentry","category-regiones","tag-regiones"],"_links":{"self":[{"href":"https:\/\/www.uv.mx\/prensa\/wp-json\/wp\/v2\/posts\/30627","targetHints":{"allow":["GET"]}}],"collection":[{"href":"https:\/\/www.uv.mx\/prensa\/wp-json\/wp\/v2\/posts"}],"about":[{"href":"https:\/\/www.uv.mx\/prensa\/wp-json\/wp\/v2\/types\/post"}],"author":[{"embeddable":true,"href":"https:\/\/www.uv.mx\/prensa\/wp-json\/wp\/v2\/users\/1810"}],"replies":[{"embeddable":true,"href":"https:\/\/www.uv.mx\/prensa\/wp-json\/wp\/v2\/comments?post=30627"}],"version-history":[{"count":0,"href":"https:\/\/www.uv.mx\/prensa\/wp-json\/wp\/v2\/posts\/30627\/revisions"}],"wp:featuredmedia":[{"embeddable":true,"href":"https:\/\/www.uv.mx\/prensa\/wp-json\/wp\/v2\/media\/30630"}],"wp:attachment":[{"href":"https:\/\/www.uv.mx\/prensa\/wp-json\/wp\/v2\/media?parent=30627"}],"wp:term":[{"taxonomy":"category","embeddable":true,"href":"https:\/\/www.uv.mx\/prensa\/wp-json\/wp\/v2\/categories?post=30627"},{"taxonomy":"post_tag","embeddable":true,"href":"https:\/\/www.uv.mx\/prensa\/wp-json\/wp\/v2\/tags?post=30627"}],"curies":[{"name":"wp","href":"https:\/\/api.w.org\/{rel}","templated":true}]}}