{"id":30478,"date":"2017-08-02T13:44:21","date_gmt":"2017-08-02T18:44:21","guid":{"rendered":"https:\/\/www.uv.mx\/prensa\/?p=30478"},"modified":"2017-08-02T18:08:36","modified_gmt":"2017-08-02T23:08:36","slug":"delfines-uv-festejo-50-anos-de-historia","status":"publish","type":"post","link":"https:\/\/www.uv.mx\/prensa\/deportes\/delfines-uv-festejo-50-anos-de-historia\/","title":{"rendered":"Delfines UV festej\u00f3 50 a\u00f1os de historia"},"content":{"rendered":"<ul>\n<li><em>Emotiva convivencia en la Unidad Deportiva Universitaria<\/em><\/li>\n<\/ul>\n<p>&nbsp;<\/p>\n<div id='gallery-1' class='gallery galleryid-30478 gallery-columns-2 gallery-size-medium'><dl class='gallery-item'>\n\t\t\t<dt class='gallery-icon landscape'>\n\t\t\t\t<a href='https:\/\/www.uv.mx\/prensa\/files\/2017\/08\/delfines1.jpg'><img loading=\"lazy\" decoding=\"async\" width=\"300\" height=\"225\" src=\"https:\/\/www.uv.mx\/prensa\/files\/2017\/08\/delfines1-300x225.jpg\" class=\"attachment-medium size-medium\" alt=\"La foto del recuerdo\" aria-describedby=\"gallery-1-30496\" srcset=\"https:\/\/www.uv.mx\/prensa\/files\/2017\/08\/delfines1-300x225.jpg 300w, https:\/\/www.uv.mx\/prensa\/files\/2017\/08\/delfines1-768x576.jpg 768w, https:\/\/www.uv.mx\/prensa\/files\/2017\/08\/delfines1.jpg 1024w\" sizes=\"auto, (max-width: 300px) 100vw, 300px\" \/><\/a>\n\t\t\t<\/dt>\n\t\t\t\t<dd class='wp-caption-text gallery-caption' id='gallery-1-30496'>\n\t\t\t\tLa foto del recuerdo\n\t\t\t\t<\/dd><\/dl><dl class='gallery-item'>\n\t\t\t<dt class='gallery-icon landscape'>\n\t\t\t\t<a href='https:\/\/www.uv.mx\/prensa\/files\/2017\/08\/delfines-2.jpg'><img loading=\"lazy\" decoding=\"async\" width=\"300\" height=\"225\" src=\"https:\/\/www.uv.mx\/prensa\/files\/2017\/08\/delfines-2-300x225.jpg\" class=\"attachment-medium size-medium\" alt=\"Los Delfines jugaron un partido para conmemorar su medio siglo\" aria-describedby=\"gallery-1-30495\" srcset=\"https:\/\/www.uv.mx\/prensa\/files\/2017\/08\/delfines-2-300x225.jpg 300w, https:\/\/www.uv.mx\/prensa\/files\/2017\/08\/delfines-2-768x576.jpg 768w, https:\/\/www.uv.mx\/prensa\/files\/2017\/08\/delfines-2.jpg 1024w\" sizes=\"auto, (max-width: 300px) 100vw, 300px\" \/><\/a>\n\t\t\t<\/dt>\n\t\t\t\t<dd class='wp-caption-text gallery-caption' id='gallery-1-30495'>\n\t\t\t\tLos Delfines jugaron un partido para conmemorar su medio siglo\n\t\t\t\t<\/dd><\/dl><br style=\"clear: both\" \/><dl class='gallery-item'>\n\t\t\t<dt class='gallery-icon landscape'>\n\t\t\t\t<a href='https:\/\/www.uv.mx\/prensa\/files\/2017\/08\/Delfines-3.jpg'><img loading=\"lazy\" decoding=\"async\" width=\"300\" height=\"225\" src=\"https:\/\/www.uv.mx\/prensa\/files\/2017\/08\/Delfines-3-300x225.jpg\" class=\"attachment-medium size-medium\" alt=\"La celebraci\u00f3n se llev\u00f3 a cabo en la Unidad Deportiva de la UV\" aria-describedby=\"gallery-1-30497\" srcset=\"https:\/\/www.uv.mx\/prensa\/files\/2017\/08\/Delfines-3-300x225.jpg 300w, https:\/\/www.uv.mx\/prensa\/files\/2017\/08\/Delfines-3-768x576.jpg 768w, https:\/\/www.uv.mx\/prensa\/files\/2017\/08\/Delfines-3.jpg 1024w\" sizes=\"auto, (max-width: 300px) 100vw, 300px\" \/><\/a>\n\t\t\t<\/dt>\n\t\t\t\t<dd class='wp-caption-text gallery-caption' id='gallery-1-30497'>\n\t\t\t\tLa celebraci\u00f3n se llev\u00f3 a cabo en la Unidad Deportiva de la UV\n\t\t\t\t<\/dd><\/dl><dl class='gallery-item'>\n\t\t\t<dt class='gallery-icon landscape'>\n\t\t\t\t<a href='https:\/\/www.uv.mx\/prensa\/files\/2017\/08\/Delfines4.jpg'><img loading=\"lazy\" decoding=\"async\" width=\"300\" height=\"225\" src=\"https:\/\/www.uv.mx\/prensa\/files\/2017\/08\/Delfines4-300x225.jpg\" class=\"attachment-medium size-medium\" alt=\"Al finalizar el juego se entregaron reconocimientos\" aria-describedby=\"gallery-1-30498\" srcset=\"https:\/\/www.uv.mx\/prensa\/files\/2017\/08\/Delfines4-300x225.jpg 300w, https:\/\/www.uv.mx\/prensa\/files\/2017\/08\/Delfines4.jpg 678w\" sizes=\"auto, (max-width: 300px) 100vw, 300px\" \/><\/a>\n\t\t\t<\/dt>\n\t\t\t\t<dd class='wp-caption-text gallery-caption' id='gallery-1-30498'>\n\t\t\t\tAl finalizar el juego se entregaron reconocimientos\n\t\t\t\t<\/dd><\/dl><br style=\"clear: both\" \/>\n\t\t<\/div>\n\n<p>&nbsp;<\/p>\n<p><strong><em>Santiago Morales Ortiz<\/em><\/strong><\/p>\n<p>&nbsp;<\/p>\n<p><strong><em>Xalapa, Ver., 02\/08\/2017.-<\/em><\/strong> Integrantes del equipo Delfines de la Universidad Veracruzana (UV) festejaron sus 50 a\u00f1os de historia como el primer equipo de futbol profesional en Xalapa.<\/p>\n<p>Ante un ambiente de fiesta en la Unidad Deportiva de la UV y con la presencia de la rectora Sara Ladr\u00f3n de Guevara, los Delfines jugaron un partido para conmemorar su medio siglo de existencia.<\/p>\n<p>La fiesta inici\u00f3 con partidos juveniles, disputando la Copa 50 a\u00f1os del Delfines UV entre las escuelas de <em>Halcones<\/em> UV y Delfines de Xalapa.<\/p>\n<p>Luego entraron a la cancha las viejas glorias de Delfines UV, donde el equipo \u201cA\u201d derrot\u00f3 1-0 al equipo \u201cB\u201d, con golazo de Roberto Blanco Carrillo.<\/p>\n<p>Estuvieron en acci\u00f3n ex jugadores profesionales como Juli\u00e1n Mart\u00ednez V\u00e1zquez, Adri\u00e1n Gonz\u00e1lez, Guillermo Donath, Juan Mart\u00ednez, Armando Cardel, Luis Rey, Roberto Blanco, Rafael Sobrino, Jos\u00e9 Luis Carrillo, Luis Rey Yedra, Pedro Cort\u00e9s, Antonio Gonz\u00e1lez, Roberto Guti\u00e9rrez, Marco Prado, Rogelio Galv\u00e1n, Rafael Gonz\u00e1lez, Oscar Castillo, Rafael Gonz\u00e1lez, Hip\u00f3lito S\u00e1nchez, Miguel Freyre, Mario Rivas, Carlos Noel, Francisco Portilla, Restituto Lara, Ernesto Graillet, Luis Kai, Roberto Rodr\u00edguez, Antonio Calles, Ad\u00e1n Ugalde, Juan Ugalde, Arnulfo Lara y Marcos Guerrero, entre otros.<\/p>\n<p>Al finalizar el juego se llev\u00f3 a cabo la entrega de reconocimientos y medallas a jugadores y directivos que hicieron grande a los Delfines UV, encabezados por el primer presidente del equipo Roberto Ahued, y al hijo del ex rector de la UV, Fernando Garc\u00eda Barna, quien hizo posible la creaci\u00f3n del equipo.<\/p>\n<p>Estuvieron tambi\u00e9n Gerardo Gallegos C\u00e1zares, ex presidente de la rama de la Tercera Divisi\u00f3n donde iniciaron los Delfines, y Santa Brito G\u00f3mez, en representaci\u00f3n del alcalde Am\u00e9rico Z\u00fa\u00f1iga Mart\u00ednez.<\/p>\n<p>La fiesta cerr\u00f3 con ameno convivio entre todos los participantes.<\/p>\n<p>&nbsp;<\/p>\n","protected":false},"excerpt":{"rendered":"<p><strong><em>Santiago Morales.-<\/em><\/strong>Integrantes del equipo Delfines de la Universidad Veracruzana (UV) festejaron sus 50 a\u00f1os de historia como el primer equipo de futbol profesional en Xalapa.<\/p>\n","protected":false},"author":1810,"featured_media":30479,"comment_status":"closed","ping_status":"closed","sticky":false,"template":"","format":"standard","meta":{"footnotes":""},"categories":[12],"tags":[17],"class_list":["post-30478","post","type-post","status-publish","format-standard","has-post-thumbnail","hentry","category-deportes","tag-deportes"],"_links":{"self":[{"href":"https:\/\/www.uv.mx\/prensa\/wp-json\/wp\/v2\/posts\/30478","targetHints":{"allow":["GET"]}}],"collection":[{"href":"https:\/\/www.uv.mx\/prensa\/wp-json\/wp\/v2\/posts"}],"about":[{"href":"https:\/\/www.uv.mx\/prensa\/wp-json\/wp\/v2\/types\/post"}],"author":[{"embeddable":true,"href":"https:\/\/www.uv.mx\/prensa\/wp-json\/wp\/v2\/users\/1810"}],"replies":[{"embeddable":true,"href":"https:\/\/www.uv.mx\/prensa\/wp-json\/wp\/v2\/comments?post=30478"}],"version-history":[{"count":0,"href":"https:\/\/www.uv.mx\/prensa\/wp-json\/wp\/v2\/posts\/30478\/revisions"}],"wp:featuredmedia":[{"embeddable":true,"href":"https:\/\/www.uv.mx\/prensa\/wp-json\/wp\/v2\/media\/30479"}],"wp:attachment":[{"href":"https:\/\/www.uv.mx\/prensa\/wp-json\/wp\/v2\/media?parent=30478"}],"wp:term":[{"taxonomy":"category","embeddable":true,"href":"https:\/\/www.uv.mx\/prensa\/wp-json\/wp\/v2\/categories?post=30478"},{"taxonomy":"post_tag","embeddable":true,"href":"https:\/\/www.uv.mx\/prensa\/wp-json\/wp\/v2\/tags?post=30478"}],"curies":[{"name":"wp","href":"https:\/\/api.w.org\/{rel}","templated":true}]}}