{"id":30202,"date":"2017-07-05T11:56:37","date_gmt":"2017-07-05T16:56:37","guid":{"rendered":"https:\/\/www.uv.mx\/prensa\/?p=30202"},"modified":"2017-07-05T11:56:37","modified_gmt":"2017-07-05T16:56:37","slug":"innovar-en-educacion-es-construir-procesos-orientados-a-la-justicia-social","status":"publish","type":"post","link":"https:\/\/www.uv.mx\/prensa\/general\/innovar-en-educacion-es-construir-procesos-orientados-a-la-justicia-social\/","title":{"rendered":"Innovar en educaci\u00f3n es construir  procesos orientados a la justicia social"},"content":{"rendered":"<ul>\n<li><em>Plante\u00f3 Juliana <\/em><em>Mer\u00e7on, investigadora del IIE en el 1er Seminario InnUVa<\/em><\/li>\n<\/ul>\n<p><strong>\u00a0<\/strong><\/p>\n<div id=\"attachment_30207\" style=\"width: 693px\" class=\"wp-caption aligncenter\"><a href=\"https:\/\/www.uv.mx\/prensa\/files\/2017\/07\/Juliana-Mercon-050717.jpg\"><img loading=\"lazy\" decoding=\"async\" aria-describedby=\"caption-attachment-30207\" class=\"size-large wp-image-30207\" src=\"https:\/\/www.uv.mx\/prensa\/files\/2017\/07\/Juliana-Mercon-050717-683x1024.jpg\" alt=\"\" width=\"683\" height=\"1024\" srcset=\"https:\/\/www.uv.mx\/prensa\/files\/2017\/07\/Juliana-Mercon-050717-683x1024.jpg 683w, https:\/\/www.uv.mx\/prensa\/files\/2017\/07\/Juliana-Mercon-050717-200x300.jpg 200w, https:\/\/www.uv.mx\/prensa\/files\/2017\/07\/Juliana-Mercon-050717.jpg 722w\" sizes=\"auto, (max-width: 683px) 100vw, 683px\" \/><\/a><p id=\"caption-attachment-30207\" class=\"wp-caption-text\">Juliana Mer\u00e7on, integrante del Instituto de Investigaciones en Educaci\u00f3n de la UV<\/p><\/div>\n<p>&nbsp;<\/p>\n<p><strong><em>Jos\u00e9 Luis Couttolenc Soto<\/em><\/strong><\/p>\n<p><strong>\u00a0<\/strong><\/p>\n<p><strong><em>Xalapa, Ver., 05\/07\/2017.-<\/em><\/strong> La investigadora adscrita al Instituto de Investigaciones en Educaci\u00f3n (IIE) de la Universidad Veracruzana (UV), Juliana Mer\u00e7on, sostiene que la innovaci\u00f3n educativa que se aleja del discurso empresarial o del mercado af\u00edn a la noci\u00f3n innovadora, se le relaciona con la construcci\u00f3n de procesos epist\u00e9micos, \u00e9ticos y pol\u00edticos orientados a la justicia social, adem\u00e1s de que crea entendimiento de la realidad para poder transformar.<\/p>\n<p>La Coordinadora del Cuerpo Acad\u00e9mico (CA) Territorio, Comunidad, Aprendizaje y Acci\u00f3n Colectiva particip\u00f3 el jueves 29 de junio en el 1er Seminario InnUVa, organizado por la Direcci\u00f3n General de Desarrollo Acad\u00e9mico e Innovaci\u00f3n Educativa de la UV y que se efectu\u00f3 en la Unidad de Servicios Bibliotecarios y de Informaci\u00f3n (USBI) en Xalapa.<\/p>\n<p>La tambi\u00e9n Doctora en Filosof\u00eda por la Universidad de Queensland, Australia, expuso los principios de la investigaci\u00f3n acci\u00f3n participativa y su relaci\u00f3n con la pr\u00e1ctica docente, con un enfoque de construcci\u00f3n del conocimiento, de evaluaci\u00f3n y acci\u00f3n transformadora de estas pr\u00e1cticas y su conexi\u00f3n con la innovaci\u00f3n educativa.<\/p>\n<p>Se\u00f1al\u00f3 que esta postura de reflexi\u00f3n y acci\u00f3n en torno a las pr\u00e1cticas \u201cno s\u00f3lo como docentes, sino como participantes en la vida de la sociedad desde una perspectiva de construcci\u00f3n del conocimiento, permite transformar los aspectos con los que no estamos conformes y que sentimos que es necesario cambiar para generar m\u00e1s espacios para la construcci\u00f3n del conocimiento\u201d.<\/p>\n<p>Para Mer\u00e7on, la investigaci\u00f3n acci\u00f3n participativa con un enfoque epist\u00e9mico puede tener componentes de innovaci\u00f3n educativa \u201csi la comprendemos como un proceso de reflexi\u00f3n y evaluaci\u00f3n constante de nuestro quehacer de construcci\u00f3n de nuevas formas de actuar, y que est\u00e9 orientado a la justicia y a la transformaci\u00f3n de nuestra relaci\u00f3n epist\u00e9mica, construyendo conocimientos con actores diversos y entendiendo a la educaci\u00f3n como un acto fundamentalmente pol\u00edtico, como dir\u00eda Paulo Freire\u201d.<\/p>\n<p>&nbsp;<\/p>\n","protected":false},"excerpt":{"rendered":"<p><strong><em>Jos\u00e9 Luis Couttolenc.-<\/em><\/strong>La investigadora adscrita al Instituto de Investigaciones en Educaci\u00f3n (IIE) de la Universidad Veracruzana (UV), Juliana Mer\u00e7on, sostiene que la innovaci\u00f3n educativa que se aleja del discurso empresarial o del mercado af\u00edn a la noci\u00f3n innovadora, se le relaciona con la construcci\u00f3n de procesos epist\u00e9micos, \u00e9ticos y pol\u00edticos orientados a la justicia social, adem\u00e1s de que crea entendimiento de la realidad para poder transformar.<\/p>\n","protected":false},"author":1810,"featured_media":30209,"comment_status":"closed","ping_status":"closed","sticky":false,"template":"","format":"standard","meta":{"footnotes":""},"categories":[1],"tags":[3],"class_list":["post-30202","post","type-post","status-publish","format-standard","has-post-thumbnail","hentry","category-general","tag-secundarias"],"_links":{"self":[{"href":"https:\/\/www.uv.mx\/prensa\/wp-json\/wp\/v2\/posts\/30202","targetHints":{"allow":["GET"]}}],"collection":[{"href":"https:\/\/www.uv.mx\/prensa\/wp-json\/wp\/v2\/posts"}],"about":[{"href":"https:\/\/www.uv.mx\/prensa\/wp-json\/wp\/v2\/types\/post"}],"author":[{"embeddable":true,"href":"https:\/\/www.uv.mx\/prensa\/wp-json\/wp\/v2\/users\/1810"}],"replies":[{"embeddable":true,"href":"https:\/\/www.uv.mx\/prensa\/wp-json\/wp\/v2\/comments?post=30202"}],"version-history":[{"count":0,"href":"https:\/\/www.uv.mx\/prensa\/wp-json\/wp\/v2\/posts\/30202\/revisions"}],"wp:featuredmedia":[{"embeddable":true,"href":"https:\/\/www.uv.mx\/prensa\/wp-json\/wp\/v2\/media\/30209"}],"wp:attachment":[{"href":"https:\/\/www.uv.mx\/prensa\/wp-json\/wp\/v2\/media?parent=30202"}],"wp:term":[{"taxonomy":"category","embeddable":true,"href":"https:\/\/www.uv.mx\/prensa\/wp-json\/wp\/v2\/categories?post=30202"},{"taxonomy":"post_tag","embeddable":true,"href":"https:\/\/www.uv.mx\/prensa\/wp-json\/wp\/v2\/tags?post=30202"}],"curies":[{"name":"wp","href":"https:\/\/api.w.org\/{rel}","templated":true}]}}