{"id":30195,"date":"2017-07-04T16:46:41","date_gmt":"2017-07-04T21:46:41","guid":{"rendered":"https:\/\/www.uv.mx\/prensa\/?p=30195"},"modified":"2017-07-05T10:23:06","modified_gmt":"2017-07-05T15:23:06","slug":"uv-y-canacintra-firmaron-convenio-de-cooperacion-multiple","status":"publish","type":"post","link":"https:\/\/www.uv.mx\/prensa\/general\/uv-y-canacintra-firmaron-convenio-de-cooperacion-multiple\/","title":{"rendered":"UV y Canacintra firmaron convenio de cooperaci\u00f3n m\u00faltiple"},"content":{"rendered":"<p>&nbsp;<\/p>\n<ul>\n<li><em>La Universidad Veracruzana cumple con uno de los objetivos de su Programa de Trabajo Estrat\u00e9gico al vincularse con el sector productivo<\/em><\/li>\n<\/ul>\n<p>&nbsp;<\/p>\n<div id=\"attachment_30192\" style=\"width: 732px\" class=\"wp-caption aligncenter\"><a href=\"https:\/\/www.uv.mx\/prensa\/files\/2017\/07\/040717.-Firman-convenio-de-colaboracion-UV-y-Canacintra-ok.jpg\"><img loading=\"lazy\" decoding=\"async\" aria-describedby=\"caption-attachment-30192\" class=\"size-full wp-image-30192\" src=\"https:\/\/www.uv.mx\/prensa\/files\/2017\/07\/040717.-Firman-convenio-de-colaboracion-UV-y-Canacintra-ok.jpg\" alt=\"La Universidad Veracruzana y la Canacintra, Delegaci\u00f3n Xalapa, signaron un convenio de colaboraci\u00f3n \" width=\"722\" height=\"481\" srcset=\"https:\/\/www.uv.mx\/prensa\/files\/2017\/07\/040717.-Firman-convenio-de-colaboracion-UV-y-Canacintra-ok.jpg 722w, https:\/\/www.uv.mx\/prensa\/files\/2017\/07\/040717.-Firman-convenio-de-colaboracion-UV-y-Canacintra-ok-300x200.jpg 300w\" sizes=\"auto, (max-width: 722px) 100vw, 722px\" \/><\/a><p id=\"caption-attachment-30192\" class=\"wp-caption-text\">La Universidad Veracruzana y la Canacintra, Delegaci\u00f3n Xalapa, signaron un convenio de colaboraci\u00f3n<\/p><\/div>\n<p>&nbsp;<\/p>\n<p><em><strong>David Sandoval Rodr\u00edguez<\/strong><\/em><\/p>\n<p>&nbsp;<\/p>\n<p><em><strong>Xalapa, Ver., 04\/07\/2017.-<\/strong><\/em> La Universidad Veracruzana (UV) y la C\u00e1mara Nacional de la Industria de Transformaci\u00f3n (Canacintra), Delegaci\u00f3n Xalapa, firmaron este 4 de julio, en Rector\u00eda, un convenio que establece una cooperaci\u00f3n en m\u00faltiples aspectos como el servicio social, capacitaci\u00f3n y desarrollo, as\u00ed como estancias de investigaci\u00f3n.<\/p>\n<p>El documento signado por la rectora Sara Ladr\u00f3n de Guevara y el presidente de la Canacintra Delegaci\u00f3n Xalapa, Juan Manuel Garc\u00eda Gonz\u00e1lez, determina los t\u00e9rminos de cooperaci\u00f3n entre ambas instancias para desarrollar programas de servicio social de alumnos, pasantes y egresados de los niveles t\u00e9cnico y de estudios profesionales en los diferentes modelos y modalidades que ofrece la casa de estudio.<\/p>\n<p>Canalizar\u00e1 programas que encuentren su aplicaci\u00f3n directa al interior de los numerosos y variados cuerpos que conforman la Canacintra Delegaci\u00f3n Xalapa y favorecer\u00e1 la realizaci\u00f3n de estancias de investigaci\u00f3n cient\u00edfica, desarrollo tecnol\u00f3gico y proyectos de la comunidad estudiantil \u2013sean alumnos, pasantes o egresados\u2013 en el sector de desarrollo de la empresa xalape\u00f1a.<\/p>\n<p>Buscar\u00e1 ofrecer servicios de asesor\u00eda y consultor\u00eda para el desarrollo industrial, comercial y de la competitividad en \u00e1reas de inter\u00e9s mutuo.<\/p>\n<p>El convenio considera, adem\u00e1s, la formaci\u00f3n, la capacitaci\u00f3n y el intercambio de recursos humanos y la evaluaci\u00f3n de tecnolog\u00edas y t\u00e9cnicas; la identificaci\u00f3n, concentraci\u00f3n y difusi\u00f3n de informaci\u00f3n t\u00e9cnica y de inter\u00e9s general, as\u00ed como acciones conducentes a la transferencia de tecnolog\u00eda.<\/p>\n<p>Todo lo anterior se har\u00e1 relacionado con las \u00e1reas que interesan a ambas partes, en igualdad de condiciones, buscando adem\u00e1s promover la impartici\u00f3n de cursos de actualizaci\u00f3n y especializaci\u00f3n con vistas a la superaci\u00f3n del personal profesional y t\u00e9cnico.<\/p>\n<p>\u201cEl d\u00eda de hoy esta casa de estudio firma un convenio que ejemplifica la materializaci\u00f3n de la vinculaci\u00f3n que se establece en el Programa de Trabajo Estrat\u00e9gico 2013-2017: que la instituci\u00f3n se vincule real y efectivamente con alg\u00fan sector de la sociedad, en este caso con el sector productivo, fortaleciendo as\u00ed sus v\u00ednculos con el medio y establece un acuerdo de trabajo y colaboraci\u00f3n con un importante organismo empresarial, la C\u00e1mara Nacional de la Industria de Transformaci\u00f3n, Delegaci\u00f3n Xalapa\u201d, manifest\u00f3 la Rectora.<\/p>\n<p>\u201cCelebro que esta casa de estudio y la Canacintra Delegaci\u00f3n Xalapa hayan sabido crear este importante espacio de confluencia y que conjuntemos esfuerzos en aras de su propio desarrollo y, de esa manera, en aras del desarrollo de nuestra ciudad capital\u201d, recalc\u00f3.<\/p>\n<p>Por su parte, Juan Manuel Garc\u00eda, quien estuvo acompa\u00f1ado por Alejandro de la Madrid Trueba, Carlos Grajales Garc\u00eda, Evelia Garc\u00eda Caro y Luc\u00eda Jarvio J\u00e1come, integrantes del consejo directivo de la c\u00e1mara, asever\u00f3: \u201cCuentan con la mano abierta de Canacintra para lo que se necesite hacer, para cada una de las facultades y lo que requieran, estamos m\u00e1s que puestos\u201d.<\/p>\n<p>Igualmente reconoci\u00f3 el liderazgo y la visi\u00f3n de la actual administraci\u00f3n universitaria y se defini\u00f3 como orgulloso egresado de la m\u00e1xima casa de estudio y del Centro de Estudios China-Veracruz (Cechiver), por su apoyo en su formaci\u00f3n profesional y empresarial.<\/p>\n<p>\u201cTodo lo que tenemos que hacer lo debemos emprender a trav\u00e9s de la academia, de la Universidad, necesit\u00e1bamos un convenio de colaboraci\u00f3n\u201d, a\u00f1adi\u00f3 el presidente delegacional; \u201clos empresarios necesitan de la vinculaci\u00f3n porque se requiere desarrollo e investigaci\u00f3n de los productos\u201d, y ejemplific\u00f3 con el caso de la agroindustria estatal, \u00e1vida de apoyos en ese sentido para competir en los mercados internacionales.<\/p>\n<p>Atestiguaron la firma del convenio: Leticia Rodr\u00edguez Audirac, secretaria acad\u00e9mica; Gerardo Garc\u00eda Ricardo, secretario de Administraci\u00f3n y Finanzas; Octavio Ochoa Contreras, secretario de la Rector\u00eda; Alberto Islas Reyes, abogado general; as\u00ed como Liliana Betancourt Trevedhan, Domingo Canales Espinosa, Jos\u00e9 Luis Mart\u00ednez Su\u00e1rez, Mar\u00eda Concepci\u00f3n S\u00e1nchez Rovelo, Rafael D\u00edaz Sobac y Miguel Flores Covarrubias, directores generales de las \u00e1reas acad\u00e9micas Econ\u00f3mico-Administrativa, Biol\u00f3gico-Agropecuaria; de Humanidades, de Ciencias de la Salud, T\u00e9cnica y Artes, respectivamente.<\/p>\n<p>Adem\u00e1s: Carmen Bl\u00e1zquez Dom\u00ednguez, directora general de Investigaciones; Rebeca Hern\u00e1ndez Ar\u00e1mburo, directora general de Vinculaci\u00f3n; Jos\u00e9 Rigoberto Gabriel Arg\u00fcelles, director general de la Unidad de Estudios de Posgrado; An\u00edbal Carlos Zottele Allende, coordinador del Cechiver; Raciel Mart\u00ednez G\u00f3mez, director general de Comunicaci\u00f3n Universitaria.<\/p>\n<p>Tambi\u00e9n: Carlos Alberto Ochoa Rivera, \u00c1ngel Eduardo Gasca Herrera, Jorge Alberto V\u00e9lez Enr\u00edquez y Jer\u00f3nimo Ric\u00e1rdez Jim\u00e9nez, directores de las facultades de Inform\u00e1tica, Instrumentaci\u00f3n Electr\u00f3nica, Ingenier\u00eda Mec\u00e1nica El\u00e9ctrica de Veracruz y de Contadur\u00eda y Administraci\u00f3n, respectivamente.<\/p>\n","protected":false},"excerpt":{"rendered":"<p><strong><em>David Sandoval.-<\/em><\/strong> La UV y la Canacintra, Delegaci\u00f3n Xalapa, firmaron un convenio de cooperaci\u00f3n en  aspectos como servicio social, capacitaci\u00f3n y desarrollo, as\u00ed como estancias de investigaci\u00f3n<\/p>\n","protected":false},"author":1508,"featured_media":30191,"comment_status":"closed","ping_status":"closed","sticky":false,"template":"","format":"standard","meta":{"footnotes":""},"categories":[1],"tags":[2],"class_list":["post-30195","post","type-post","status-publish","format-standard","has-post-thumbnail","hentry","category-general","tag-principal"],"_links":{"self":[{"href":"https:\/\/www.uv.mx\/prensa\/wp-json\/wp\/v2\/posts\/30195","targetHints":{"allow":["GET"]}}],"collection":[{"href":"https:\/\/www.uv.mx\/prensa\/wp-json\/wp\/v2\/posts"}],"about":[{"href":"https:\/\/www.uv.mx\/prensa\/wp-json\/wp\/v2\/types\/post"}],"author":[{"embeddable":true,"href":"https:\/\/www.uv.mx\/prensa\/wp-json\/wp\/v2\/users\/1508"}],"replies":[{"embeddable":true,"href":"https:\/\/www.uv.mx\/prensa\/wp-json\/wp\/v2\/comments?post=30195"}],"version-history":[{"count":0,"href":"https:\/\/www.uv.mx\/prensa\/wp-json\/wp\/v2\/posts\/30195\/revisions"}],"wp:featuredmedia":[{"embeddable":true,"href":"https:\/\/www.uv.mx\/prensa\/wp-json\/wp\/v2\/media\/30191"}],"wp:attachment":[{"href":"https:\/\/www.uv.mx\/prensa\/wp-json\/wp\/v2\/media?parent=30195"}],"wp:term":[{"taxonomy":"category","embeddable":true,"href":"https:\/\/www.uv.mx\/prensa\/wp-json\/wp\/v2\/categories?post=30195"},{"taxonomy":"post_tag","embeddable":true,"href":"https:\/\/www.uv.mx\/prensa\/wp-json\/wp\/v2\/tags?post=30195"}],"curies":[{"name":"wp","href":"https:\/\/api.w.org\/{rel}","templated":true}]}}