{"id":29989,"date":"2017-06-29T15:05:53","date_gmt":"2017-06-29T20:05:53","guid":{"rendered":"https:\/\/www.uv.mx\/prensa\/?p=29989"},"modified":"2017-06-29T15:06:15","modified_gmt":"2017-06-29T20:06:15","slug":"uv-da-seguimiento-a-campus-ixtac-siglo-xxi","status":"publish","type":"post","link":"https:\/\/www.uv.mx\/prensa\/general\/uv-da-seguimiento-a-campus-ixtac-siglo-xxi\/","title":{"rendered":"UV da seguimiento a Campus Ixtac Siglo XXI"},"content":{"rendered":"<ul>\n<li><i><em>Se realiz\u00f3 la primera reuni\u00f3n de la Comisi\u00f3n encargada del proyecto <\/em><\/i><\/li>\n<\/ul>\n<p>&nbsp;<\/p>\n<div id=\"attachment_29988\" style=\"width: 732px\" class=\"wp-caption aligncenter\"><a href=\"https:\/\/www.uv.mx\/prensa\/files\/2017\/06\/290617.-Reunion-de-seguimiento-de-comision-Campus-Ixtac-Siglo-XXI-ok.jpg\"><img loading=\"lazy\" decoding=\"async\" aria-describedby=\"caption-attachment-29988\" class=\"size-full wp-image-29988\" src=\"https:\/\/www.uv.mx\/prensa\/files\/2017\/06\/290617.-Reunion-de-seguimiento-de-comision-Campus-Ixtac-Siglo-XXI-ok.jpg\" alt=\"\" width=\"722\" height=\"480\" srcset=\"https:\/\/www.uv.mx\/prensa\/files\/2017\/06\/290617.-Reunion-de-seguimiento-de-comision-Campus-Ixtac-Siglo-XXI-ok.jpg 722w, https:\/\/www.uv.mx\/prensa\/files\/2017\/06\/290617.-Reunion-de-seguimiento-de-comision-Campus-Ixtac-Siglo-XXI-ok-300x199.jpg 300w\" sizes=\"auto, (max-width: 722px) 100vw, 722px\" \/><\/a><p id=\"caption-attachment-29988\" class=\"wp-caption-text\">Se realiz\u00f3 la primera reuni\u00f3n de la Comisi\u00f3n de Seguimiento de la construcci\u00f3n del Campus Ixtac Siglo XXI<\/p><\/div>\n<p>&nbsp;<\/p>\n<p><em><strong>David Sandoval Rodr\u00edguez<\/strong><\/em><\/p>\n<p>&nbsp;<\/p>\n<p><strong><em>Xalapa, Ver., 29\/06\/2017.-<\/em><\/strong> La construcci\u00f3n del Campus Ixtac Siglo XXI de la Universidad Veracruzana (UV) contar\u00e1 con la participaci\u00f3n y el di\u00e1logo de un grupo de asesores y autoridades universitarias para planear las acciones a realizar dentro del proyecto que incorporar\u00e1 el enfoque del Modelo Educativo Integral y Flexible (MEIF), expresaron los participantes de la primera reuni\u00f3n de la Comisi\u00f3n de Seguimiento para el proyecto acad\u00e9mico y de construcci\u00f3n de dicho campus.<\/p>\n<p>En el encuentro celebrado el 28 de junio en la Rector\u00eda universitaria y seguido por videoconferencia en la regi\u00f3n Orizaba-C\u00f3rdoba, se cont\u00f3 con la presencia de la vicerrectora Beatriz Rodr\u00edguez Villafuerte y los integrantes del comit\u00e9 asesor: Eric Houbron, coordinador regional de Sustentabilidad; Mart\u00edn Augusto P\u00e9rez Panes, director de la Facultad de Ingenier\u00eda; Andrea Francisca Ortiz Mu\u00f1oz, directora de la Facultad de Contadur\u00eda y Administraci\u00f3n; Irma Josefina J\u00e1come S\u00e1nchez, coordinadora acad\u00e9mica regional del Sistema de Ense\u00f1anza Abierta, y Graciela Flores Bello, directora de la Unidad de Servicios Bibliotecarios y de Informaci\u00f3n (USBI) del Campus Ixtac.<\/p>\n<p>Rodr\u00edguez Villafuerte, quien funge como secretaria ejecutiva de la comisi\u00f3n, expres\u00f3 que \u00e9sta ha sido una prioridad de la actual administraci\u00f3n y dese\u00f3 \u201cque las decisiones institucionales se aterricen geogr\u00e1fica y territorialmente en las regiones, de modo que con la instalaci\u00f3n de esta comisi\u00f3n lo podamos hacer\u201d.<\/p>\n<p>Explic\u00f3 que el prop\u00f3sito de la comisi\u00f3n es que el modelo acad\u00e9mico administrativo vaya de la mano con el proyecto constructivo y los asesores se involucren en la planeaci\u00f3n a corto, mediano y largo plazo, agreg\u00f3.<\/p>\n<p>Emilia Rodiles Justo, titular de la Direcci\u00f3n de Proyectos, Construcciones y Mantenimiento, dio un informe respecto a la \u00faltima visita efectuada al <em>campus<\/em> y los avances del proyecto que contempla la realizaci\u00f3n de 19 edificios de cuatro a seis niveles para varias facultades.<\/p>\n<p>Al finalizar la exposici\u00f3n de los puntos de vista de los integrantes de la comisi\u00f3n, la rectora Sara Ladr\u00f3n de Guevara manifest\u00f3 que la intenci\u00f3n es que este <em>campus<\/em> signifique un crecimiento y un futuro para la regi\u00f3n Orizaba-C\u00f3rdoba, a partir del consenso, la transparencia y por el bien de la Universidad.<\/p>\n<p>\u201cLa conformaci\u00f3n de esta comisi\u00f3n se relaciona con un di\u00e1logo posible, con escucharnos todos: los que toman decisiones con quienes usan los espacios\u201d, puntualiz\u00f3 la Rectora. \u201cPrecisamente nos permite seguir en di\u00e1logo y nos permite la permanencia; el hecho de que est\u00e9n como asesores los directores de las facultades involucradas permitir\u00e1 que este crecimiento responda a las necesidades y el desarrollo institucional m\u00e1s all\u00e1 de la autoridad que est\u00e9 al frente\u201d<em>.<\/em><\/p>\n<p>Estuvieron presentes en la reuni\u00f3n Leticia Rodr\u00edguez Audirac, secretaria acad\u00e9mica; Gerardo Garc\u00eda Ricardo, secretario de Administraci\u00f3n y Finanzas; Octavio Ochoa Contreras, secretario de la Rector\u00eda; Alberto Islas Reyes, abogado general; Carmen Bl\u00e1zquez Dom\u00ednguez, directora general de Investigaciones; Laura Elena Mart\u00ednez M\u00e1rquez, directora de Planeaci\u00f3n Institucional; Rafael D\u00edaz Sobac, director general del \u00c1rea Acad\u00e9mica T\u00e9cnica; Jos\u00e9 Luis Mart\u00ednez Su\u00e1rez, director general del \u00c1rea Acad\u00e9mica de Humanidades; Domingo Canales Espinosa, director general del \u00c1rea Biol\u00f3gico-Agropecuarias; Miguel Flores Covarrubias, director general del \u00c1rea Acad\u00e9mica de Artes; Mar\u00eda Concepci\u00f3n S\u00e1nchez Rovelo, directora general del \u00c1rea de Ciencias de la Salud; Raciel Mart\u00ednez G\u00f3mez, director general de Comunicaci\u00f3n Universitaria, y Facundo Pacheco Rojas, director ejecutivo de la Fundaci\u00f3n UV.<\/p>\n","protected":false},"excerpt":{"rendered":"<p><strong><em> David Sandoval Rodr\u00edguez.-<\/em><\/strong> La construcci\u00f3n del Campus Ixtac Siglo XXI de la Universidad Veracruzana (UV) contar\u00e1 con la participaci\u00f3n y el di\u00e1logo de un grupo de asesores y autoridades universitarias para planear las acciones a realizar dentro del proyecto que incorporar\u00e1 el enfoque del Modelo Educativo Integral y Flexible (MEIF), expresaron los participantes de la primera reuni\u00f3n de la Comisi\u00f3n de Seguimiento para el proyecto acad\u00e9mico y de construcci\u00f3n de dicho campus.<\/p>\n","protected":false},"author":1809,"featured_media":29987,"comment_status":"closed","ping_status":"closed","sticky":false,"template":"","format":"standard","meta":{"footnotes":""},"categories":[1],"tags":[3],"class_list":["post-29989","post","type-post","status-publish","format-standard","has-post-thumbnail","hentry","category-general","tag-secundarias"],"_links":{"self":[{"href":"https:\/\/www.uv.mx\/prensa\/wp-json\/wp\/v2\/posts\/29989","targetHints":{"allow":["GET"]}}],"collection":[{"href":"https:\/\/www.uv.mx\/prensa\/wp-json\/wp\/v2\/posts"}],"about":[{"href":"https:\/\/www.uv.mx\/prensa\/wp-json\/wp\/v2\/types\/post"}],"author":[{"embeddable":true,"href":"https:\/\/www.uv.mx\/prensa\/wp-json\/wp\/v2\/users\/1809"}],"replies":[{"embeddable":true,"href":"https:\/\/www.uv.mx\/prensa\/wp-json\/wp\/v2\/comments?post=29989"}],"version-history":[{"count":0,"href":"https:\/\/www.uv.mx\/prensa\/wp-json\/wp\/v2\/posts\/29989\/revisions"}],"wp:featuredmedia":[{"embeddable":true,"href":"https:\/\/www.uv.mx\/prensa\/wp-json\/wp\/v2\/media\/29987"}],"wp:attachment":[{"href":"https:\/\/www.uv.mx\/prensa\/wp-json\/wp\/v2\/media?parent=29989"}],"wp:term":[{"taxonomy":"category","embeddable":true,"href":"https:\/\/www.uv.mx\/prensa\/wp-json\/wp\/v2\/categories?post=29989"},{"taxonomy":"post_tag","embeddable":true,"href":"https:\/\/www.uv.mx\/prensa\/wp-json\/wp\/v2\/tags?post=29989"}],"curies":[{"name":"wp","href":"https:\/\/api.w.org\/{rel}","templated":true}]}}