{"id":29615,"date":"2017-06-23T17:08:47","date_gmt":"2017-06-23T22:08:47","guid":{"rendered":"https:\/\/www.uv.mx\/prensa\/?p=29615"},"modified":"2017-06-23T17:36:47","modified_gmt":"2017-06-23T22:36:47","slug":"universidades-de-todo-el-mundo-abrazan-la-declaracion-veracruz","status":"publish","type":"post","link":"https:\/\/www.uv.mx\/prensa\/general\/universidades-de-todo-el-mundo-abrazan-la-declaracion-veracruz\/","title":{"rendered":"Universidades de todo el mundo  abrazan la Declaraci\u00f3n de Veracruz"},"content":{"rendered":"<ul>\n<li><em>En la Conferencia de L\u00edderes de la Red Talloires 2017<\/em><\/li>\n<li><em>Destaca la defensa de la educaci\u00f3n como un derecho humano, la responsabilidad de promover comunidades justas y pr\u00f3speras como tambi\u00e9n el acceso al conocimiento<\/em><\/li>\n<\/ul>\n<p>&nbsp;<\/p>\n<div id=\"attachment_29617\" style=\"width: 1034px\" class=\"wp-caption aligncenter\"><a href=\"https:\/\/www.uv.mx\/prensa\/files\/2017\/06\/230617-Clausura1.jpg\"><img loading=\"lazy\" decoding=\"async\" aria-describedby=\"caption-attachment-29617\" class=\"size-full wp-image-29617\" src=\"https:\/\/www.uv.mx\/prensa\/files\/2017\/06\/230617-Clausura1.jpg\" alt=\"Abigail G\u00f3mez, estudiante de la UV dio lectura a la Declaraci\u00f3n Veracruz\" width=\"1024\" height=\"684\" srcset=\"https:\/\/www.uv.mx\/prensa\/files\/2017\/06\/230617-Clausura1.jpg 1024w, https:\/\/www.uv.mx\/prensa\/files\/2017\/06\/230617-Clausura1-300x200.jpg 300w, https:\/\/www.uv.mx\/prensa\/files\/2017\/06\/230617-Clausura1-768x513.jpg 768w\" sizes=\"auto, (max-width: 1024px) 100vw, 1024px\" \/><\/a><p id=\"caption-attachment-29617\" class=\"wp-caption-text\">Abigail G\u00f3mez, estudiante de la UV dio lectura a la Declaraci\u00f3n Veracruz<\/p><\/div>\n<p>&nbsp;<\/p>\n<p><strong><em>Carlos Hermida y David Sandoval<\/em><\/strong><\/p>\n<p><strong><em>23\/06\/2017\/ Xalapa, Ver.-<\/em><\/strong> Estudiantes, acad\u00e9micos y representantes de 76 universidades de 31 pa\u00edses firmaron, aplaudieron y abrazaron con entusiasmo la Declaraci\u00f3n de Veracruz, documento final que sintetiza la reflexi\u00f3n y la postura de las instituciones de educaci\u00f3n superior que participaron en la Conferencia de L\u00edderes de la Red Talloires 2017 (TNLC, por sus siglas en ingl\u00e9s), celebrada en la Universidad Veracruzana (UV).<\/p>\n<p>Abigail G\u00f3mez, estudiante de la UV, y Mapendo Mindje, estudiante de la Universidad de Ruanda, dieron lectura en castellano e ingl\u00e9s, respectivamente, a la Declaraci\u00f3n de Veracruz en la sesi\u00f3n en que se clausuraron los trabajos de TNLC 2017 y en la que se refrend\u00f3 el compromiso de las universidades del mundo para promover la educaci\u00f3n como un derecho humano universal ante un panorama de desigualdad, inequidad y depredaci\u00f3n ambiental.<\/p>\n<p>La Declaraci\u00f3n Veracruz establece como puntos nodales los siguientes, seg\u00fan la lectura de la joven estudiante de la UV:<\/p>\n<p>\u201cNos reunimos en un momento en el que tanto nuestra sociedad en general como las universidades \u2500como instituciones sociales\u2500 est\u00e1n enfrentando desaf\u00edos como la ignominia racial, la pobreza material y espiritual, el analfabetismo que limita el desarrollo cultural, la ruptura de estructuras sociales y acciones depredadoras que propician la ruptura del equilibrio natural.<\/p>\n<p>\u201dLas universidades tenemos el compromiso de promover la educaci\u00f3n como un derecho humano universal que contribuya a resolver los desaf\u00edos mencionados.<\/p>\n<p>\u201dLas universidades tenemos la responsabilidad de promover comunidades justas y pr\u00f3speras, con oportunidades para el desarrollo y la distribuci\u00f3n equitativa de la riqueza a partir del trabajo colaborativo con organizaciones comunitarias, agencias gubernamentales, empresas privadas y organizaciones no gubernamentales.<\/p>\n<p>\u201dLas universidades tenemos la responsabilidad de promover el acceso al conocimiento y la tecnolog\u00eda para crear sociedades pr\u00f3speras; que entre las funciones de las instituciones de educaci\u00f3n superior est\u00e1 la de contribuir al fortalecimiento de la cultura, de la solidaridad social y de la colaboraci\u00f3n hacia el bien com\u00fan.<\/p>\n<p>\u201dEntendemos que lo anterior se relaciona con tres derechos particulares y sus responsabilidades sociales\u201d, prosigui\u00f3 la estudiante.<\/p>\n<p>\u201cLa primera: El derecho a la educaci\u00f3n. La responsabilidad de ser socialmente inclusivos y promover la educaci\u00f3n para todos. La segunda: El derecho a oportunidades de liderazgo y movilidad econ\u00f3mica; la responsabilidad de crear comunidades y sociedades pr\u00f3speras.<\/p>\n<p>\u201dTercero: El derecho a un sustento; la responsabilidad de preparar a las personas para la vida laboral con un esp\u00edritu empresarial que contribuya al desarrollo econ\u00f3mico.<\/p>\n<p>\u201dCreemos que las instituciones tienen un rol \u00fanico de crear redes globales para enfrentar los problemas locales y regionales, reconocemos que existe una diversidad cultural entre los diferentes pa\u00edses pero tambi\u00e9n enfrentamos problemas similares, por lo tanto reconocemos que para impulsar e idear nuevas condiciones para el desarrollo humano integral es necesario el intercambio de conocimiento\u201d.<\/p>\n<p>&nbsp;<\/p>\n<div id=\"attachment_29618\" style=\"width: 1034px\" class=\"wp-caption aligncenter\"><a href=\"https:\/\/www.uv.mx\/prensa\/files\/2017\/06\/230617-Clausura2.jpg\"><img loading=\"lazy\" decoding=\"async\" aria-describedby=\"caption-attachment-29618\" class=\"size-full wp-image-29618\" src=\"https:\/\/www.uv.mx\/prensa\/files\/2017\/06\/230617-Clausura2.jpg\" alt=\"Acad\u00e9micos de tres continentes dieron las conclusiones del evento\" width=\"1024\" height=\"682\" srcset=\"https:\/\/www.uv.mx\/prensa\/files\/2017\/06\/230617-Clausura2.jpg 1024w, https:\/\/www.uv.mx\/prensa\/files\/2017\/06\/230617-Clausura2-300x200.jpg 300w, https:\/\/www.uv.mx\/prensa\/files\/2017\/06\/230617-Clausura2-768x512.jpg 768w\" sizes=\"auto, (max-width: 1024px) 100vw, 1024px\" \/><\/a><p id=\"caption-attachment-29618\" class=\"wp-caption-text\">Acad\u00e9micos de tres continentes dieron las conclusiones del evento<\/p><\/div>\n<p>&nbsp;<\/p>\n<p>Al finalizar la lectura, la rectora de la UV, Sara Ladr\u00f3n de Guevara, destac\u00f3 el di\u00e1logo, la reflexi\u00f3n y los objetivos compartidos por los participantes: \u201cCreo que esta conferencia ha sido una fiesta y es una celebraci\u00f3n de la diversidad, con muchos rostros\u2026\u201d.<\/p>\n<p>Ha sido la unidad en la diversidad lo que celebr\u00f3 la conferencia, a\u00f1adi\u00f3 al solicitar a todos los presentes reproducir y difundir por todos los medios a su alcance la Declaraci\u00f3n Veracruz, \u201cas\u00ed la conferencia continuar\u00e1, aunque haya finalizado formalmente el d\u00eda de hoy\u201d.<\/p>\n<p>&nbsp;<\/p>\n<div id=\"attachment_29619\" style=\"width: 1034px\" class=\"wp-caption aligncenter\"><a href=\"https:\/\/www.uv.mx\/prensa\/files\/2017\/06\/230617-Clausura3.jpg\"><img loading=\"lazy\" decoding=\"async\" aria-describedby=\"caption-attachment-29619\" class=\"size-full wp-image-29619\" src=\"https:\/\/www.uv.mx\/prensa\/files\/2017\/06\/230617-Clausura3.jpg\" alt=\"La rectora de la UV, Sara Ladr\u00f3n de Guevara, realiz\u00f3 el cierre formal de la TLNC 2017\" width=\"1024\" height=\"682\" srcset=\"https:\/\/www.uv.mx\/prensa\/files\/2017\/06\/230617-Clausura3.jpg 1024w, https:\/\/www.uv.mx\/prensa\/files\/2017\/06\/230617-Clausura3-300x200.jpg 300w, https:\/\/www.uv.mx\/prensa\/files\/2017\/06\/230617-Clausura3-768x512.jpg 768w\" sizes=\"auto, (max-width: 1024px) 100vw, 1024px\" \/><\/a><p id=\"caption-attachment-29619\" class=\"wp-caption-text\">La rectora de la UV, Sara Ladr\u00f3n de Guevara, realiz\u00f3 el cierre formal de la TNLC 2017<\/p><\/div>\n<p>&nbsp;<\/p>\n<p>Previo a la clausura, se efectu\u00f3 una plenaria de conclusiones\u00a0 donde participaron Rajesh Tandon,\u00a0de Investigaci\u00f3n Participativa en Asia; Carol\u00a0Ma,\u00a0de la\u00a0\u00a0Universidad de Ciencias Sociales de Singapur (SIM), Singapur; Andrew\u00a0Seligsohn,\u00a0de\u00a0Campus Compact, Estados Unidos;\u00a0Lorraine\u00a0McIlrath,de\u00a0Europe\u00a0Engage;\u00a0y\u00a0Nico\u00a0Koopman,\u00a0del\u00a0\u00a0Foro de Participaci\u00f3n de la Comunidad de Educaci\u00f3n Superior de Sud\u00e1frica (SAHECEF).<\/p>\n<p>La moderaci\u00f3n corri\u00f3 a cargo de\u00a0Amy\u00a0Newcomb\u00a0Rowe, Gerente del Programa YEPI de la Red\u00a0Talloires.<\/p>\n<p>Rajesh\u00a0Tandon\u00a0\u00a0destac\u00f3 que la\u00a0declaraci\u00f3n tiene un prop\u00f3sito hist\u00f3rico muy importante,\u00a0y que piensa\u00a0\u00a0compartirla\u00a0en India y la parte Sur de Asia\u00a0para mostrarla\u00a0a los j\u00f3venes, mencion\u00f3 que\u00a0 sus metas son limitadas por el momento,\u00a0ya que solo se llevaran a cabo a trav\u00e9s de la acci\u00f3n.<\/p>\n<p>\u201cLas\u00a0universidades deben tomar acci\u00f3n y\u00a0hacer que \u00e9sta permee en\u00a0sus diferentes niveles; el\u00a0\u00a0compromiso\u00a0para esto\u00a0es fundamental,\u00a0y deben\u00a0situarlo en la totalidad de su\u00a0ser,\u00a0no s\u00f3lo para sus estudiantes,\u00a0\u00a0sino dentro de su\u00a0aprendizaje, ense\u00f1anza,\u00a0investigaci\u00f3n y servicio\u201d, enfatiz\u00f3.<\/p>\n<p>Carol\u00a0Ma\u00a0afirm\u00f3 estar\u00a0completamente de acuerdo con esta declaraci\u00f3n y\u00a0opin\u00f3 que puede ser implementada, pero que para ello se debe pensar bien en la metodolog\u00eda\u00a0a seguir. Resalt\u00f3 que la principal fortaleza de \u00e9sta es que tiene la premisa de que\u00a0diferentes individuos\u00a0pueden realizar acciones juntos.<\/p>\n<p>\u201cActualmente muchos j\u00f3venes no saben qu\u00e9 camino seguir en sus vidas, y las instituciones de educaci\u00f3n superior, a trav\u00e9s de sus programas educativos, pueden orientarlos en ese aspecto\u201d, manifest\u00f3.<\/p>\n<p>Andrew\u00a0Seligsohn\u00a0 expres\u00f3 que el que esta declaraci\u00f3n hable de la problem\u00e1tica sobre el acceso a la educaci\u00f3n, refleja\u00a0que atiende una preocupaci\u00f3n real a la que las personas alrededor del mundo deben enfrentarse por diferentes razones y en diversas circunstancias.<\/p>\n<p>Agreg\u00f3 que las universidades deben conectar sus trabajos con las comunidades m\u00e1s all\u00e1 del campus, y que deben comprometer a las personas que habitan en ellas a dialogar acerca de aquello que les preocupa, para a partir de ello mostrar como las instituciones educativas pueden sumar esfuerzos con ellos para operar cambios positivos.<\/p>\n<p>&nbsp;<\/p>\n<div id=\"attachment_29620\" style=\"width: 1034px\" class=\"wp-caption aligncenter\"><a href=\"https:\/\/www.uv.mx\/prensa\/files\/2017\/06\/230617-Clausura4.jpg\"><img loading=\"lazy\" decoding=\"async\" aria-describedby=\"caption-attachment-29620\" class=\"size-full wp-image-29620\" src=\"https:\/\/www.uv.mx\/prensa\/files\/2017\/06\/230617-Clausura4.jpg\" alt=\"Los panelistas reconocieron la hospitalidad de la UV, su Rectora y sus estudiantes\" width=\"1024\" height=\"662\" srcset=\"https:\/\/www.uv.mx\/prensa\/files\/2017\/06\/230617-Clausura4.jpg 1024w, https:\/\/www.uv.mx\/prensa\/files\/2017\/06\/230617-Clausura4-300x194.jpg 300w, https:\/\/www.uv.mx\/prensa\/files\/2017\/06\/230617-Clausura4-768x497.jpg 768w\" sizes=\"auto, (max-width: 1024px) 100vw, 1024px\" \/><\/a><p id=\"caption-attachment-29620\" class=\"wp-caption-text\">Los panelistas reconocieron la hospitalidad de la UV, su Rectora y sus estudiantes<\/p><\/div>\n","protected":false},"excerpt":{"rendered":"<p><strong><em>Carlos Hermida y David Sandoval.-<\/em><\/strong> Estudiantes, acad\u00e9micos y representantes de 76 universidades de 31 pa\u00edses firmaron, aplaudieron y abrazaron con entusiasmo la Declaraci\u00f3n de Veracruz, documento final que sintetiza la reflexi\u00f3n y la postura de las instituciones de educaci\u00f3n superior que participaron en la Conferencia de L\u00edderes de la Red Talloires 2017 (TNLC, por sus siglas en ingl\u00e9s), celebrada en la Universidad Veracruzana (UV).<\/p>\n","protected":false},"author":1777,"featured_media":29616,"comment_status":"closed","ping_status":"closed","sticky":false,"template":"","format":"standard","meta":{"footnotes":""},"categories":[1],"tags":[2],"class_list":["post-29615","post","type-post","status-publish","format-standard","has-post-thumbnail","hentry","category-general","tag-principal"],"_links":{"self":[{"href":"https:\/\/www.uv.mx\/prensa\/wp-json\/wp\/v2\/posts\/29615","targetHints":{"allow":["GET"]}}],"collection":[{"href":"https:\/\/www.uv.mx\/prensa\/wp-json\/wp\/v2\/posts"}],"about":[{"href":"https:\/\/www.uv.mx\/prensa\/wp-json\/wp\/v2\/types\/post"}],"author":[{"embeddable":true,"href":"https:\/\/www.uv.mx\/prensa\/wp-json\/wp\/v2\/users\/1777"}],"replies":[{"embeddable":true,"href":"https:\/\/www.uv.mx\/prensa\/wp-json\/wp\/v2\/comments?post=29615"}],"version-history":[{"count":0,"href":"https:\/\/www.uv.mx\/prensa\/wp-json\/wp\/v2\/posts\/29615\/revisions"}],"wp:featuredmedia":[{"embeddable":true,"href":"https:\/\/www.uv.mx\/prensa\/wp-json\/wp\/v2\/media\/29616"}],"wp:attachment":[{"href":"https:\/\/www.uv.mx\/prensa\/wp-json\/wp\/v2\/media?parent=29615"}],"wp:term":[{"taxonomy":"category","embeddable":true,"href":"https:\/\/www.uv.mx\/prensa\/wp-json\/wp\/v2\/categories?post=29615"},{"taxonomy":"post_tag","embeddable":true,"href":"https:\/\/www.uv.mx\/prensa\/wp-json\/wp\/v2\/tags?post=29615"}],"curies":[{"name":"wp","href":"https:\/\/api.w.org\/{rel}","templated":true}]}}