{"id":29494,"date":"2017-06-22T14:25:22","date_gmt":"2017-06-22T19:25:22","guid":{"rendered":"https:\/\/www.uv.mx\/prensa\/?p=29494"},"modified":"2017-06-22T15:36:41","modified_gmt":"2017-06-22T20:36:41","slug":"resiliencia-elemento-fundamental-de-la-vinculacion-universitaria","status":"publish","type":"post","link":"https:\/\/www.uv.mx\/prensa\/general\/resiliencia-elemento-fundamental-de-la-vinculacion-universitaria\/","title":{"rendered":"Resiliencia, elemento fundamental de la vinculaci\u00f3n universitaria"},"content":{"rendered":"<ul>\n<li><i><em>Reconocieron acad\u00e9micos de varios pa\u00edses durante su participaci\u00f3n en la Conferencia de L\u00edderes de la Red Talloires <\/em><\/i><\/li>\n<li><em>Presentaron resultados de su libro <\/em>Perspectivas regionales sobre aprendizaje-servicio<\/li>\n<\/ul>\n<p>&nbsp;<\/p>\n<div id=\"attachment_29496\" style=\"width: 732px\" class=\"wp-caption aligncenter\"><a href=\"https:\/\/www.uv.mx\/prensa\/files\/2017\/06\/220617.-Mesa-Medios-de-subsistencia-TNLC-ok.jpg\"><img loading=\"lazy\" decoding=\"async\" aria-describedby=\"caption-attachment-29496\" class=\"size-full wp-image-29496\" src=\"https:\/\/www.uv.mx\/prensa\/files\/2017\/06\/220617.-Mesa-Medios-de-subsistencia-TNLC-ok.jpg\" alt=\"\" width=\"722\" height=\"481\" srcset=\"https:\/\/www.uv.mx\/prensa\/files\/2017\/06\/220617.-Mesa-Medios-de-subsistencia-TNLC-ok.jpg 722w, https:\/\/www.uv.mx\/prensa\/files\/2017\/06\/220617.-Mesa-Medios-de-subsistencia-TNLC-ok-300x200.jpg 300w\" sizes=\"auto, (max-width: 722px) 100vw, 722px\" \/><\/a><p id=\"caption-attachment-29496\" class=\"wp-caption-text\">Los panelistas de la mesa \u201cMedios de subsistencia: aprendizaje por hacer: historias de universidades comprometidas en todo el mundo\u201d<\/p><\/div>\n<p>&nbsp;<\/p>\n<p><strong><em>David Sandoval Rodr\u00edguez<\/em><\/strong><\/p>\n<p>&nbsp;<\/p>\n<p><strong><em>Xalapa, Ver., 22\/06\/2017.-<\/em><\/strong> Las experiencias de vinculaci\u00f3n con las comunidades deben considerar fundamental promover la resiliencia tanto en los ciudadanos como en los estudiantes universitarios, coincidieron en se\u00f1alar especialistas participantes en la mesa \u201cMedios de subsistencia: aprendizaje por hacer: historias de universidades comprometidas en todo el mundo\u201d, dentro de la Conferencia de L\u00edderes de la Red Talloires.<\/p>\n<p>En el evento internacional que se celebra en la Universidad Veracruzana desde el mi\u00e9rcoles 21 de junio, los acad\u00e9micos Ernesto Benavides Ornelas, del Instituto Tecnol\u00f3gico y de Estudios Superiores de Monterrey (ITESM); Nelly Corbel, de la Universidad Americana de El Cairo, Egipto; Hlekani Kabiti y Joseph Francis, de la Universidad de Venda, en Sud\u00e1frica, y James Koh, de la Universidad M\u00e9dica de Malasia, fueron moderados por Derek Barker, de la Fundaci\u00f3n Kettering.<\/p>\n<p>Los expertos hablaron sobre la experiencia de colaborar en el libro editado por dicha fundaci\u00f3n y coordinado por el propio Barker, <em>Perspectivas regionales sobre aprendizaje-servicio<\/em>.<\/p>\n<p>Entre los aspectos a considerar, Corbel mencion\u00f3 la importancia que tiene establecer los l\u00edmites de incidencia de los proyectos acad\u00e9micos, dado que en su caso el proceso de radicalizaci\u00f3n religiosa que sufre la regi\u00f3n se convirti\u00f3 tambi\u00e9n en un asunto delicado para los estudiantes.<\/p>\n<p>Tanto Benavides como Kabiti y Francis resaltaron la importancia de elaborar proyectos en los que se establezca un impacto y resultados a largo plazo, pues es com\u00fan que la compenetraci\u00f3n de los estudiantes con las comunidades ocurre \u00fanicamente en su paso por el proyecto.<\/p>\n<p>En ese sentido, Corbel y Francis recordaron que en las experiencias de cada uno de los participantes est\u00e1n las claves de aprendizaje de los profesores, que deben considerar en su balance final el impacto que tienen tambi\u00e9n en ellos.<\/p>\n<p>\u201cMuchas veces las comunidades creen que los acad\u00e9micos lo sabemos todo, que podemos llegar a resolver cualquier problema y en realidad lo que debemos de establecer claramente es nuestra disposici\u00f3n y confianza, comprometernos a hacer lo que podamos cuando requieran nuestra ayuda\u201d, explic\u00f3 Kabiti.<\/p>\n<p>Lo m\u00e1s valioso de haber colaborado en el libro \u2013que refleja las experiencias comunitarias en Australia, M\u00e9xico, Malasia, Escocia, Egipto, Estados Unidos y Sud\u00e1frica, destacaron los ponentes\u2013 es haber creado un pr\u00e9stamo intelectual, es decir, la capacidad de tomar las ideas de las dem\u00e1s experiencias para enriquecer los trabajos en cada uno de los proyectos.<\/p>\n<p>No obstante, advirtieron, se debe ser cr\u00edtico con los alcances de las estrategias vinculantes pues para muchos estudiantes participantes sucede un momento decisivo en que deben elegir entre finalizar su formaci\u00f3n universitaria o continuar trabajando en los proyectos comunitarios, ya que por un lado se obtiene el diploma y por el otro se obtiene la experiencia de vida que otorga el servicio comunitario<\/p>\n","protected":false},"excerpt":{"rendered":"<p><strong><em> David Sandoval Rodr\u00edguez.-<\/em><\/strong>  Las experiencias de vinculaci\u00f3n con las comunidades deben considerar fundamental promover la resiliencia tanto en los ciudadanos como en los estudiantes universitarios, coincidieron en se\u00f1alar especialistas participantes en la mesa \u201cMedios de subsistencia: aprendizaje por hacer: historias de universidades comprometidas en todo el mundo\u201d, dentro de la Conferencia de L\u00edderes de la Red Talloires.<\/p>\n","protected":false},"author":1809,"featured_media":29495,"comment_status":"closed","ping_status":"closed","sticky":false,"template":"","format":"standard","meta":{"footnotes":""},"categories":[1],"tags":[3],"class_list":["post-29494","post","type-post","status-publish","format-standard","has-post-thumbnail","hentry","category-general","tag-secundarias"],"_links":{"self":[{"href":"https:\/\/www.uv.mx\/prensa\/wp-json\/wp\/v2\/posts\/29494","targetHints":{"allow":["GET"]}}],"collection":[{"href":"https:\/\/www.uv.mx\/prensa\/wp-json\/wp\/v2\/posts"}],"about":[{"href":"https:\/\/www.uv.mx\/prensa\/wp-json\/wp\/v2\/types\/post"}],"author":[{"embeddable":true,"href":"https:\/\/www.uv.mx\/prensa\/wp-json\/wp\/v2\/users\/1809"}],"replies":[{"embeddable":true,"href":"https:\/\/www.uv.mx\/prensa\/wp-json\/wp\/v2\/comments?post=29494"}],"version-history":[{"count":0,"href":"https:\/\/www.uv.mx\/prensa\/wp-json\/wp\/v2\/posts\/29494\/revisions"}],"wp:featuredmedia":[{"embeddable":true,"href":"https:\/\/www.uv.mx\/prensa\/wp-json\/wp\/v2\/media\/29495"}],"wp:attachment":[{"href":"https:\/\/www.uv.mx\/prensa\/wp-json\/wp\/v2\/media?parent=29494"}],"wp:term":[{"taxonomy":"category","embeddable":true,"href":"https:\/\/www.uv.mx\/prensa\/wp-json\/wp\/v2\/categories?post=29494"},{"taxonomy":"post_tag","embeddable":true,"href":"https:\/\/www.uv.mx\/prensa\/wp-json\/wp\/v2\/tags?post=29494"}],"curies":[{"name":"wp","href":"https:\/\/api.w.org\/{rel}","templated":true}]}}