{"id":29476,"date":"2017-06-22T14:30:43","date_gmt":"2017-06-22T19:30:43","guid":{"rendered":"https:\/\/www.uv.mx\/prensa\/?p=29476"},"modified":"2017-06-22T15:30:18","modified_gmt":"2017-06-22T20:30:18","slug":"universidades-de-al-deben-responder-a-las-problematicas-de-su-region","status":"publish","type":"post","link":"https:\/\/www.uv.mx\/prensa\/general\/universidades-de-al-deben-responder-a-las-problematicas-de-su-region\/","title":{"rendered":"Universidades de AL deben responder a las problem\u00e1ticas de su regi\u00f3n"},"content":{"rendered":"<ul>\n<li><em>Daniela Gargantini, de la Universidad Cat\u00f3lica de C\u00f3rdoba, particip\u00f3 en la Conferencia de L\u00edderes de la Red Talloires (TNLC)<\/em><\/li>\n<li><em>\u201cPertenecemos tal vez no a la regi\u00f3n m\u00e1s pobre, pero s\u00ed a la m\u00e1s inequitativa e injusta del mundo y eso nos exige repensar c\u00f3mo investigamos, c\u00f3mo ense\u00f1amos y c\u00f3mo nos proyectamos socialmente\u201d<\/em><\/li>\n<\/ul>\n<p>&nbsp;<\/p>\n<div id=\"attachment_29482\" style=\"width: 732px\" class=\"wp-caption aligncenter\"><a href=\"https:\/\/www.uv.mx\/prensa\/files\/2017\/06\/Daniela-gargantitni-220617.jpg\"><img loading=\"lazy\" decoding=\"async\" aria-describedby=\"caption-attachment-29482\" class=\"size-full wp-image-29482\" src=\"https:\/\/www.uv.mx\/prensa\/files\/2017\/06\/Daniela-gargantitni-220617.jpg\" alt=\"\" width=\"722\" height=\"481\" srcset=\"https:\/\/www.uv.mx\/prensa\/files\/2017\/06\/Daniela-gargantitni-220617.jpg 722w, https:\/\/www.uv.mx\/prensa\/files\/2017\/06\/Daniela-gargantitni-220617-300x200.jpg 300w\" sizes=\"auto, (max-width: 722px) 100vw, 722px\" \/><\/a><p id=\"caption-attachment-29482\" class=\"wp-caption-text\">Daniela Gargantini, catedr\u00e1tica de la Facultad de Arquitectura de la Universidad Cat\u00f3lica de C\u00f3rdoba, Argentina<\/p><\/div>\n<p>&nbsp;<\/p>\n<p><strong><em>Claudia Peralta V\u00e1zquez<\/em><\/strong><\/p>\n<p>&nbsp;<\/p>\n<p><strong><em>Xalapa, Ver., 22\/06\/2017.-<\/em><\/strong> Daniela Gargantini, profesora titular de la C\u00e1tedra Problem\u00e1tica Socio-Habitacional, adscrita a la Facultad de Arquitectura de la Universidad Cat\u00f3lica de C\u00f3rdoba, en Argentina, destac\u00f3 la responsabilidad que tienen las universidades de Am\u00e9rica Latina (AL) de actuar en consecuencia a las problem\u00e1ticas sociales que enfrentan hoy en d\u00eda.<\/p>\n<p>En la Sala \u201cCarlos Fuentes Lemus\u201d de la Unidad de Servicios Bibliotecarios y de Informaci\u00f3n (USBI) Xalapa, y ante los asistentes a la quinta Conferencia de L\u00edderes de la Red Talloires (TNLC), de la cual la Universidad Veracruzana (UV) es sede desde el 21 y hasta el 23 de junio, la acad\u00e9mica subray\u00f3 que todos los desaf\u00edos de las instituciones de educaci\u00f3n superior (IES) de AL parten del contexto marcado por una fuerte inequidad, desigualdad, injusticia, pobreza y nulo acceso a servicios b\u00e1sicos.<\/p>\n<p>En este sentido, las universidades p\u00fablicas tienen el compromiso social de revertir tal situaci\u00f3n y sensibilizarse ante las problem\u00e1ticas existentes.<\/p>\n<p>En el caso de la instituci\u00f3n a la cual pertenece, de origen jesuita, se convoca a que todo centro de ense\u00f1anza superior est\u00e1 llamado a vivir dentro de una realidad social y ampliar todo el peso para transformar dicho panorama.<\/p>\n<p>Daniela Gargantini se refiri\u00f3 al proceso progresivo de institucionalizaci\u00f3n y estrategias acad\u00e9micas que favorecen el liderazgo y el compromiso social en las universidades de AL.<\/p>\n<p>La docente resalt\u00f3 la importancia de fomentar el compromiso y liderazgo frente a un contexto particular; en este caso el de AL, donde habitan 600 millones de personas. Aunque hay un gran porcentaje de poblaci\u00f3n urbana, la mayor\u00eda viven en asentamientos precarios, afirm\u00f3.<\/p>\n<p>\u201cLa pobreza alcanza al 23 por ciento de nuestra poblaci\u00f3n y los universitarios tenemos mucho que ver con esta realidad.\u201d<\/p>\n<p>A partir de ah\u00ed, nosotros pensamos nuestras asignaturas, pol\u00edticas acad\u00e9micas y el trabajo en red refiri\u00f3.<\/p>\n<p>A\u00f1adi\u00f3 que el desaf\u00edo de las universidades latinoamericanas ante el panorama de desigualdad y pobreza est\u00e1 fuertemente vinculado a la distribuci\u00f3n del ingreso, a las posibilidades de acceso a la educaci\u00f3n, a la posibilidad de inserci\u00f3n laboral y a la seguridad social.<\/p>\n<p>\u201cSer universidad en AL, es reconocer que pertenecemos, tal vez no a la regi\u00f3n m\u00e1s pobre, pero s\u00ed a la m\u00e1s inequitativa e injusta del mundo y eso nos exige repensar c\u00f3mo investigamos, c\u00f3mo ense\u00f1amos y c\u00f3mo nos proyectamos socialmente\u201d, expuso.<\/p>\n<p>En su ponencia, basada en el tema de \u201cLiderazgo\u201d, habl\u00f3 de los logros de la C\u00e1tedra Problem\u00e1tica Socio-Habitacional y los avances de la institucionalizaci\u00f3n de pol\u00edticas acad\u00e9micas e investigaci\u00f3n en su universidad.<\/p>\n<p>Asimismo, dio cuenta de las acciones estrat\u00e9gicas desarrolladas desde hace m\u00e1s de una d\u00e9cada, junto con otras 25 universidades que integran la Red de Universidades Jesuitas de Am\u00e9rica Latina.<\/p>\n<p>&nbsp;<\/p>\n","protected":false},"excerpt":{"rendered":"<p><strong><em>Claudia Peralta .-<\/em><\/strong>Daniela Gargantini, profesora titular de la C\u00e1tedra Problem\u00e1tica Socio-Habitacional, adscrita a la Facultad de Arquitectura de la Universidad Cat\u00f3lica de C\u00f3rdoba, en Argentina, destac\u00f3 la responsabilidad que tienen las universidades de Am\u00e9rica Latina (AL) de actuar en consecuencia a las problem\u00e1ticas sociales que enfrentan hoy en d\u00eda.<\/p>\n","protected":false},"author":1810,"featured_media":29481,"comment_status":"closed","ping_status":"closed","sticky":false,"template":"","format":"standard","meta":{"footnotes":""},"categories":[1],"tags":[3],"class_list":["post-29476","post","type-post","status-publish","format-standard","has-post-thumbnail","hentry","category-general","tag-secundarias"],"_links":{"self":[{"href":"https:\/\/www.uv.mx\/prensa\/wp-json\/wp\/v2\/posts\/29476","targetHints":{"allow":["GET"]}}],"collection":[{"href":"https:\/\/www.uv.mx\/prensa\/wp-json\/wp\/v2\/posts"}],"about":[{"href":"https:\/\/www.uv.mx\/prensa\/wp-json\/wp\/v2\/types\/post"}],"author":[{"embeddable":true,"href":"https:\/\/www.uv.mx\/prensa\/wp-json\/wp\/v2\/users\/1810"}],"replies":[{"embeddable":true,"href":"https:\/\/www.uv.mx\/prensa\/wp-json\/wp\/v2\/comments?post=29476"}],"version-history":[{"count":0,"href":"https:\/\/www.uv.mx\/prensa\/wp-json\/wp\/v2\/posts\/29476\/revisions"}],"wp:featuredmedia":[{"embeddable":true,"href":"https:\/\/www.uv.mx\/prensa\/wp-json\/wp\/v2\/media\/29481"}],"wp:attachment":[{"href":"https:\/\/www.uv.mx\/prensa\/wp-json\/wp\/v2\/media?parent=29476"}],"wp:term":[{"taxonomy":"category","embeddable":true,"href":"https:\/\/www.uv.mx\/prensa\/wp-json\/wp\/v2\/categories?post=29476"},{"taxonomy":"post_tag","embeddable":true,"href":"https:\/\/www.uv.mx\/prensa\/wp-json\/wp\/v2\/tags?post=29476"}],"curies":[{"name":"wp","href":"https:\/\/api.w.org\/{rel}","templated":true}]}}