{"id":29440,"date":"2017-06-22T12:57:51","date_gmt":"2017-06-22T17:57:51","guid":{"rendered":"https:\/\/www.uv.mx\/prensa\/?p=29440"},"modified":"2017-06-22T12:57:51","modified_gmt":"2017-06-22T17:57:51","slug":"maestria-en-ensenanza-del-ingles-realizo-encuentro-academico","status":"publish","type":"post","link":"https:\/\/www.uv.mx\/prensa\/regiones\/maestria-en-ensenanza-del-ingles-realizo-encuentro-academico\/","title":{"rendered":"Maestr\u00eda en Ense\u00f1anza del Ingl\u00e9s realiz\u00f3 encuentro acad\u00e9mico"},"content":{"rendered":"<p>&nbsp;<\/p>\n<div id=\"attachment_29442\" style=\"width: 732px\" class=\"wp-caption aligncenter\"><a href=\"https:\/\/www.uv.mx\/prensa\/files\/2017\/06\/Encuentro-MEILI-1-220617.jpg\"><img loading=\"lazy\" decoding=\"async\" aria-describedby=\"caption-attachment-29442\" class=\"size-full wp-image-29442\" src=\"https:\/\/www.uv.mx\/prensa\/files\/2017\/06\/Encuentro-MEILI-1-220617.jpg\" alt=\"\" width=\"722\" height=\"406\" srcset=\"https:\/\/www.uv.mx\/prensa\/files\/2017\/06\/Encuentro-MEILI-1-220617.jpg 722w, https:\/\/www.uv.mx\/prensa\/files\/2017\/06\/Encuentro-MEILI-1-220617-300x169.jpg 300w\" sizes=\"auto, (max-width: 722px) 100vw, 722px\" \/><\/a><p id=\"caption-attachment-29442\" class=\"wp-caption-text\">Autoridades durante la bienvenida al encuentro de la Maestr\u00eda en Ense\u00f1anza del Ingl\u00e9s como Lengua Extranjera<\/p><\/div>\n<p>&nbsp;<\/p>\n<p><strong><em>Veracruz, Ver., 22\/06\/2017.-<\/em><\/strong> La Maestr\u00eda en Ense\u00f1anza del Ingl\u00e9s como Lengua Extranjera, adscrita al Centro de Idiomas de la Universidad Veracruzana (UV), realiz\u00f3 un encuentro con el objetivo de reforzar en todas las sedes los enlaces de coordinaci\u00f3n de conocimientos y contribuir en la retroalimentaci\u00f3n de los 17 trabajos presentados, inform\u00f3 Jorge Aguilar S\u00e1nchez, coordinador de este posgrado.<\/p>\n<p>Alfonso Gerardo P\u00e9rez Morales, vicerrector de la regi\u00f3n Veracruz-Boca del R\u00edo, destac\u00f3: \u201cEste tipo de eventos son importantes para conocer las l\u00edneas de investigaci\u00f3n que trabajan en el Centro de Idiomas. El que ustedes intercambien conocimientos y opiniones \u00a0es de vital importancia, pues los temas analizados dar\u00e1n pauta para estructurar nuevos saberes basados en el contexto actual nacional e internacional, como lo marcan las L\u00edneas de Generaci\u00f3n y Aplicaci\u00f3n del Conocimiento\u201d.<\/p>\n<p>&nbsp;<\/p>\n<div id=\"attachment_29446\" style=\"width: 732px\" class=\"wp-caption aligncenter\"><a href=\"https:\/\/www.uv.mx\/prensa\/files\/2017\/06\/Encuentro-MEILI-2-220617.jpg\"><img loading=\"lazy\" decoding=\"async\" aria-describedby=\"caption-attachment-29446\" class=\"size-full wp-image-29446\" src=\"https:\/\/www.uv.mx\/prensa\/files\/2017\/06\/Encuentro-MEILI-2-220617.jpg\" alt=\"\" width=\"722\" height=\"406\" srcset=\"https:\/\/www.uv.mx\/prensa\/files\/2017\/06\/Encuentro-MEILI-2-220617.jpg 722w, https:\/\/www.uv.mx\/prensa\/files\/2017\/06\/Encuentro-MEILI-2-220617-300x169.jpg 300w\" sizes=\"auto, (max-width: 722px) 100vw, 722px\" \/><\/a><p id=\"caption-attachment-29446\" class=\"wp-caption-text\">Asistentes al evento<\/p><\/div>\n<p>&nbsp;<\/p>\n<p>Por su parte, Tito J\u00e1come, coordinador del mismo posgrado en Orizaba, destac\u00f3: \u201cLa Maestr\u00eda en Ense\u00f1anza del Ingl\u00e9s como Lengua Extranjera es un programa exitoso de la UV; gracias al esfuerzo conjunto de la Facultad de Idiomas, as\u00ed como de los Centros de Idiomas Veracruz y Orizaba, hemos trabajado arduamente en este programa y gracias a este encuentro intercambiamos experiencias e ideas\u201d.<\/p>\n<p>En el acto inaugural estuvieron presentes Rosy Lorena Laurencio y Martha Elena Aguirre Serena, coordinadoras de posgrados y acad\u00e9mica de la Vicerrector\u00eda Veracruz, respectivamente, as\u00ed como Celia Magdalena S\u00e1nchez Sosa, coordinadora del Centro de Idiomas Veracruz.<\/p>\n<p>&nbsp;<\/p>\n","protected":false},"excerpt":{"rendered":"<p> La Maestr\u00eda en Ense\u00f1anza del Ingl\u00e9s como Lengua Extranjera, adscrita al Centro de Idiomas de la Universidad Veracruzana (UV), realiz\u00f3 un encuentro con el objetivo de reforzar en todas las sedes los enlaces de coordinaci\u00f3n de conocimientos y contribuir en la retroalimentaci\u00f3n de los 17 trabajos presentados, inform\u00f3 Jorge Aguilar S\u00e1nchez, coordinador de este posgrado.<\/p>\n","protected":false},"author":1810,"featured_media":29441,"comment_status":"closed","ping_status":"closed","sticky":false,"template":"","format":"standard","meta":{"footnotes":""},"categories":[32],"tags":[33],"class_list":["post-29440","post","type-post","status-publish","format-standard","has-post-thumbnail","hentry","category-regiones","tag-regiones"],"_links":{"self":[{"href":"https:\/\/www.uv.mx\/prensa\/wp-json\/wp\/v2\/posts\/29440","targetHints":{"allow":["GET"]}}],"collection":[{"href":"https:\/\/www.uv.mx\/prensa\/wp-json\/wp\/v2\/posts"}],"about":[{"href":"https:\/\/www.uv.mx\/prensa\/wp-json\/wp\/v2\/types\/post"}],"author":[{"embeddable":true,"href":"https:\/\/www.uv.mx\/prensa\/wp-json\/wp\/v2\/users\/1810"}],"replies":[{"embeddable":true,"href":"https:\/\/www.uv.mx\/prensa\/wp-json\/wp\/v2\/comments?post=29440"}],"version-history":[{"count":0,"href":"https:\/\/www.uv.mx\/prensa\/wp-json\/wp\/v2\/posts\/29440\/revisions"}],"wp:featuredmedia":[{"embeddable":true,"href":"https:\/\/www.uv.mx\/prensa\/wp-json\/wp\/v2\/media\/29441"}],"wp:attachment":[{"href":"https:\/\/www.uv.mx\/prensa\/wp-json\/wp\/v2\/media?parent=29440"}],"wp:term":[{"taxonomy":"category","embeddable":true,"href":"https:\/\/www.uv.mx\/prensa\/wp-json\/wp\/v2\/categories?post=29440"},{"taxonomy":"post_tag","embeddable":true,"href":"https:\/\/www.uv.mx\/prensa\/wp-json\/wp\/v2\/tags?post=29440"}],"curies":[{"name":"wp","href":"https:\/\/api.w.org\/{rel}","templated":true}]}}