{"id":29283,"date":"2017-06-20T11:35:23","date_gmt":"2017-06-20T16:35:23","guid":{"rendered":"https:\/\/www.uv.mx\/prensa\/?p=29283"},"modified":"2017-06-20T11:35:23","modified_gmt":"2017-06-20T16:35:23","slug":"personal-uv-participa-en-curso-sobre-igualdad-de-genero","status":"publish","type":"post","link":"https:\/\/www.uv.mx\/prensa\/general\/personal-uv-participa-en-curso-sobre-igualdad-de-genero\/","title":{"rendered":"Personal UV participa en curso  sobre igualdad de g\u00e9nero"},"content":{"rendered":"<ul>\n<li><em>Esta casa de estudio busca que la perspectiva de g\u00e9nero comience a permear transversalmente en todas sus \u00e1reas<\/em><\/li>\n<\/ul>\n<p>&nbsp;<\/p>\n<div id=\"attachment_29291\" style=\"width: 732px\" class=\"wp-caption aligncenter\"><a href=\"https:\/\/www.uv.mx\/prensa\/files\/2017\/06\/Curso-Estrategias-200617.jpg\"><img loading=\"lazy\" decoding=\"async\" aria-describedby=\"caption-attachment-29291\" class=\"size-full wp-image-29291\" src=\"https:\/\/www.uv.mx\/prensa\/files\/2017\/06\/Curso-Estrategias-200617.jpg\" alt=\"\" width=\"722\" height=\"481\" srcset=\"https:\/\/www.uv.mx\/prensa\/files\/2017\/06\/Curso-Estrategias-200617.jpg 722w, https:\/\/www.uv.mx\/prensa\/files\/2017\/06\/Curso-Estrategias-200617-300x200.jpg 300w\" sizes=\"auto, (max-width: 722px) 100vw, 722px\" \/><\/a><p id=\"caption-attachment-29291\" class=\"wp-caption-text\">El curso promueve una cultura de igualdad de g\u00e9nero al interior de la UV<\/p><\/div>\n<p>&nbsp;<\/p>\n<p><strong><em>Carlos Hugo Hermida Rosales<\/em><\/strong><\/p>\n<p>&nbsp;<\/p>\n<p><strong><em>Xalapa, Ver., 20\/06\/2017.-<\/em><\/strong> La Coordinaci\u00f3n de la Unidad de G\u00e9nero de la Universidad Veracruzana (UV) inici\u00f3 el lunes 19 de junio el curso \u00a0\u201cEstrategias participativas para la promoci\u00f3n de una cultura de igualdad de g\u00e9nero en la UV\u201d, dirigido a personal de confianza y estudiantes, en busca de lograr una cultura de igualdad de g\u00e9nero al interior de esta casa de estudio.<\/p>\n<p>La inauguraci\u00f3n fue presidida por Mitzy Mart\u00ednez Beristain, jefa de Departamento de Evaluaci\u00f3n y Desarrollo de Personal de la Direcci\u00f3n General de Recursos Humanos, quien enunci\u00f3 que con esta actividad la UV promueve la perspectiva de g\u00e9nero y se fortalece como instituci\u00f3n educativa.<\/p>\n<p>Vianey Illescas de Felipe, responsable del \u00e1rea de capacitaci\u00f3n de la Coordinaci\u00f3n de la Unidad de G\u00e9nero, explic\u00f3 que este curso \u2013que se realiza del 19 al 23 de junio\u2013 es parte del Programa de Fortalecimiento de la Calidad Educativa 2016-2017, as\u00ed como del Programa de Trabajo Estrat\u00e9gico 2013-2017 de la UV.<\/p>\n<p>Comparti\u00f3 que en el curso se trabajan estrategias participativas para promover reflexiones, resonancias, as\u00ed como hacer conciencia acerca de ideas y fundamentos que tenemos y que muchas veces no nos permiten relacionarnos de manera respetuosa, lo cual crea un espacio para la reflexi\u00f3n.<\/p>\n<p>Lourdes Alejandra Rom\u00e1n Blacio, capacitadora de Auge Desarrollo Autogestionario, A.C, mencion\u00f3 que es fundamental que la perspectiva de g\u00e9nero pueda permear transversalmente en todas las \u00e1reas de la Universidad, para que al interior de \u00e9sta se logre mayor equidad, m\u00e1s conciencia y sensibilidad, y mejores oportunidades para todos los que la integran.<\/p>\n<p>Asimismo destac\u00f3 la participaci\u00f3n de los estudiantes en esta edici\u00f3n del curso, pues todo este esfuerzo es para generar una mayor conciencia y sensibilidad en su formaci\u00f3n, por lo que espera que aprovechen esta capacitaci\u00f3n como un espacio de apertura y convivencia sana y arm\u00f3nica.<\/p>\n<p>\u201cLa UV es pionera en trabajar temas de igualdad de g\u00e9nero de una forma tan abierta y transversal, los cuales son fundamentales para construir una sociedad m\u00e1s sensible, equitativa, justa, consciente e inclusiva\u201d, declar\u00f3.<\/p>\n<p>&nbsp;<\/p>\n","protected":false},"excerpt":{"rendered":"<p><strong><em>Carlos Hugo Hermida .-<\/em><\/strong>La Coordinaci\u00f3n de la Unidad de G\u00e9nero de la Universidad Veracruzana (UV) inici\u00f3 el lunes 19 de junio el curso  \u201cEstrategias participativas para la promoci\u00f3n de una cultura de igualdad de g\u00e9nero en la UV\u201d, dirigido a personal de confianza y estudiantes, en busca de lograr una cultura de igualdad de g\u00e9nero al interior de esta casa de estudio.<\/p>\n","protected":false},"author":1810,"featured_media":29290,"comment_status":"closed","ping_status":"closed","sticky":false,"template":"","format":"standard","meta":{"footnotes":""},"categories":[1],"tags":[3],"class_list":["post-29283","post","type-post","status-publish","format-standard","has-post-thumbnail","hentry","category-general","tag-secundarias"],"_links":{"self":[{"href":"https:\/\/www.uv.mx\/prensa\/wp-json\/wp\/v2\/posts\/29283","targetHints":{"allow":["GET"]}}],"collection":[{"href":"https:\/\/www.uv.mx\/prensa\/wp-json\/wp\/v2\/posts"}],"about":[{"href":"https:\/\/www.uv.mx\/prensa\/wp-json\/wp\/v2\/types\/post"}],"author":[{"embeddable":true,"href":"https:\/\/www.uv.mx\/prensa\/wp-json\/wp\/v2\/users\/1810"}],"replies":[{"embeddable":true,"href":"https:\/\/www.uv.mx\/prensa\/wp-json\/wp\/v2\/comments?post=29283"}],"version-history":[{"count":0,"href":"https:\/\/www.uv.mx\/prensa\/wp-json\/wp\/v2\/posts\/29283\/revisions"}],"wp:featuredmedia":[{"embeddable":true,"href":"https:\/\/www.uv.mx\/prensa\/wp-json\/wp\/v2\/media\/29290"}],"wp:attachment":[{"href":"https:\/\/www.uv.mx\/prensa\/wp-json\/wp\/v2\/media?parent=29283"}],"wp:term":[{"taxonomy":"category","embeddable":true,"href":"https:\/\/www.uv.mx\/prensa\/wp-json\/wp\/v2\/categories?post=29283"},{"taxonomy":"post_tag","embeddable":true,"href":"https:\/\/www.uv.mx\/prensa\/wp-json\/wp\/v2\/tags?post=29283"}],"curies":[{"name":"wp","href":"https:\/\/api.w.org\/{rel}","templated":true}]}}