{"id":29256,"date":"2017-06-19T15:04:30","date_gmt":"2017-06-19T20:04:30","guid":{"rendered":"https:\/\/www.uv.mx\/prensa\/?p=29256"},"modified":"2017-06-19T15:04:30","modified_gmt":"2017-06-19T20:04:30","slug":"uv-alberga-curso-de-creacion-literaria-para-jovenes-2017","status":"publish","type":"post","link":"https:\/\/www.uv.mx\/prensa\/general\/uv-alberga-curso-de-creacion-literaria-para-jovenes-2017\/","title":{"rendered":"UV alberga Curso de Creaci\u00f3n Literaria para J\u00f3venes 2017"},"content":{"rendered":"<ul>\n<li><i><em>En colaboraci\u00f3n con la Fundaci\u00f3n para las Letras Mexicanas<\/em><\/i><\/li>\n<li><em>Fue inaugurado este lunes 19 de junio, en el Sal\u00f3n Azul de la Unidad de Humanidades<\/em><\/li>\n<li><em>El curso abarca las disciplinas de poes\u00eda, narrativa, ensayo y dramaturgia<\/em><\/li>\n<\/ul>\n<p>&nbsp;<\/p>\n<div id=\"attachment_29257\" style=\"width: 732px\" class=\"wp-caption aligncenter\"><a href=\"https:\/\/www.uv.mx\/prensa\/files\/2017\/06\/190617.-Curso-creacion-literaria-1-ok.jpg\"><img loading=\"lazy\" decoding=\"async\" aria-describedby=\"caption-attachment-29257\" class=\"size-full wp-image-29257\" src=\"https:\/\/www.uv.mx\/prensa\/files\/2017\/06\/190617.-Curso-creacion-literaria-1-ok.jpg\" alt=\"\" width=\"722\" height=\"334\" srcset=\"https:\/\/www.uv.mx\/prensa\/files\/2017\/06\/190617.-Curso-creacion-literaria-1-ok.jpg 722w, https:\/\/www.uv.mx\/prensa\/files\/2017\/06\/190617.-Curso-creacion-literaria-1-ok-300x139.jpg 300w\" sizes=\"auto, (max-width: 722px) 100vw, 722px\" \/><\/a><p id=\"caption-attachment-29257\" class=\"wp-caption-text\">Autoridades universitarias con los 26 participantes procedentes de distintos puntos del pa\u00eds<\/p><\/div>\n<p>&nbsp;<\/p>\n<p><strong><em>Claudia Peralta V\u00e1zquez<\/em><\/strong><\/p>\n<p>&nbsp;<\/p>\n<p><strong><em>Xalapa, Ver., 19\/06\/2017.-<\/em><\/strong> La Universidad Veracruzana (UV) es sede \u2013del 19 al 30 de junio\u2013 del Noveno Curso de Creaci\u00f3n Literaria para J\u00f3venes 2017, en el que participan 26 estudiantes universitarios procedentes de 11 entidades del pa\u00eds, en las disciplinas de poes\u00eda, narrativa, ensayo y dramaturgia.<\/p>\n<p>Leticia Rodr\u00edguez Audirac, secretaria acad\u00e9mica de la UV, dio la bienvenida a los j\u00f3venes seleccionados que participan en esta edici\u00f3n, producto de una estrecha vinculaci\u00f3n y colaboraci\u00f3n entre la Fundaci\u00f3n para las Letras Mexicanas (FLM) y la m\u00e1xima casa de estudio, a trav\u00e9s del \u00c1rea Acad\u00e9mica de Humanidades, el Instituto de Investigaciones Ling\u00fc\u00edstico-Literarias y la Facultad de Letras Espa\u00f1olas.<\/p>\n<p>\u201cEs un evento basado en una visi\u00f3n universal en donde el di\u00e1logo, la pluralidad, la convivencia y la cooperaci\u00f3n impulsan el aprendizaje de las nuevas generaciones y promueven alternativas innovadoras para su desarrollo\u201d, expres\u00f3 la funcionaria universitaria.<\/p>\n<p>De igual manera, la UV fomenta la responsabilidad social y la formaci\u00f3n integral de la ciudadan\u00eda. En ello, las artes, las humanidades y la literatura no s\u00f3lo son importantes, sino estrictamente necesarias.<\/p>\n<p>Destac\u00f3 la asistencia en este curso de 26 participantes procedentes de: Puebla, Hidalgo, Ciudad de M\u00e9xico, Cuernavaca, Mexicali, Chihuahua, Quer\u00e9taro, Toluca, Ixtapaluca, Tapachula, Coatepec, Xalapa, Orizaba y Morelia, as\u00ed como de la Universidad Veracruzana Intercultural (UVI), sede Totonacapan.<\/p>\n<p>Todos ellos podr\u00e1n vivir una enriquecedora y fundamental experiencia para su formaci\u00f3n en la compa\u00f1\u00eda de reconocidos escritores y acad\u00e9micos tanto de la FLM como de la UV.<\/p>\n<p>&nbsp;<\/p>\n<div id=\"attachment_29258\" style=\"width: 732px\" class=\"wp-caption aligncenter\"><a href=\"https:\/\/www.uv.mx\/prensa\/files\/2017\/06\/190617.-Curso-creacion-literaria-2-ok.jpg\"><img loading=\"lazy\" decoding=\"async\" aria-describedby=\"caption-attachment-29258\" class=\"size-full wp-image-29258\" src=\"https:\/\/www.uv.mx\/prensa\/files\/2017\/06\/190617.-Curso-creacion-literaria-2-ok.jpg\" alt=\"\" width=\"722\" height=\"481\" srcset=\"https:\/\/www.uv.mx\/prensa\/files\/2017\/06\/190617.-Curso-creacion-literaria-2-ok.jpg 722w, https:\/\/www.uv.mx\/prensa\/files\/2017\/06\/190617.-Curso-creacion-literaria-2-ok-300x200.jpg 300w\" sizes=\"auto, (max-width: 722px) 100vw, 722px\" \/><\/a><p id=\"caption-attachment-29258\" class=\"wp-caption-text\">Eduardo Langagne, director general de la Fundaci\u00f3n para las Letras Mexicanas<\/p><\/div>\n<p>&nbsp;<\/p>\n<p>Rodr\u00edguez Audirac destac\u00f3 que la Veracruzana es una instituci\u00f3n que pone al ser humano en el centro de su labor, y a sus estudiantes como el eje de su quehacer cotidiano.<\/p>\n<p>En su oportunidad, Eduardo Langagne, director general de la FLM, reconoci\u00f3 el respaldo de la Universidad para la celebraci\u00f3n de este Curso de Creaci\u00f3n Literaria.<\/p>\n<p>En el Sal\u00f3n Azul de la Unidad de Humanidades, mencion\u00f3 que fue en 2009 cuando el Consejo Directivo decidi\u00f3 extender el trabajo de la Fundaci\u00f3n en una actividad extramuros y as\u00ed desarrollar este evento cuya sede es la ciudad de Xalapa, con la colaboraci\u00f3n de la UV, por sus caracter\u00edsticas como instituci\u00f3n educativa difusora de prestigio.<\/p>\n<p>Otro de los objetivos fue fortalecer la convocatoria, ofrecer condiciones adecuadas y atender a los j\u00f3venes que tienen en la escritura una puerta que se abre a la comprensi\u00f3n de la expresi\u00f3n personal.<\/p>\n<p>Un curso de esta naturaleza, dijo, permite fortalecer y detectar necesidades espec\u00edficas para la creaci\u00f3n literaria en sus primeras etapas.<\/p>\n<p>Cada a\u00f1o, este curso cuenta con la participaci\u00f3n de entre 25 y 30 j\u00f3venes de diversos puntos del pa\u00eds, por lo que se han beneficiado a 240 estudiantes desde su inicio.<\/p>\n<p>&nbsp;<\/p>\n<div id=\"attachment_29260\" style=\"width: 732px\" class=\"wp-caption aligncenter\"><a href=\"https:\/\/www.uv.mx\/prensa\/files\/2017\/06\/190617.-Curso-creacion-literaria-3-ok.jpg\"><img loading=\"lazy\" decoding=\"async\" aria-describedby=\"caption-attachment-29260\" class=\"size-full wp-image-29260\" src=\"https:\/\/www.uv.mx\/prensa\/files\/2017\/06\/190617.-Curso-creacion-literaria-3-ok.jpg\" alt=\"\" width=\"722\" height=\"481\" \/><\/a><p id=\"caption-attachment-29260\" class=\"wp-caption-text\">Sara Ladr\u00f3n de Guevara inaugur\u00f3 el Noveno Curso de Creaci\u00f3n Literaria para J\u00f3venes 2017<\/p><\/div>\n<p>&nbsp;<\/p>\n<p>\u201cEl curso es un lugar de encuentro de la comunidad literaria de distintas regiones del pa\u00eds, donde se encuentran testigos y aliados de la aventura literaria.\u201d<\/p>\n<p>Detall\u00f3 que los participantes contar\u00e1n con la ense\u00f1anza y orientaci\u00f3n de 15 maestros, durante casi 70 horas activas de teor\u00eda y pr\u00e1ctica.<\/p>\n<p>Previo a la inauguraci\u00f3n de esta jornada, Sara Ladr\u00f3n de Guevara, rectora de la UV, celebr\u00f3 la existencia de organismos como la Fundaci\u00f3n para las Letras Mexicanas, que busca albergar, alimentar y encauzar los objetivos de los j\u00f3venes aspirantes a escritores.<\/p>\n<p>Asimismo felicit\u00f3 a la FLM por la sensibilidad mostrada ante las necesidades y los intereses de este sector, y por brindarles condiciones, conocimientos y herramientas que requieren en esta etapa inicial de su formaci\u00f3n.<\/p>\n<p>Tambi\u00e9n agradeci\u00f3 la confianza depositada en la Facultad de Letras Espa\u00f1olas de la UV, como casa de estudio hermana que los acompa\u00f1a en este noble y generoso esfuerzo.<\/p>\n<p>\u201cEstoy segura de que, como en anteriores ediciones, la UV har\u00e1 una aportaci\u00f3n a los j\u00f3venes creadores que hoy nos acompa\u00f1an, que habr\u00e1n de tener siempre presente.\u201d<\/p>\n<p>La funcionaria tambi\u00e9n dio lectura a un fragmento de <em>Cartas a un joven novelista<\/em>, de Mario Vargas Llosa, donde resalt\u00f3 que la rebeld\u00eda es un punto de partida de la vocaci\u00f3n del escritor, que tambi\u00e9n lo lleva a transgredir las normas, los valores y los principios hasta ese momento imperantes.<\/p>\n<p>\u201cLa rebeld\u00eda que lo lleva a experimentar, a arriesgar, a abrir nuevos caminos a la creaci\u00f3n literaria; la rebeld\u00eda, en fin, que lo lleva a innovar y a renovar.\u201d<\/p>\n<p>Al dirigirse a los participantes, expuso que \u00e9se es uno de los objetivos de este curso de creaci\u00f3n literaria: \u201cQue m\u00e1s all\u00e1 del bagaje con que todos ustedes llegan el d\u00eda de hoy, sigan form\u00e1ndose en esa tradici\u00f3n, sigan aliment\u00e1ndose de ella y sigan contando con las bases necesarias para llegar a ser lo que quieren ser: escritores\u201d.<\/p>\n<p>En la inauguraci\u00f3n estuvieron: Octavio Ochoa Contreras, secretario de la Rector\u00eda; Jos\u00e9 Luis Mart\u00ednez Su\u00e1rez, director general del \u00c1rea Acad\u00e9mica de Humanidades; Guadalupe Flores Grajales, directora de la Facultad de Letras Espa\u00f1olas; Esther Hern\u00e1ndez Palacios, directora general de Difusi\u00f3n Cultural; Shantal Meseguer Galv\u00e1n, directora de la UVI.<\/p>\n<p>Asimismo, Edgar Garc\u00eda Valencia, director de la Editorial UV, y Geney Beltr\u00e1n, tutor de Narrativa del Programa de Becas de la FLM, quien posteriormente ofreci\u00f3 una conferencia magistral.<\/p>\n","protected":false},"excerpt":{"rendered":"<p><strong><em> Claudia Peralta V\u00e1zquez.-<\/em><\/strong> La Universidad Veracruzana (UV) es sede \u2013del 19 al 30 de junio\u2013 del Noveno Curso de Creaci\u00f3n Literaria para J\u00f3venes 2017, en el que participan 26 estudiantes universitarios procedentes de 11 entidades del pa\u00eds, en las disciplinas de poes\u00eda, narrativa, ensayo y dramaturgia.<\/p>\n","protected":false},"author":1809,"featured_media":29259,"comment_status":"closed","ping_status":"closed","sticky":false,"template":"","format":"standard","meta":{"footnotes":""},"categories":[1],"tags":[2],"class_list":["post-29256","post","type-post","status-publish","format-standard","has-post-thumbnail","hentry","category-general","tag-principal"],"_links":{"self":[{"href":"https:\/\/www.uv.mx\/prensa\/wp-json\/wp\/v2\/posts\/29256","targetHints":{"allow":["GET"]}}],"collection":[{"href":"https:\/\/www.uv.mx\/prensa\/wp-json\/wp\/v2\/posts"}],"about":[{"href":"https:\/\/www.uv.mx\/prensa\/wp-json\/wp\/v2\/types\/post"}],"author":[{"embeddable":true,"href":"https:\/\/www.uv.mx\/prensa\/wp-json\/wp\/v2\/users\/1809"}],"replies":[{"embeddable":true,"href":"https:\/\/www.uv.mx\/prensa\/wp-json\/wp\/v2\/comments?post=29256"}],"version-history":[{"count":0,"href":"https:\/\/www.uv.mx\/prensa\/wp-json\/wp\/v2\/posts\/29256\/revisions"}],"wp:featuredmedia":[{"embeddable":true,"href":"https:\/\/www.uv.mx\/prensa\/wp-json\/wp\/v2\/media\/29259"}],"wp:attachment":[{"href":"https:\/\/www.uv.mx\/prensa\/wp-json\/wp\/v2\/media?parent=29256"}],"wp:term":[{"taxonomy":"category","embeddable":true,"href":"https:\/\/www.uv.mx\/prensa\/wp-json\/wp\/v2\/categories?post=29256"},{"taxonomy":"post_tag","embeddable":true,"href":"https:\/\/www.uv.mx\/prensa\/wp-json\/wp\/v2\/tags?post=29256"}],"curies":[{"name":"wp","href":"https:\/\/api.w.org\/{rel}","templated":true}]}}