{"id":2915,"date":"2015-09-25T15:34:05","date_gmt":"2015-09-25T20:34:05","guid":{"rendered":"https:\/\/www.uv.mx\/prensa\/?p=2915"},"modified":"2015-09-25T15:35:26","modified_gmt":"2015-09-25T20:35:26","slug":"inauguran-cafeteria-y-centro-de-copiado-en-campus-sur-uv","status":"publish","type":"post","link":"https:\/\/www.uv.mx\/prensa\/general\/inauguran-cafeteria-y-centro-de-copiado-en-campus-sur-uv\/","title":{"rendered":"Inauguran cafeter\u00eda y centro de copiado en Campus Sur UV"},"content":{"rendered":"<p>&nbsp;<\/p>\n<ul>\n<li><em>Con apoyo del Fondo de Empresas Universitarias<\/em><\/li>\n<li><em>Beneficiar\u00e1 a la Facultad de Pedagog\u00eda, el Sistema de Ense\u00f1anza Abierta y el Instituto de Investigaciones en Educaci\u00f3n<\/em><\/li>\n<\/ul>\n<p>&nbsp;<\/p>\n<p><strong><em>David Sandoval Rodr\u00edguez<\/em><\/strong><\/p>\n<p>&nbsp;<\/p>\n<p>Las entidades que componen el Campus Sur de la Universidad Veracruzana (UV): Facultad de Pedagog\u00eda, Sistema de Ense\u00f1anza Abierta (SEA) e Instituto de Investigaciones en Educaci\u00f3n (IIE), tienen a partir del 24 de septiembre instalaciones nuevas de cafeter\u00eda, papeler\u00eda y centro de copiado.<\/p>\n<p>En la inauguraci\u00f3n de los espacios, la directora de la Facultad de Pedagog\u00eda, Roc\u00edo Liliana Gonz\u00e1lez Guerrero, dirigi\u00f3 un mensaje a la comunidad universitaria en representaci\u00f3n de la titular de la Secretar\u00eda de Administraci\u00f3n y Finanzas (SAF), Clementina Guerrero Garc\u00eda, en el que destac\u00f3 que a partir de agosto del presente a\u00f1o se realizaron gestiones para acondicionar dichos espacios bajo la normatividad de la Direcci\u00f3n de Proyectos, Construcciones y Mantenimiento.<\/p>\n<p>En mayo de 2014 inici\u00f3 el trabajo en coordinaci\u00f3n con el Fondo de Empresas Universitarias, enfocado a regularizar los espacios universitarios ocupados por particulares para fines comerciales, con el prop\u00f3sito de establecer las bases que permitieran imponer las normas en materia de salud, nutrici\u00f3n, higiene, conservaci\u00f3n de alimentos y manejo de residuos, as\u00ed como protecci\u00f3n ambiental y civil, todo ello para promover un estilo de vida saludable.<\/p>\n<p>\u201cLa cafeter\u00eda se incorporar\u00e1 al programa de las visitas de supervisi\u00f3n, a fin de identificar las \u00e1reas de oportunidad que permitan realizar capacitaciones que transmitan la imperiosa necesidad de prever riesgos sanitarios y ambientales, as\u00ed como promover y fomentar la venta de alimentos saludables para la comunidad universitaria.\u201d<\/p>\n<p>Observ\u00f3 que gracias a la intervenci\u00f3n de la rectora Sara Ladr\u00f3n de Guevara, el presidente municipal atendi\u00f3 el cambio de alcantarillado para desahogar las aguas pluviales.<\/p>\n<div id=\"attachment_2916\" style=\"width: 310px\" class=\"wp-caption aligncenter\"><a href=\"https:\/\/www.uv.mx\/prensa\/files\/2015\/09\/inaug-cafeteria.jpg\"><img loading=\"lazy\" decoding=\"async\" aria-describedby=\"caption-attachment-2916\" class=\"size-medium wp-image-2916\" src=\"https:\/\/www.uv.mx\/prensa\/files\/2015\/09\/inaug-cafeteria-300x200.jpg\" alt=\"Roc\u00edo Gonz\u00e1lez, acompa\u00f1ada de los invitados especiales, hizo el corte inaugural.\" width=\"300\" height=\"200\" srcset=\"https:\/\/www.uv.mx\/prensa\/files\/2015\/09\/inaug-cafeteria-300x200.jpg 300w, https:\/\/www.uv.mx\/prensa\/files\/2015\/09\/inaug-cafeteria-1024x683.jpg 1024w\" sizes=\"auto, (max-width: 300px) 100vw, 300px\" \/><\/a><p id=\"caption-attachment-2916\" class=\"wp-caption-text\">Roc\u00edo Gonz\u00e1lez, acompa\u00f1ada de los invitados especiales, hizo el corte inaugural.<\/p><\/div>\n<p>\u201cLa Universidad Veracruzana est\u00e1 empe\u00f1ada en promover la cultura de la paz y considera a la comunicaci\u00f3n, el uso de la raz\u00f3n y el respeto mutuo como los elementos caracter\u00edsticos, por ello todo acto violento que se promueva es infructuoso\u201d, abund\u00f3.<\/p>\n<p>En su mensaje como directora de la Facultad, Gonz\u00e1lez Guerrero puntualiz\u00f3 que \u201cla comunicaci\u00f3n es fundamental, el respeto a lo que cada uno de nosotros representa en la comunidad es muy importante\u201d.<\/p>\n<p>Expres\u00f3 que en la inauguraci\u00f3n de los nuevos espacios se materializa la respuesta a las necesidades planteadas por los propios estudiantes que le fueron manifestadas incluso previamente a ser designada como directora.<\/p>\n<p>\u201cReitero a ustedes nuestro benepl\u00e1cito y la certeza de que quienes dirigen a nuestra querida Universidad Veracruzana parten del respeto y del di\u00e1logo como instrumentos para atender nuestro desarrollo, y en esa sinton\u00eda y correspondencia comparto con ustedes la comunicaci\u00f3n y el respeto a la normatividad.\u201d<\/p>\n<p>A nombre de la comunidad estudiantil, la alumna Yareli Villa S\u00e1nchez agradeci\u00f3 a las autoridades universitarias porque \u201chemos obtenido muchos beneficios para nuestra Facultad\u201d.<\/p>\n<p>La joven a\u00f1adi\u00f3: \u201cCuando nosotros ingresamos ten\u00edamos muchas carencias, no ten\u00edamos computadoras y hab\u00eda inundaciones, con el paso del tiempo nos damos cuenta que gracias a las gestiones hemos obtenido resultados y sabemos que con dedicaci\u00f3n y esfuerzo podemos obtener todav\u00eda m\u00e1s beneficios para nuestra Facultad\u201d.<\/p>\n<p>Al respecto, pidi\u00f3 a todos los presentes, tanto profesores como alumnos, que cuiden las instalaciones y se comprometan para mantener en buen estado los espacios.<\/p>\n<p>Como invitados especiales a la inauguraci\u00f3n asistieron: Alejandra Aguilar Cobos, gerente propietario del Fondo de Empresas Universitarias; Jos\u00e9 Luis Mart\u00ednez Su\u00e1rez, director general del \u00c1rea Acad\u00e9mica de Humanidades; Miguel Sosa Ruiz, director del SEA, y Gabriela Calles, secretaria acad\u00e9mica del SEA.<\/p>\n","protected":false},"excerpt":{"rendered":"<p><strong><em>David Sandoval.- <\/em><\/strong>Las entidades que componen el Campus Sur de la Universidad Veracruzana (UV): Facultad de Pedagog\u00eda, Sistema de Ense\u00f1anza Abierta (SEA) e Instituto de Investigaciones en Educaci\u00f3n (IIE), tienen a partir del 24 de septiembre instalaciones nuevas de cafeter\u00eda, papeler\u00eda y centro de copiado.<\/p>\n","protected":false},"author":1810,"featured_media":2917,"comment_status":"closed","ping_status":"closed","sticky":false,"template":"","format":"standard","meta":{"footnotes":""},"categories":[1],"tags":[2],"class_list":["post-2915","post","type-post","status-publish","format-standard","has-post-thumbnail","hentry","category-general","tag-principal"],"_links":{"self":[{"href":"https:\/\/www.uv.mx\/prensa\/wp-json\/wp\/v2\/posts\/2915","targetHints":{"allow":["GET"]}}],"collection":[{"href":"https:\/\/www.uv.mx\/prensa\/wp-json\/wp\/v2\/posts"}],"about":[{"href":"https:\/\/www.uv.mx\/prensa\/wp-json\/wp\/v2\/types\/post"}],"author":[{"embeddable":true,"href":"https:\/\/www.uv.mx\/prensa\/wp-json\/wp\/v2\/users\/1810"}],"replies":[{"embeddable":true,"href":"https:\/\/www.uv.mx\/prensa\/wp-json\/wp\/v2\/comments?post=2915"}],"version-history":[{"count":0,"href":"https:\/\/www.uv.mx\/prensa\/wp-json\/wp\/v2\/posts\/2915\/revisions"}],"wp:featuredmedia":[{"embeddable":true,"href":"https:\/\/www.uv.mx\/prensa\/wp-json\/wp\/v2\/media\/2917"}],"wp:attachment":[{"href":"https:\/\/www.uv.mx\/prensa\/wp-json\/wp\/v2\/media?parent=2915"}],"wp:term":[{"taxonomy":"category","embeddable":true,"href":"https:\/\/www.uv.mx\/prensa\/wp-json\/wp\/v2\/categories?post=2915"},{"taxonomy":"post_tag","embeddable":true,"href":"https:\/\/www.uv.mx\/prensa\/wp-json\/wp\/v2\/tags?post=2915"}],"curies":[{"name":"wp","href":"https:\/\/api.w.org\/{rel}","templated":true}]}}