{"id":28552,"date":"2017-06-08T15:30:04","date_gmt":"2017-06-08T20:30:04","guid":{"rendered":"https:\/\/www.uv.mx\/prensa\/?p=28552"},"modified":"2017-06-09T14:51:18","modified_gmt":"2017-06-09T19:51:18","slug":"halcones-con-nuevo-reto-en-la-abe","status":"publish","type":"post","link":"https:\/\/www.uv.mx\/prensa\/deportes\/halcones-con-nuevo-reto-en-la-abe\/","title":{"rendered":"Halcones, con nuevo reto en la ABE"},"content":{"rendered":"<ul>\n<li><em>El entrenador Leo Hern\u00e1ndez espera mejorar el nivel del conjunto femenil<\/em><\/li>\n<\/ul>\n<p>&nbsp;<\/p>\n<div id=\"attachment_28555\" style=\"width: 732px\" class=\"wp-caption aligncenter\"><a href=\"https:\/\/www.uv.mx\/prensa\/files\/2017\/06\/080617.-Basquetbol-ok.jpg\"><img aria-describedby=\"caption-attachment-28555\" decoding=\"async\" loading=\"lazy\" class=\"size-full wp-image-28555\" src=\"https:\/\/www.uv.mx\/prensa\/files\/2017\/06\/080617.-Basquetbol-ok.jpg\" alt=\"\" width=\"722\" height=\"481\" \/><\/a><p id=\"caption-attachment-28555\" class=\"wp-caption-text\">Leo Hern\u00e1ndez Rivera, entrenador de la Selecci\u00f3n Femenil de Halcones UV<\/p><\/div>\n<p>&nbsp;<\/p>\n<p><em><strong>Santiago Morales Ortiz<\/strong><\/em><\/p>\n<p>&nbsp;<\/p>\n<p><strong><em>Xalapa, Ver., 08\/06\/2017.-<\/em><\/strong> La Selecci\u00f3n Femenil de Basquetbol de la Universidad Veracruzana (UV) alista su participaci\u00f3n en la pr\u00f3xima temporada de la Asociaci\u00f3n de Basquetbol Estudiantil (ABE), con el objetivo de mejorar el nivel y las posiciones en busca del ascenso a la primera divisi\u00f3n.<\/p>\n<p>El entrenador Leo Hern\u00e1ndez Rivera se\u00f1al\u00f3 que tras una serie de juegos de preparaci\u00f3n y visor\u00edas \u2500en las que se han detectado a alrededor de 23 jugadoras\u2500, se intensificar\u00e1n los entrenamientos con el objetivo de iniciar la pretemporada y que el equipo est\u00e9 listo para el torneo que empieza en septiembre.<\/p>\n<p>De igual forma inicia el proceso rumbo a la Universiada Nacional 2018 que se efectuar\u00e1 en Sinaloa, donde el t\u00e9cnico espera lograr la calificaci\u00f3n en una zona que presenta alto nivel de competencia, ante universidades de Hidalgo y Puebla que siempre son protagonistas.<\/p>\n<p>Destac\u00f3 que la Universidad An\u00e1huac Norte y Universidad de Las Am\u00e9ricas de Puebla ascendieron a primera divisi\u00f3n de la ABE, por lo que el turno ahora es para Halcones con un equipo m\u00e1s experimentado.<\/p>\n<p>Agreg\u00f3 que la invitaci\u00f3n est\u00e1 abierta para todas las alumnas de la UV que deseen integrarse a los entrenamientos y reforzar al representativo de Halcones.<\/p>\n<p>Finalmente, el entrenador destac\u00f3 el esfuerzo de las jugadoras en la pasada temporada de la ABE y en el evento Regional estudiantil, donde tuvo una buena participaci\u00f3n. Ahora el compromiso es mejorar en los pr\u00f3ximos eventos.<\/p>\n<p>La Selecci\u00f3n de Basquetbol entrena los lunes, mi\u00e9rcoles y viernes en el Gimnasio Universitario \u201cMiguel \u00c1ngel R\u00edos Torres\u201d, de 18:00 a 20:00 horas.<\/p>\n<p><b><i><span style=\"font-family: 'Arial','sans-serif';font-size: 14pt\"><span style=\"color: #000000\">\u00a0<\/span><\/span><\/i><\/b><\/p>\n<p>&nbsp;<\/p>\n","protected":false},"excerpt":{"rendered":"<p>El entrenador Leo Hern\u00e1ndez espera mejorar el nivel del conjunto femenil &nbsp; &nbsp; Santiago Morales Ortiz &nbsp; Xalapa, Ver., 08\/06\/2017.- La Selecci\u00f3n Femenil de Basquetbol de la Universidad Veracruzana (UV) alista su [&hellip;]<\/p>\n","protected":false},"author":1809,"featured_media":28566,"comment_status":"closed","ping_status":"closed","sticky":false,"template":"","format":"standard","meta":[],"categories":[12],"tags":[17],"_links":{"self":[{"href":"https:\/\/www.uv.mx\/prensa\/wp-json\/wp\/v2\/posts\/28552"}],"collection":[{"href":"https:\/\/www.uv.mx\/prensa\/wp-json\/wp\/v2\/posts"}],"about":[{"href":"https:\/\/www.uv.mx\/prensa\/wp-json\/wp\/v2\/types\/post"}],"author":[{"embeddable":true,"href":"https:\/\/www.uv.mx\/prensa\/wp-json\/wp\/v2\/users\/1809"}],"replies":[{"embeddable":true,"href":"https:\/\/www.uv.mx\/prensa\/wp-json\/wp\/v2\/comments?post=28552"}],"version-history":[{"count":0,"href":"https:\/\/www.uv.mx\/prensa\/wp-json\/wp\/v2\/posts\/28552\/revisions"}],"wp:featuredmedia":[{"embeddable":true,"href":"https:\/\/www.uv.mx\/prensa\/wp-json\/wp\/v2\/media\/28566"}],"wp:attachment":[{"href":"https:\/\/www.uv.mx\/prensa\/wp-json\/wp\/v2\/media?parent=28552"}],"wp:term":[{"taxonomy":"category","embeddable":true,"href":"https:\/\/www.uv.mx\/prensa\/wp-json\/wp\/v2\/categories?post=28552"},{"taxonomy":"post_tag","embeddable":true,"href":"https:\/\/www.uv.mx\/prensa\/wp-json\/wp\/v2\/tags?post=28552"}],"curies":[{"name":"wp","href":"https:\/\/api.w.org\/{rel}","templated":true}]}}