{"id":28531,"date":"2017-06-09T09:56:43","date_gmt":"2017-06-09T14:56:43","guid":{"rendered":"https:\/\/www.uv.mx\/prensa\/?p=28531"},"modified":"2017-06-12T11:18:30","modified_gmt":"2017-06-12T16:18:30","slug":"unidad-de-ingenieria-y-ciencias-quimicas-tendra-comedor-universitario","status":"publish","type":"post","link":"https:\/\/www.uv.mx\/prensa\/general\/unidad-de-ingenieria-y-ciencias-quimicas-tendra-comedor-universitario\/","title":{"rendered":"Unidad de Ingenier\u00eda y Ciencias Qu\u00edmicas  tendr\u00e1 comedor universitario"},"content":{"rendered":"<ul>\n<li><em>Este a\u00f1o se colocar\u00e1 la primera piedra del proyecto en beneficio de la comunidad universitaria<\/em><\/li>\n<li><em>Ser\u00e1 financiado con recursos del Comit\u00e9 Pro-Mejoras de la Facultad de Ciencias Qu\u00edmicas de Xalapa<\/em><\/li>\n<li><em>Se expender\u00e1n desayunos y comidas saludables a precios accesibles<\/em><\/li>\n<\/ul>\n<p>&nbsp;<\/p>\n<div id=\"attachment_28534\" style=\"width: 732px\" class=\"wp-caption aligncenter\"><a href=\"https:\/\/www.uv.mx\/prensa\/files\/2017\/06\/Comedor-FCQ-1-080617.jpg\"><img loading=\"lazy\" decoding=\"async\" aria-describedby=\"caption-attachment-28534\" class=\"size-full wp-image-28534\" src=\"https:\/\/www.uv.mx\/prensa\/files\/2017\/06\/Comedor-FCQ-1-080617.jpg\" alt=\"\" width=\"722\" height=\"482\" \/><\/a><p id=\"caption-attachment-28534\" class=\"wp-caption-text\">Imagen del proyecto de construcci\u00f3n del comedor universitario de la Unidad de Ingenier\u00eda y Ciencias Qu\u00edmicas<\/p><\/div>\n<p>&nbsp;<\/p>\n<p><strong><em>Claudia Peralta V\u00e1zquez <\/em><\/strong><\/p>\n<p>&nbsp;<\/p>\n<p><strong><em>Xalapa, Ver., 08\/06\/2017.- <\/em><\/strong>Estudiantes y acad\u00e9micos de la Unidad de Ingenier\u00eda y Ciencias Qu\u00edmicas de la Universidad Veracruzana (UV), regi\u00f3n Xalapa, contar\u00e1n con un comedor universitario en el que se expender\u00e1n desayunos y comidas saludables a precios accesibles.<\/p>\n<p>As\u00ed lo dio a conocer Liliana Dom\u00ednguez Ca\u00f1edo, directora de la FCQ, quien agradeci\u00f3 el respaldo de la rectora Sara Ladr\u00f3n de Guevara, as\u00ed como de la Secretar\u00eda de Administraci\u00f3n y Finanzas (SAF), de la Direcci\u00f3n General del \u00c1rea Acad\u00e9mica T\u00e9cnica, de la Direcci\u00f3n de Proyectos, Construcciones y Mantenimiento, y del Voluntariado UV.<\/p>\n<p>Inform\u00f3 que tras diversas gestiones realizadas por autoridades de la Facultad de Ciencias Qu\u00edmicas (FCQ), fue aprobado el proyecto de construcci\u00f3n y equipamiento del comedor universitario, obra que tendr\u00e1 una inversi\u00f3n aproximada a los dos millones 800 mil pesos y ser\u00e1 financiada con recursos provenientes del Comit\u00e9 Pro-Mejoras de la FCQ; es decir, las cuotas aportadas cada semestre por los alumnos ser\u00e1n destinadas \u00edntegramente a su desarrollo.<\/p>\n<p>Sin embargo, en caso de que el presupuesto sea insuficiente, el resto ser\u00e1 aportado por los comit\u00e9s de las facultades de Ingenier\u00eda Mec\u00e1nica y El\u00e9ctrica, Civil y Qu\u00edmica Farmac\u00e9utica Biol\u00f3gica.<\/p>\n<p>&nbsp;<\/p>\n<div id=\"attachment_28537\" style=\"width: 732px\" class=\"wp-caption aligncenter\"><a href=\"https:\/\/www.uv.mx\/prensa\/files\/2017\/06\/Comedor-FCQ-2-080617.jpg\"><img loading=\"lazy\" decoding=\"async\" aria-describedby=\"caption-attachment-28537\" class=\"size-full wp-image-28537\" src=\"https:\/\/www.uv.mx\/prensa\/files\/2017\/06\/Comedor-FCQ-2-080617.jpg\" alt=\"\" width=\"722\" height=\"481\" srcset=\"https:\/\/www.uv.mx\/prensa\/files\/2017\/06\/Comedor-FCQ-2-080617.jpg 722w, https:\/\/www.uv.mx\/prensa\/files\/2017\/06\/Comedor-FCQ-2-080617-300x200.jpg 300w\" sizes=\"auto, (max-width: 722px) 100vw, 722px\" \/><\/a><p id=\"caption-attachment-28537\" class=\"wp-caption-text\">Liliana Dom\u00ednguez Ca\u00f1edo, directora de la Facultad de Ciencias Qu\u00edmicas, regi\u00f3n Xalapa<\/p><\/div>\n<p>&nbsp;<\/p>\n<p>La funcionaria se congratul\u00f3 por el inicio de la construcci\u00f3n de este comedor universitario, el cual se ubicar\u00e1 a un costado de la Biblioteca de la Unidad de Ingenier\u00eda y Ciencias Qu\u00edmicas y tendr\u00e1 capacidad para 100 personas (cada hora).<\/p>\n<p>Antes, record\u00f3, hab\u00eda una cafeter\u00eda que resolv\u00eda la alimentaci\u00f3n de los estudiantes, pero era un \u00e1rea muy peque\u00f1a y fue eliminada con la remodelaci\u00f3n de la Facultad.<\/p>\n<p>Por lo tanto, este espacio contar\u00e1 con una terraza y vista hacia la calle, \u00e1rea de comedor, lectura y ba\u00f1os propios. Ah\u00ed, docentes y alumnos podr\u00e1n degustar alimentos saludables y balanceados,\u00a0 elaborados por chefs y cocineras particulares a un bajo costo. Por ejemplo, un desayuno costar\u00e1 15 pesos, y la comida 25.<\/p>\n<p>Agreg\u00f3 que el proyecto fue dise\u00f1ado para construir en un futuro un segundo piso para \u00e1rea de trabajo y recreaci\u00f3n. Adem\u00e1s\u00a0 contempla un sistema de captaci\u00f3n de agua que alimentar\u00e1 los ba\u00f1os del comedor.<\/p>\n<p>El mobiliario ser\u00e1 en color verde y azul, similar al que se encuentra en la Unidad de Humanidades.<\/p>\n<p>&nbsp;<\/p>\n","protected":false},"excerpt":{"rendered":"<p><strong><em>Claudia Peralta.-<\/em><\/strong>Estudiantes y acad\u00e9micos de la Unidad de Ingenier\u00eda y Ciencias Qu\u00edmicas de la Universidad Veracruzana (UV), regi\u00f3n Xalapa, contar\u00e1n con un comedor universitario en el que se expender\u00e1n desayunos y comidas saludables a precios accesibles.<\/p>\n","protected":false},"author":1810,"featured_media":28539,"comment_status":"closed","ping_status":"closed","sticky":false,"template":"","format":"standard","meta":{"footnotes":""},"categories":[1],"tags":[3],"class_list":["post-28531","post","type-post","status-publish","format-standard","has-post-thumbnail","hentry","category-general","tag-secundarias"],"_links":{"self":[{"href":"https:\/\/www.uv.mx\/prensa\/wp-json\/wp\/v2\/posts\/28531","targetHints":{"allow":["GET"]}}],"collection":[{"href":"https:\/\/www.uv.mx\/prensa\/wp-json\/wp\/v2\/posts"}],"about":[{"href":"https:\/\/www.uv.mx\/prensa\/wp-json\/wp\/v2\/types\/post"}],"author":[{"embeddable":true,"href":"https:\/\/www.uv.mx\/prensa\/wp-json\/wp\/v2\/users\/1810"}],"replies":[{"embeddable":true,"href":"https:\/\/www.uv.mx\/prensa\/wp-json\/wp\/v2\/comments?post=28531"}],"version-history":[{"count":0,"href":"https:\/\/www.uv.mx\/prensa\/wp-json\/wp\/v2\/posts\/28531\/revisions"}],"wp:featuredmedia":[{"embeddable":true,"href":"https:\/\/www.uv.mx\/prensa\/wp-json\/wp\/v2\/media\/28539"}],"wp:attachment":[{"href":"https:\/\/www.uv.mx\/prensa\/wp-json\/wp\/v2\/media?parent=28531"}],"wp:term":[{"taxonomy":"category","embeddable":true,"href":"https:\/\/www.uv.mx\/prensa\/wp-json\/wp\/v2\/categories?post=28531"},{"taxonomy":"post_tag","embeddable":true,"href":"https:\/\/www.uv.mx\/prensa\/wp-json\/wp\/v2\/tags?post=28531"}],"curies":[{"name":"wp","href":"https:\/\/api.w.org\/{rel}","templated":true}]}}