{"id":28206,"date":"2017-06-05T14:08:59","date_gmt":"2017-06-05T19:08:59","guid":{"rendered":"https:\/\/www.uv.mx\/prensa\/?p=28206"},"modified":"2017-06-05T14:27:32","modified_gmt":"2017-06-05T19:27:32","slug":"fmvz-reconocio-a-universitarios-que-egresaron-hace-50-anos","status":"publish","type":"post","link":"https:\/\/www.uv.mx\/prensa\/regiones\/fmvz-reconocio-a-universitarios-que-egresaron-hace-50-anos\/","title":{"rendered":"FMVZ reconoci\u00f3 a universitarios que egresaron hace 50 a\u00f1os"},"content":{"rendered":"<p>&nbsp;<\/p>\n<div id=\"attachment_28217\" style=\"width: 732px\" class=\"wp-caption aligncenter\"><a href=\"https:\/\/www.uv.mx\/prensa\/files\/2017\/06\/FMVZ-egresados-1-050617.jpg\"><img loading=\"lazy\" decoding=\"async\" aria-describedby=\"caption-attachment-28217\" class=\"size-full wp-image-28217\" src=\"https:\/\/www.uv.mx\/prensa\/files\/2017\/06\/FMVZ-egresados-1-050617.jpg\" alt=\"\" width=\"722\" height=\"406\" srcset=\"https:\/\/www.uv.mx\/prensa\/files\/2017\/06\/FMVZ-egresados-1-050617.jpg 722w, https:\/\/www.uv.mx\/prensa\/files\/2017\/06\/FMVZ-egresados-1-050617-300x169.jpg 300w\" sizes=\"auto, (max-width: 722px) 100vw, 722px\" \/><\/a><p id=\"caption-attachment-28217\" class=\"wp-caption-text\">El Vicerrector felicit\u00f3 a los ex alumnos por la destacada trayectoria profesional que han mantenido durante 50 a\u00f1os<\/p><\/div>\n<p>&nbsp;<\/p>\n<p><strong><em>Boca del R\u00edo, Ver., 05\/06\/2017.-<\/em><\/strong> La Facultad de Medicina Veterinaria y Zootecnia (FMVZ) de la Universidad Veracruzana (UV), reconoci\u00f3 a ex alumnos que egresaron hace 50 a\u00f1os como parte de la generaci\u00f3n 1963-1967 y que lleva por nombre \u201cMVZ Mario Cisneros Ponce\u201d, durante una ceremonia celebrada en el marco del 60 aniversario de su fundaci\u00f3n.<\/p>\n<p>Durante esta jornada se otorgaron constancias a los egresados, quienes recibieron porras, aplausos y ovaciones de sus compa\u00f1eros y familiares. Adem\u00e1s, se entreg\u00f3 un reconocimiento a Mario Cisneros, destacado y reconocido m\u00e9dico veterinario, padrino de la generaci\u00f3n. Otro momento emotivo fue la develaci\u00f3n de una placa conmemorativa y la colocaci\u00f3n de una ofrenda floral para recordar a los acad\u00e9micos fallecidos.<\/p>\n<p>&nbsp;<\/p>\n<div id=\"attachment_28218\" style=\"width: 732px\" class=\"wp-caption aligncenter\"><a href=\"https:\/\/www.uv.mx\/prensa\/files\/2017\/06\/FMVZ-egresados-2-050617.jpg\"><img loading=\"lazy\" decoding=\"async\" aria-describedby=\"caption-attachment-28218\" class=\"size-full wp-image-28218\" src=\"https:\/\/www.uv.mx\/prensa\/files\/2017\/06\/FMVZ-egresados-2-050617.jpg\" alt=\"\" width=\"722\" height=\"406\" srcset=\"https:\/\/www.uv.mx\/prensa\/files\/2017\/06\/FMVZ-egresados-2-050617.jpg 722w, https:\/\/www.uv.mx\/prensa\/files\/2017\/06\/FMVZ-egresados-2-050617-300x169.jpg 300w\" sizes=\"auto, (max-width: 722px) 100vw, 722px\" \/><\/a><p id=\"caption-attachment-28218\" class=\"wp-caption-text\">Ex alumnos recibieron sus reconocimientos<\/p><\/div>\n<p>&nbsp;<\/p>\n<p>En la ceremonia, los ex alumnos estuvieron acompa\u00f1ados por sus esposas, hijos, nietos y amigos, quienes los felicitaron por los grandes logros que han obtenido en sus 50 a\u00f1os de carrera profesional.<\/p>\n<p>Francisco Vel\u00e1zquez Sarmiento, director de la FMVZ, destac\u00f3 en su mensaje el gran trabajo y el orgullo que representa esta generaci\u00f3n y celebr\u00f3 que formen parte de los festejos del 60 aniversario de esta entidad acad\u00e9mica.<\/p>\n<p>\u201cLa labor que han hecho como egresados y profesionistas se ha visto reflejada en que la Facultad es referencia nacional e internacional, debemos mantener ese prestigio a trav\u00e9s de una labor incansable; todo lo que se aprendi\u00f3 en las aulas debemos transmitirlo para el beneficio de la sociedad\u201d, agreg\u00f3 el directivo.<\/p>\n<p>&nbsp;<\/p>\n<div id=\"attachment_28244\" style=\"width: 732px\" class=\"wp-caption aligncenter\"><a href=\"https:\/\/www.uv.mx\/prensa\/files\/2017\/06\/FMVZ-egresados-3-050617.jpg\"><img loading=\"lazy\" decoding=\"async\" aria-describedby=\"caption-attachment-28244\" class=\"size-full wp-image-28244\" src=\"https:\/\/www.uv.mx\/prensa\/files\/2017\/06\/FMVZ-egresados-3-050617.jpg\" alt=\"\" width=\"722\" height=\"406\" srcset=\"https:\/\/www.uv.mx\/prensa\/files\/2017\/06\/FMVZ-egresados-3-050617.jpg 722w, https:\/\/www.uv.mx\/prensa\/files\/2017\/06\/FMVZ-egresados-3-050617-300x169.jpg 300w\" sizes=\"auto, (max-width: 722px) 100vw, 722px\" \/><\/a><p id=\"caption-attachment-28244\" class=\"wp-caption-text\">Mario Cisneros Ponce recibi\u00f3 un reconocimiento por su destacada trayectoria acad\u00e9mica y padrino de generaci\u00f3n<\/p><\/div>\n<p>&nbsp;<\/p>\n<p>Asimismo, agradeci\u00f3 a toda la comunidad universitaria de la FMVZ, y en especial a los egresados, por su contribuci\u00f3n para que la Facultad haya logrado la acreditaci\u00f3n por parte del Consejo Nacional de Educaci\u00f3n de Medicina Veterinaria y que le ha permitido seguir con sus est\u00e1ndares de calidad.<\/p>\n<p>Por su parte, el vicerrector Alfonso Gerardo P\u00e9rez Morales les dijo a los egresados que son un grupo de triunfadores de la vida por la gran labor que cada uno ha desarrollado en diferentes \u00e1reas y por gozar del cari\u00f1o y la compa\u00f1\u00eda de quienes los admiran.<\/p>\n<p>Durante la ceremonia estuvieron presentes Domingo Canales Espinosa, director general del \u00c1rea Acad\u00e9mica de Ciencias Biol\u00f3gico-Agropecuarias; Fabi\u00e1n Francisco Vanoye Lara, secretario de la FMVZ; Jos\u00e9 Rodr\u00edguez Corro, rector del Centro Universitario Interamericano, y Teodoro Cesta Zamudio, presidente del comit\u00e9 organizador.<\/p>\n<div id=\"attachment_28246\" style=\"width: 732px\" class=\"wp-caption aligncenter\"><a href=\"https:\/\/www.uv.mx\/prensa\/files\/2017\/06\/FMVZ-egresados-4-050617.jpg\"><img loading=\"lazy\" decoding=\"async\" aria-describedby=\"caption-attachment-28246\" class=\"size-full wp-image-28246\" src=\"https:\/\/www.uv.mx\/prensa\/files\/2017\/06\/FMVZ-egresados-4-050617.jpg\" alt=\"\" width=\"722\" height=\"406\" \/><\/a><p id=\"caption-attachment-28246\" class=\"wp-caption-text\">Ex alumnos integrantes de la generaci\u00f3n 1963-1967<\/p><\/div>\n","protected":false},"excerpt":{"rendered":"<p>La Facultad de Medicina Veterinaria y Zootecnia (FMVZ) de la Universidad Veracruzana (UV), reconoci\u00f3 a ex alumnos que egresaron hace 50 a\u00f1os como parte de la generaci\u00f3n 1963-1967 y que lleva por nombre \u201cMVZ Mario Cisneros Ponce\u201d, durante una ceremonia celebrada en el marco del 60 aniversario de su fundaci\u00f3n.<\/p>\n","protected":false},"author":1810,"featured_media":28214,"comment_status":"closed","ping_status":"closed","sticky":false,"template":"","format":"standard","meta":{"footnotes":""},"categories":[32],"tags":[],"class_list":["post-28206","post","type-post","status-publish","format-standard","has-post-thumbnail","hentry","category-regiones"],"_links":{"self":[{"href":"https:\/\/www.uv.mx\/prensa\/wp-json\/wp\/v2\/posts\/28206","targetHints":{"allow":["GET"]}}],"collection":[{"href":"https:\/\/www.uv.mx\/prensa\/wp-json\/wp\/v2\/posts"}],"about":[{"href":"https:\/\/www.uv.mx\/prensa\/wp-json\/wp\/v2\/types\/post"}],"author":[{"embeddable":true,"href":"https:\/\/www.uv.mx\/prensa\/wp-json\/wp\/v2\/users\/1810"}],"replies":[{"embeddable":true,"href":"https:\/\/www.uv.mx\/prensa\/wp-json\/wp\/v2\/comments?post=28206"}],"version-history":[{"count":0,"href":"https:\/\/www.uv.mx\/prensa\/wp-json\/wp\/v2\/posts\/28206\/revisions"}],"wp:featuredmedia":[{"embeddable":true,"href":"https:\/\/www.uv.mx\/prensa\/wp-json\/wp\/v2\/media\/28214"}],"wp:attachment":[{"href":"https:\/\/www.uv.mx\/prensa\/wp-json\/wp\/v2\/media?parent=28206"}],"wp:term":[{"taxonomy":"category","embeddable":true,"href":"https:\/\/www.uv.mx\/prensa\/wp-json\/wp\/v2\/categories?post=28206"},{"taxonomy":"post_tag","embeddable":true,"href":"https:\/\/www.uv.mx\/prensa\/wp-json\/wp\/v2\/tags?post=28206"}],"curies":[{"name":"wp","href":"https:\/\/api.w.org\/{rel}","templated":true}]}}