{"id":27423,"date":"2017-05-24T14:52:44","date_gmt":"2017-05-24T19:52:44","guid":{"rendered":"https:\/\/www.uv.mx\/prensa\/?p=27423"},"modified":"2017-05-24T14:52:44","modified_gmt":"2017-05-24T19:52:44","slug":"tla-exhibio-el-trabajo-de-las-diferentes-disciplinas-artisticas","status":"publish","type":"post","link":"https:\/\/www.uv.mx\/prensa\/regiones\/tla-exhibio-el-trabajo-de-las-diferentes-disciplinas-artisticas\/","title":{"rendered":"TLA exhibi\u00f3 el trabajo de las diferentes disciplinas art\u00edsticas"},"content":{"rendered":"<ul>\n<li><em>En el periodo Febrero-Julio 2017 atendieron a alrededor de 400 estudiantes y p\u00fablico en general<\/em><\/li>\n<\/ul>\n<p>&nbsp;<\/p>\n<div id=\"attachment_27440\" style=\"width: 732px\" class=\"wp-caption aligncenter\"><a href=\"https:\/\/www.uv.mx\/prensa\/files\/2017\/05\/TLA-1-240517.jpg\"><img loading=\"lazy\" decoding=\"async\" aria-describedby=\"caption-attachment-27440\" class=\"size-full wp-image-27440\" src=\"https:\/\/www.uv.mx\/prensa\/files\/2017\/05\/TLA-1-240517.jpg\" alt=\"\" width=\"722\" height=\"406\" srcset=\"https:\/\/www.uv.mx\/prensa\/files\/2017\/05\/TLA-1-240517.jpg 722w, https:\/\/www.uv.mx\/prensa\/files\/2017\/05\/TLA-1-240517-300x169.jpg 300w\" sizes=\"auto, (max-width: 722px) 100vw, 722px\" \/><\/a><p id=\"caption-attachment-27440\" class=\"wp-caption-text\">Exhibici\u00f3n de Bailes de Sal\u00f3n<\/p><\/div>\n<p>&nbsp;<\/p>\n<p>&nbsp;<\/p>\n<p><strong><em>Francisco Javier Cha\u00edn Revuelta<\/em><\/strong><\/p>\n<p>&nbsp;<\/p>\n<p><strong><em>C\u00f3rdoba, Ver., 24\/05\/2017.-<\/em><\/strong> El viernes 19 de mayo se llev\u00f3 a cabo la clausura de los Talleres Libres de Arte (TLA) de la Universidad Veracruzana (UV) correspondientes al periodo Febrero-Julio 2017, en la Unidad de Servicios Bibliotecarios y de Informaci\u00f3n (USBI) de esta ciudad.<\/p>\n<p>Javier Varela Aguirre, coordinador de los TLA en la regi\u00f3n Orizaba- C\u00f3rdoba, present\u00f3 ante las autoridades y la comunidad universitaria, as\u00ed como al p\u00fablico en general, el trabajo de diferentes disciplinas art\u00edsticas.<\/p>\n<p>Se realiz\u00f3 una exposici\u00f3n de fotograf\u00eda y pintura, una demostraci\u00f3n de los trabajos del taller de animaci\u00f3n, una obra de teatro, dos bailes de sal\u00f3n y un baile de danza contempor\u00e1nea.<\/p>\n<p>&nbsp;<\/p>\n<div id=\"attachment_27442\" style=\"width: 732px\" class=\"wp-caption aligncenter\"><a href=\"https:\/\/www.uv.mx\/prensa\/files\/2017\/05\/TLA-2-240517.jpg\"><img loading=\"lazy\" decoding=\"async\" aria-describedby=\"caption-attachment-27442\" class=\"size-full wp-image-27442\" src=\"https:\/\/www.uv.mx\/prensa\/files\/2017\/05\/TLA-2-240517.jpg\" alt=\"\" width=\"722\" height=\"406\" srcset=\"https:\/\/www.uv.mx\/prensa\/files\/2017\/05\/TLA-2-240517.jpg 722w, https:\/\/www.uv.mx\/prensa\/files\/2017\/05\/TLA-2-240517-300x169.jpg 300w\" sizes=\"auto, (max-width: 722px) 100vw, 722px\" \/><\/a><p id=\"caption-attachment-27442\" class=\"wp-caption-text\">Exposici\u00f3n de Fotograf\u00eda<\/p><\/div>\n<p>&nbsp;<\/p>\n<p>En el mismo marco, el Coro Regional Universitario se present\u00f3 el martes 23 de mayo en el Teatro \u201cIgnacio de la Llave\u201d de Orizaba y al siguiente d\u00eda en el Teatro \u201cPedro D\u00edaz\u201d de C\u00f3rdoba, ambas funciones con entrada libre.<\/p>\n<p>En el periodo Febrero-Julio 2017 los TLA atendieron alrededor de 400 estudiantes y p\u00fablico en general, tambi\u00e9n se atendi\u00f3 un grupo de ni\u00f1os de ocho a 15 a\u00f1os de edad, quienes tomaron el taller de Pintura Experimental.<\/p>\n<p>Javier Varela invit\u00f3 a la comunidad universitaria y p\u00fablico en general a sumarse a estos talleres, que se integren y experimenten con las artes, ya que es una experiencia que los forma integralmente, los hace sensibles y los humaniza.<\/p>\n<p>&nbsp;<\/p>\n<div id=\"attachment_27446\" style=\"width: 586px\" class=\"wp-caption aligncenter\"><a href=\"https:\/\/www.uv.mx\/prensa\/files\/2017\/05\/TLA-3-240517.jpg\"><img loading=\"lazy\" decoding=\"async\" aria-describedby=\"caption-attachment-27446\" class=\"size-large wp-image-27446\" src=\"https:\/\/www.uv.mx\/prensa\/files\/2017\/05\/TLA-3-240517-576x1024.jpg\" alt=\"\" width=\"576\" height=\"1024\" srcset=\"https:\/\/www.uv.mx\/prensa\/files\/2017\/05\/TLA-3-240517-576x1024.jpg 576w, https:\/\/www.uv.mx\/prensa\/files\/2017\/05\/TLA-3-240517-169x300.jpg 169w, https:\/\/www.uv.mx\/prensa\/files\/2017\/05\/TLA-3-240517.jpg 722w\" sizes=\"auto, (max-width: 576px) 100vw, 576px\" \/><\/a><p id=\"caption-attachment-27446\" class=\"wp-caption-text\">Exposici\u00f3n de Pintura<\/p><\/div>\n<p>&nbsp;<\/p>\n<p>Los maestros a cargo de los TLA fueron: en Teatro, Mar\u00eda Arely L\u00f3pez Ju\u00e1rez; en Bailes de Sal\u00f3n, V\u00edctor Manuel Castro Rosas; en Pintura Experimental, Oswaldo Huerta Pacheco, y en Fotograf\u00eda y Animaci\u00f3n, Alan Morgado Salas.<\/p>\n<p>La vicerrectora Beatriz Eugenia Rodr\u00edguez Villafuerte presenci\u00f3 la demostraci\u00f3n de los alumnos y agradeci\u00f3 la labor de los maestros de artes, as\u00ed como de Yolanda C\u00e1rdenas Mart\u00ednez, coordinadora regional de Difusi\u00f3n Cultural de la UV, y del presidente municipal Tom\u00e1s R\u00edos Bernal por los apoyos materiales brindados por el ayuntamiento a los TLA, este \u00faltimo resalt\u00f3 el gran apoyo que brinda la UV al desarrollo cultural y cient\u00edfico de los habitantes de la ciudad.<\/p>\n<p>&nbsp;<\/p>\n","protected":false},"excerpt":{"rendered":"<p><strong><em>Francisco Javier Cha\u00edn.-<\/em><\/strong>El viernes 19 de mayo se llev\u00f3 a cabo la clausura de los Talleres Libres de Arte (TLA) de la Universidad Veracruzana (UV) correspondientes al periodo Febrero-Julio 2017, en la Unidad de Servicios Bibliotecarios y de Informaci\u00f3n (USBI) de esta ciudad.<\/p>\n","protected":false},"author":1810,"featured_media":27449,"comment_status":"closed","ping_status":"closed","sticky":false,"template":"","format":"standard","meta":{"footnotes":""},"categories":[32],"tags":[33],"class_list":["post-27423","post","type-post","status-publish","format-standard","has-post-thumbnail","hentry","category-regiones","tag-regiones"],"_links":{"self":[{"href":"https:\/\/www.uv.mx\/prensa\/wp-json\/wp\/v2\/posts\/27423","targetHints":{"allow":["GET"]}}],"collection":[{"href":"https:\/\/www.uv.mx\/prensa\/wp-json\/wp\/v2\/posts"}],"about":[{"href":"https:\/\/www.uv.mx\/prensa\/wp-json\/wp\/v2\/types\/post"}],"author":[{"embeddable":true,"href":"https:\/\/www.uv.mx\/prensa\/wp-json\/wp\/v2\/users\/1810"}],"replies":[{"embeddable":true,"href":"https:\/\/www.uv.mx\/prensa\/wp-json\/wp\/v2\/comments?post=27423"}],"version-history":[{"count":0,"href":"https:\/\/www.uv.mx\/prensa\/wp-json\/wp\/v2\/posts\/27423\/revisions"}],"wp:featuredmedia":[{"embeddable":true,"href":"https:\/\/www.uv.mx\/prensa\/wp-json\/wp\/v2\/media\/27449"}],"wp:attachment":[{"href":"https:\/\/www.uv.mx\/prensa\/wp-json\/wp\/v2\/media?parent=27423"}],"wp:term":[{"taxonomy":"category","embeddable":true,"href":"https:\/\/www.uv.mx\/prensa\/wp-json\/wp\/v2\/categories?post=27423"},{"taxonomy":"post_tag","embeddable":true,"href":"https:\/\/www.uv.mx\/prensa\/wp-json\/wp\/v2\/tags?post=27423"}],"curies":[{"name":"wp","href":"https:\/\/api.w.org\/{rel}","templated":true}]}}