{"id":27255,"date":"2017-05-22T15:01:52","date_gmt":"2017-05-22T20:01:52","guid":{"rendered":"https:\/\/www.uv.mx\/prensa\/?p=27255"},"modified":"2017-05-26T13:02:34","modified_gmt":"2017-05-26T18:02:34","slug":"un-mural-de-los-estudiantes-homenaje-a-la-diversidad-universitaria","status":"publish","type":"post","link":"https:\/\/www.uv.mx\/prensa\/general\/un-mural-de-los-estudiantes-homenaje-a-la-diversidad-universitaria\/","title":{"rendered":"\u201cUn mural de los estudiantes\u201d, homenaje a la diversidad universitaria"},"content":{"rendered":"<ul>\n<li><em>La obra fue realizada por el joven artista Daniel Arturo Neri y se ubica en la Coordinaci\u00f3n de Asuntos Estudiantiles de la UV<\/em><\/li>\n<li><em>La convocatoria recibi\u00f3 un total de 16 propuestas<\/em><\/li>\n<\/ul>\n<p>&nbsp;<\/p>\n<div id=\"attachment_27276\" style=\"width: 634px\" class=\"wp-caption aligncenter\"><a href=\"https:\/\/www.uv.mx\/prensa\/files\/2017\/05\/imagen-destacada-220517.jpg\"><img loading=\"lazy\" decoding=\"async\" aria-describedby=\"caption-attachment-27276\" class=\"wp-image-27276 size-full\" src=\"https:\/\/www.uv.mx\/prensa\/files\/2017\/05\/imagen-destacada-220517.jpg\" alt=\"La obra fue desarrollada durante tres meses\" width=\"624\" height=\"320\" srcset=\"https:\/\/www.uv.mx\/prensa\/files\/2017\/05\/imagen-destacada-220517.jpg 624w, https:\/\/www.uv.mx\/prensa\/files\/2017\/05\/imagen-destacada-220517-300x154.jpg 300w\" sizes=\"auto, (max-width: 624px) 100vw, 624px\" \/><\/a><p id=\"caption-attachment-27276\" class=\"wp-caption-text\">La obra fue desarrollada durante tres meses<\/p><\/div>\n<p>&nbsp;<\/p>\n<p><strong><em>Lucero Mercedes Cruz Porras<\/em><\/strong><\/p>\n<p>&nbsp;<\/p>\n<p><strong><em>Xalapa, Ver., 22\/05\/2017.-<\/em><\/strong> La Coordinaci\u00f3n de Asuntos Estudiantiles de la Universidad Veracruzana (UV) inaugur\u00f3 el 19 de mayo un mural creado por Daniel Arturo Neri Dorantes-quien cursa el segundo semestre de la Licenciatura en Artes Visuales-, el cual representa y rinde homenaje a uno de los valores principales de esta casa de estudio: la diversidad.<\/p>\n<p>Respecto de esta propuesta, que se deriva de la convocatoria \u201cUn mural de los estudiantes\u201d, cuyo resultado fue revelado en diciembre del a\u00f1o pasado, Daniel Arturo comparti\u00f3 que es su aportaci\u00f3n a la tradici\u00f3n de las artes pl\u00e1sticas en Xalapa.<\/p>\n<p>Enseguida, expres\u00f3: \u201cQuiero agradecer a mis padres, quienes me apoyaron totalmente, pues sin ellos no estar\u00eda aqu\u00ed. Es una experiencia muy grata, porque trabaj\u00e9 con mis maestros y aprend\u00ed de ellos; enfrentarme a este reto fue muy diferente a los trabajos que hab\u00eda hecho antes\u201d, dijo.<\/p>\n<p>&nbsp;<\/p>\n<div id=\"attachment_27270\" style=\"width: 732px\" class=\"wp-caption aligncenter\"><a href=\"https:\/\/www.uv.mx\/prensa\/files\/2017\/05\/Mural-asuntos-estudiantiles-5-220517.jpg\"><img loading=\"lazy\" decoding=\"async\" aria-describedby=\"caption-attachment-27270\" class=\"size-full wp-image-27270\" src=\"https:\/\/www.uv.mx\/prensa\/files\/2017\/05\/Mural-asuntos-estudiantiles-5-220517.jpg\" alt=\"\" width=\"722\" height=\"492\" srcset=\"https:\/\/www.uv.mx\/prensa\/files\/2017\/05\/Mural-asuntos-estudiantiles-5-220517.jpg 722w, https:\/\/www.uv.mx\/prensa\/files\/2017\/05\/Mural-asuntos-estudiantiles-5-220517-300x204.jpg 300w\" sizes=\"auto, (max-width: 722px) 100vw, 722px\" \/><\/a><p id=\"caption-attachment-27270\" class=\"wp-caption-text\">El ganador inaugur\u00f3 su mural en compa\u00f1\u00eda de autoridades universitarias<\/p><\/div>\n<p>&nbsp;<\/p>\n<p>Despu\u00e9s de esta intervenci\u00f3n, Juan Capetillo Hern\u00e1ndez, coordinador de Asuntos Estudiantiles, se\u00f1al\u00f3 que el mural comprende un discurso con fuerte contenido simb\u00f3lico para la dependencia universitaria que \u00e9l dirige, pues durante una remodelaci\u00f3n interna apareci\u00f3 una pared que desconoc\u00edan, por lo que surgi\u00f3 la idea de hacer un concurso dirigido a estudiantes de la UV.<\/p>\n<p>Coment\u00f3 que la convocatoria reuni\u00f3 16 propuestas de j\u00f3venes de diferentes regiones de la Universidad, cuyo resultado fue muy satisfactorio. De esta manera reconoci\u00f3 el profesionalismo del ganador, quien desarroll\u00f3 la obra en un plazo de tres meses; detall\u00f3 que fue pintada sobre paneles removibles para asegurar la conservaci\u00f3n de la misma.<\/p>\n<p>&nbsp;<\/p>\n<div id=\"attachment_27261\" style=\"width: 732px\" class=\"wp-caption aligncenter\"><a href=\"https:\/\/www.uv.mx\/prensa\/files\/2017\/05\/Mural-asuntos-estudiantiles-1-220517.jpg\"><img loading=\"lazy\" decoding=\"async\" aria-describedby=\"caption-attachment-27261\" class=\"size-full wp-image-27261\" src=\"https:\/\/www.uv.mx\/prensa\/files\/2017\/05\/Mural-asuntos-estudiantiles-1-220517.jpg\" alt=\"\" width=\"722\" height=\"475\" srcset=\"https:\/\/www.uv.mx\/prensa\/files\/2017\/05\/Mural-asuntos-estudiantiles-1-220517.jpg 722w, https:\/\/www.uv.mx\/prensa\/files\/2017\/05\/Mural-asuntos-estudiantiles-1-220517-300x197.jpg 300w\" sizes=\"auto, (max-width: 722px) 100vw, 722px\" \/><\/a><p id=\"caption-attachment-27261\" class=\"wp-caption-text\">Estudiantes y consejeros alumnos fueron invitados especiales<\/p><\/div>\n<p>&nbsp;<\/p>\n<p>Por \u00faltimo, la rectora Sara Ladr\u00f3n de Guevara destac\u00f3 que M\u00e9xico es un pa\u00eds con una rica tradici\u00f3n de muralistas, quienes transitaron en el pasado por un momento en que el arte sosten\u00eda una relaci\u00f3n firme con la pol\u00edtica y recurrieron a una expresi\u00f3n art\u00edstica que contin\u00faa en nuestros d\u00edas.<\/p>\n<p>Posteriormente record\u00f3 que \u201cla Universidad Veracruzana posee un amplio acervo de murales que en la presente administraci\u00f3n se han restaurado\u201d; es por ello que celebr\u00f3 el inter\u00e9s porque el patrimonio pict\u00f3rico universitario se preserve para las futuras generaciones.<\/p>\n<p>En este sentido, concluy\u00f3 con unas sensibles palabras: \u201cEl concurso no solamente signific\u00f3 un reconocimiento de la instituci\u00f3n hacia el trabajo de Daniel Arturo, sino que constituye un generoso obsequio de \u00e9l, al haber realizado una obra art\u00edstica que se suma al enorme acervo art\u00edstico de la UV. Estamos reunidos para festejar el enriquecimiento de nuestro patrimonio a partir del trabajo de un estudiante, en un espacio que es para estudiantes\u201d.<\/p>\n<div id=\"attachment_27268\" style=\"width: 732px\" class=\"wp-caption aligncenter\"><a href=\"https:\/\/www.uv.mx\/prensa\/files\/2017\/05\/Mural-asuntos-estudiantiles-4-220517.jpg\"><img loading=\"lazy\" decoding=\"async\" aria-describedby=\"caption-attachment-27268\" class=\"size-full wp-image-27268\" src=\"https:\/\/www.uv.mx\/prensa\/files\/2017\/05\/Mural-asuntos-estudiantiles-4-220517.jpg\" alt=\"\" width=\"722\" height=\"481\" srcset=\"https:\/\/www.uv.mx\/prensa\/files\/2017\/05\/Mural-asuntos-estudiantiles-4-220517.jpg 722w, https:\/\/www.uv.mx\/prensa\/files\/2017\/05\/Mural-asuntos-estudiantiles-4-220517-300x200.jpg 300w\" sizes=\"auto, (max-width: 722px) 100vw, 722px\" \/><\/a><p id=\"caption-attachment-27268\" class=\"wp-caption-text\">El ganador inaugur\u00f3 su mural en compa\u00f1\u00eda de autoridades universitarias<\/p><\/div>\n<p>&nbsp;<\/p>\n<p>En el evento estuvieron presentes Leticia Rodr\u00edguez Audirac, secretaria acad\u00e9mica; Gerardo Garc\u00eda Ricardo, secretario de Administraci\u00f3n y Finanzas; Octavio Ochoa Contreras, secretario de Rector\u00eda; los integrantes del jurado: Carlos Torralba Ibarra, director de la Facultad de Artes Pl\u00e1sticas, y Javier C\u00f3zar Angulo, director del Instituto de Artes Pl\u00e1sticas. Tambi\u00e9n acudieron funcionarios y consejeros alumnos, as\u00ed como amigos y familiares del ganador.<\/p>\n<div id=\"attachment_27265\" style=\"width: 732px\" class=\"wp-caption aligncenter\"><a href=\"https:\/\/www.uv.mx\/prensa\/files\/2017\/05\/Mural-asuntos-estudiantiles-3-220517.jpg\"><img loading=\"lazy\" decoding=\"async\" aria-describedby=\"caption-attachment-27265\" class=\"size-full wp-image-27265\" src=\"https:\/\/www.uv.mx\/prensa\/files\/2017\/05\/Mural-asuntos-estudiantiles-3-220517.jpg\" alt=\"\" width=\"722\" height=\"481\" srcset=\"https:\/\/www.uv.mx\/prensa\/files\/2017\/05\/Mural-asuntos-estudiantiles-3-220517.jpg 722w, https:\/\/www.uv.mx\/prensa\/files\/2017\/05\/Mural-asuntos-estudiantiles-3-220517-300x200.jpg 300w\" sizes=\"auto, (max-width: 722px) 100vw, 722px\" \/><\/a><p id=\"caption-attachment-27265\" class=\"wp-caption-text\">Juan Capetillo Hern\u00e1ndez, titular de la Coordinaci\u00f3n de Asuntos Estudiantiles<\/p><\/div>\n<p>&nbsp;<\/p>\n","protected":false},"excerpt":{"rendered":"<p><strong><em>Lucero Mercedes Cruz.-<\/em><\/strong>La Coordinaci\u00f3n de Asuntos Estudiantiles de la Universidad Veracruzana (UV) inaugur\u00f3 el 19 de mayo un mural creado por Daniel Arturo Neri Dorantes \u2500quien cursa el segundo semestre de la Licenciatura en Artes Visuales\u2500, el cual representa y rinde homenaje a uno de los valores principales de esta casa de estudio: la diversidad.<\/p>\n","protected":false},"author":1810,"featured_media":27276,"comment_status":"closed","ping_status":"closed","sticky":false,"template":"","format":"standard","meta":{"footnotes":""},"categories":[1],"tags":[2],"class_list":["post-27255","post","type-post","status-publish","format-standard","has-post-thumbnail","hentry","category-general","tag-principal"],"_links":{"self":[{"href":"https:\/\/www.uv.mx\/prensa\/wp-json\/wp\/v2\/posts\/27255","targetHints":{"allow":["GET"]}}],"collection":[{"href":"https:\/\/www.uv.mx\/prensa\/wp-json\/wp\/v2\/posts"}],"about":[{"href":"https:\/\/www.uv.mx\/prensa\/wp-json\/wp\/v2\/types\/post"}],"author":[{"embeddable":true,"href":"https:\/\/www.uv.mx\/prensa\/wp-json\/wp\/v2\/users\/1810"}],"replies":[{"embeddable":true,"href":"https:\/\/www.uv.mx\/prensa\/wp-json\/wp\/v2\/comments?post=27255"}],"version-history":[{"count":0,"href":"https:\/\/www.uv.mx\/prensa\/wp-json\/wp\/v2\/posts\/27255\/revisions"}],"wp:featuredmedia":[{"embeddable":true,"href":"https:\/\/www.uv.mx\/prensa\/wp-json\/wp\/v2\/media\/27276"}],"wp:attachment":[{"href":"https:\/\/www.uv.mx\/prensa\/wp-json\/wp\/v2\/media?parent=27255"}],"wp:term":[{"taxonomy":"category","embeddable":true,"href":"https:\/\/www.uv.mx\/prensa\/wp-json\/wp\/v2\/categories?post=27255"},{"taxonomy":"post_tag","embeddable":true,"href":"https:\/\/www.uv.mx\/prensa\/wp-json\/wp\/v2\/tags?post=27255"}],"curies":[{"name":"wp","href":"https:\/\/api.w.org\/{rel}","templated":true}]}}