{"id":27149,"date":"2017-05-19T15:03:50","date_gmt":"2017-05-19T20:03:50","guid":{"rendered":"https:\/\/www.uv.mx\/prensa\/?p=27149"},"modified":"2017-05-19T15:03:50","modified_gmt":"2017-05-19T20:03:50","slug":"concurso-nacional-de-puentes-de-carton-desafio-la-creatividad-de-universitarios","status":"publish","type":"post","link":"https:\/\/www.uv.mx\/prensa\/general\/concurso-nacional-de-puentes-de-carton-desafio-la-creatividad-de-universitarios\/","title":{"rendered":"Concurso Nacional de Puentes de Cart\u00f3n desafi\u00f3 la creatividad de universitarios"},"content":{"rendered":"<ul>\n<li><em>El evento se realiz\u00f3 del 11 al 16 de mayo en la Facultad de Arquitectura UV, con la participaci\u00f3n de m\u00e1s de 70 j\u00f3venes de seis universidades del pa\u00eds<\/em><\/li>\n<li><em>El equipo de la UNAM fue el ganador<\/em><\/li>\n<\/ul>\n<p>&nbsp;<\/p>\n<div id=\"attachment_27154\" style=\"width: 732px\" class=\"wp-caption aligncenter\"><a href=\"https:\/\/www.uv.mx\/prensa\/files\/2017\/05\/Puentes-de-carton-1-190517.jpg\"><img loading=\"lazy\" decoding=\"async\" aria-describedby=\"caption-attachment-27154\" class=\"size-full wp-image-27154\" src=\"https:\/\/www.uv.mx\/prensa\/files\/2017\/05\/Puentes-de-carton-1-190517.jpg\" alt=\"\" width=\"722\" height=\"481\" srcset=\"https:\/\/www.uv.mx\/prensa\/files\/2017\/05\/Puentes-de-carton-1-190517.jpg 722w, https:\/\/www.uv.mx\/prensa\/files\/2017\/05\/Puentes-de-carton-1-190517-300x200.jpg 300w\" sizes=\"auto, (max-width: 722px) 100vw, 722px\" \/><\/a><p id=\"caption-attachment-27154\" class=\"wp-caption-text\">La resistencia de los puentes fue probada con sacos de arena<\/p><\/div>\n<p>&nbsp;<\/p>\n<p><strong><em>Claudia Peralta V\u00e1zquez, Carlos Hugo Hermida Rosales<\/em><\/strong><\/p>\n<p>&nbsp;<\/p>\n<p><strong><em>Xalapa, Ver. 19\/05\/2017. <\/em><\/strong>La Facultad de Arquitectura de la Universidad Veracruzana (UV) fue sede del 7\u00ba Concurso Nacional de Puentes de Cart\u00f3n y Materiales Alternativos, el cual se realiz\u00f3 en esta entidad acad\u00e9mica del 11 al 16 de mayo.<\/p>\n<p>El evento congreg\u00f3 a seis casas de estudio de diferentes partes del pa\u00eds: Universidad de Ecatepec, Universidad Aut\u00f3noma del Estado de Morelos (UAEM), Universidad de Oriente (UO), Universidad de Guadalajara (UDG), Universidad Nacional Aut\u00f3noma de M\u00e9xico (UNAM) y Universidad Veracruzana.<\/p>\n<p>La ganadora del certamen fue la UNAM, cuya estructura soport\u00f3 26 sacos de arena, con un peso de 20 kilogramos (kg) cada uno, para un total de 520 kg; el puente de la Universidad de Ecatepec soport\u00f3 la misma cantidad de sacos, pero ocup\u00f3 el segundo lugar en el criterio de desempate, debido a que utiliz\u00f3 m\u00e1s cantidad de cart\u00f3n para construir su puente.<\/p>\n<p>Luz Ariadna Velasco Montiel, acad\u00e9mica de la Facultad de Arquitectura y organizadora del concurso, declar\u00f3 que el desempe\u00f1o de los chicos de las seis universidades que participaron fue excelente, ya que mostraron gran compa\u00f1erismo y mucho entusiasmo por sacar adelante el trabajo.<\/p>\n<p>&nbsp;<\/p>\n<div id=\"attachment_27157\" style=\"width: 732px\" class=\"wp-caption aligncenter\"><a href=\"https:\/\/www.uv.mx\/prensa\/files\/2017\/05\/Puentes-de-carton-2-190517.jpg\"><img loading=\"lazy\" decoding=\"async\" aria-describedby=\"caption-attachment-27157\" class=\"size-full wp-image-27157\" src=\"https:\/\/www.uv.mx\/prensa\/files\/2017\/05\/Puentes-de-carton-2-190517.jpg\" alt=\"\" width=\"722\" height=\"481\" srcset=\"https:\/\/www.uv.mx\/prensa\/files\/2017\/05\/Puentes-de-carton-2-190517.jpg 722w, https:\/\/www.uv.mx\/prensa\/files\/2017\/05\/Puentes-de-carton-2-190517-300x200.jpg 300w\" sizes=\"auto, (max-width: 722px) 100vw, 722px\" \/><\/a><p id=\"caption-attachment-27157\" class=\"wp-caption-text\">Los puentes construidos presentaron diversos dise\u00f1os y estructura<\/p><\/div>\n<p>&nbsp;<\/p>\n<p>\u201cDise\u00f1ar un puente de cart\u00f3n es una labor complicada, ya que se deben revisar las condiciones del espacio, y con base en ello crear una estructura que se soporte a s\u00ed misma y a cierta cantidad de peso\u201d, mencion\u00f3.<\/p>\n<p>Explic\u00f3 que en la construcci\u00f3n de estas estructuras se emplearon un total de cinco toneladas y media de cart\u00f3n, el cual fue donado por empresas de la regi\u00f3n.<\/p>\n<p>El objetivo del certamen fue que los j\u00f3venes involucraran toda su creatividad, voluntad y capacidad f\u00edsica, e intuyeran qu\u00e9 elementos colocar y c\u00f3mo dise\u00f1ar los puentes para soportar el peso de los sacos de arena, hasta el colapso.<\/p>\n<p>Daniela Garc\u00eda Rold\u00e1n, integrante del equipo de la UNAM, afirm\u00f3 estar feliz por haber obtenido este triunfo, ya que todo el esfuerzo realizado tuvo su recompensa.<\/p>\n<p>\u201cNo fue f\u00e1cil trabajar durante tres d\u00edas y coordinarse con todo el equipo, tuvimos algunas desveladas e incluso nos saltamos algunas comidas, pero al final vali\u00f3 la pena\u201d, narr\u00f3 la joven.<\/p>\n<p>Fernando Flores Rodr\u00edguez, del equipo de la Universidad de Ecatepec, declar\u00f3 estar muy contento por su participaci\u00f3n en el concurso, ya que le permiti\u00f3 dar su m\u00e1ximo esfuerzo y representar dignamente a su casa de estudio.<\/p>\n<p>&nbsp;<\/p>\n<div id=\"attachment_27158\" style=\"width: 732px\" class=\"wp-caption aligncenter\"><a href=\"https:\/\/www.uv.mx\/prensa\/files\/2017\/05\/Puentes-de-carton-3-190517.jpg\"><img loading=\"lazy\" decoding=\"async\" aria-describedby=\"caption-attachment-27158\" class=\"size-full wp-image-27158\" src=\"https:\/\/www.uv.mx\/prensa\/files\/2017\/05\/Puentes-de-carton-3-190517.jpg\" alt=\"\" width=\"722\" height=\"481\" srcset=\"https:\/\/www.uv.mx\/prensa\/files\/2017\/05\/Puentes-de-carton-3-190517.jpg 722w, https:\/\/www.uv.mx\/prensa\/files\/2017\/05\/Puentes-de-carton-3-190517-300x200.jpg 300w\" sizes=\"auto, (max-width: 722px) 100vw, 722px\" \/><\/a><p id=\"caption-attachment-27158\" class=\"wp-caption-text\">Participantes del S\u00e9ptimo Concurso Nacional de Puentes de Cart\u00f3n y Materiales Alternativos, durante la foto del recuerdo<\/p><\/div>\n<p>&nbsp;<\/p>\n<p>Asegur\u00f3 que el trato de la UV a los equipos visitantes fue excelente, ya que en todo momento tuvieron un gran apoyo, por lo cual se siente muy agradecido y espera regresar el pr\u00f3ximo a\u00f1o.<\/p>\n<p>En tanto, M\u00f3nica Cisneros Selem, estudiante de Arquitectura de la UV, manifest\u00f3 que participar en este evento fue una experiencia maravillosa, ya que m\u00e1s que una competencia fue un ambiente festivo en donde pudo convivir con chicos de otras instituciones educativas.<\/p>\n<p>Expres\u00f3 que el concurso le dej\u00f3 una gran ense\u00f1anza, ya que incursion\u00f3 en una actividad nueva y aprendi\u00f3 que las competencias pueden ser sanas y provechosas.<\/p>\n<p>Por su parte, Alfredo Romero Mercado, alumno de sexto semestre en la misma Facultad, comparti\u00f3 que fue la primera vez que particip\u00f3 en este concurso, al cual los convocaron a trav\u00e9s de un filtro en el que tuvieron que realizar un minipuente de cart\u00f3n en un transcurso de seis horas.<\/p>\n<p>&nbsp;<\/p>\n<div id=\"attachment_27159\" style=\"width: 732px\" class=\"wp-caption aligncenter\"><a href=\"https:\/\/www.uv.mx\/prensa\/files\/2017\/05\/Puentes-de-carton-4-190517.jpg\"><img loading=\"lazy\" decoding=\"async\" aria-describedby=\"caption-attachment-27159\" class=\"size-full wp-image-27159\" src=\"https:\/\/www.uv.mx\/prensa\/files\/2017\/05\/Puentes-de-carton-4-190517.jpg\" alt=\"\" width=\"722\" height=\"481\" srcset=\"https:\/\/www.uv.mx\/prensa\/files\/2017\/05\/Puentes-de-carton-4-190517.jpg 722w, https:\/\/www.uv.mx\/prensa\/files\/2017\/05\/Puentes-de-carton-4-190517-300x200.jpg 300w\" sizes=\"auto, (max-width: 722px) 100vw, 722px\" \/><\/a><p id=\"caption-attachment-27159\" class=\"wp-caption-text\">Autoridades de la Facultad de Arquitectura de la UV inauguraron el Concurso Nacional de Puentes de Cart\u00f3n<\/p><\/div>\n<p>&nbsp;<\/p>\n<p><strong>Eficiencia al construir<\/strong><\/p>\n<p>El evento inici\u00f3 el jueves 11 de mayo, con la impartici\u00f3n de conferencias y talleres dirigidos a los participantes. El s\u00e1bado 13, la directora de la Facultad de Arquitectura, Mar\u00eda Guadalupe Noem\u00ed Uehara Guerrero, inaugur\u00f3 la etapa de construcci\u00f3n de los puentes, que se extendi\u00f3 al lunes 15, en el Edificio \u201cD\u201d de la entidad acad\u00e9mica.<\/p>\n<p>D\u00eda y noche, los seis equipos trabajaron continuamente para concretar un prototipo de puente de cart\u00f3n mediante un sistema constructivo y de resistencia, en un claro de ocho metros por dos y medio de altura.<\/p>\n<p>En la evaluaci\u00f3n se tom\u00f3 en cuenta la eficiencia en el uso del material, pues no es necesario utilizar mucho sino distribuirlo bien.<\/p>\n<p>&nbsp;<\/p>\n<div id=\"attachment_27160\" style=\"width: 732px\" class=\"wp-caption aligncenter\"><a href=\"https:\/\/www.uv.mx\/prensa\/files\/2017\/05\/Puentes-de-carton-5-190517.jpg\"><img loading=\"lazy\" decoding=\"async\" aria-describedby=\"caption-attachment-27160\" class=\"size-full wp-image-27160\" src=\"https:\/\/www.uv.mx\/prensa\/files\/2017\/05\/Puentes-de-carton-5-190517.jpg\" alt=\"\" width=\"722\" height=\"481\" srcset=\"https:\/\/www.uv.mx\/prensa\/files\/2017\/05\/Puentes-de-carton-5-190517.jpg 722w, https:\/\/www.uv.mx\/prensa\/files\/2017\/05\/Puentes-de-carton-5-190517-300x200.jpg 300w\" sizes=\"auto, (max-width: 722px) 100vw, 722px\" \/><\/a><p id=\"caption-attachment-27160\" class=\"wp-caption-text\">Fernando Flores Rodr\u00edguez y Alfredo Romero Mercado, estudiantes de Arquitectura<\/p><\/div>\n<p>&nbsp;<\/p>\n<p>Uehara Guerrero dio a conocer que para garantizar el bienestar de los participantes, la UV mont\u00f3 un operativo en materia de seguridad y protecci\u00f3n civil, en el que participaron 45 alumnos de esta instituci\u00f3n, distribuidos en las brigadas de: Evacuaci\u00f3n, Primeros Auxilios, Comunicaci\u00f3n y Enlace.<\/p>\n<p>La Facultad de Arquitectura tambi\u00e9n se encarg\u00f3 de otorgar alimentaci\u00f3n a los participantes, con el fin de que se abocaran al objetivo y por seguridad no tuvieran que salir de las instalaciones del edificio.<\/p>\n<p>Adem\u00e1s, de forma permanente se cont\u00f3 con una ambulancia para brindar atenci\u00f3n m\u00e9dica inmediata, en caso de requerirse.<\/p>\n<p>En la inauguraci\u00f3n, celebrada en el Auditorio \u201cDomingo Garc\u00eda Ramos\u201d de la Facultad, estuvieron: Brahim Abdaly Bautista Gonz\u00e1lez, coordinador general del concurso; Alfonso Rodr\u00edguez Pulido y V\u00edctor Rub\u00e9n Ruiz Arce, coordinador general y representante del grupo de colaboraci\u00f3n Arquitect\u00f3nica, respectivamente.<\/p>\n<p>&nbsp;<\/p>\n","protected":false},"excerpt":{"rendered":"<p><strong><em>Claudia Peralta, Carlos Hugo Hermida.-<\/em><\/strong>La Facultad de Arquitectura de la Universidad Veracruzana (UV) fue sede del 7\u00ba Concurso Nacional de Puentes de Cart\u00f3n y Materiales Alternativos, el cual se realiz\u00f3 en esta entidad acad\u00e9mica del 11 al 16 de mayo.<\/p>\n","protected":false},"author":1810,"featured_media":27153,"comment_status":"closed","ping_status":"closed","sticky":false,"template":"","format":"standard","meta":{"footnotes":""},"categories":[1],"tags":[2],"class_list":["post-27149","post","type-post","status-publish","format-standard","has-post-thumbnail","hentry","category-general","tag-principal"],"_links":{"self":[{"href":"https:\/\/www.uv.mx\/prensa\/wp-json\/wp\/v2\/posts\/27149","targetHints":{"allow":["GET"]}}],"collection":[{"href":"https:\/\/www.uv.mx\/prensa\/wp-json\/wp\/v2\/posts"}],"about":[{"href":"https:\/\/www.uv.mx\/prensa\/wp-json\/wp\/v2\/types\/post"}],"author":[{"embeddable":true,"href":"https:\/\/www.uv.mx\/prensa\/wp-json\/wp\/v2\/users\/1810"}],"replies":[{"embeddable":true,"href":"https:\/\/www.uv.mx\/prensa\/wp-json\/wp\/v2\/comments?post=27149"}],"version-history":[{"count":0,"href":"https:\/\/www.uv.mx\/prensa\/wp-json\/wp\/v2\/posts\/27149\/revisions"}],"wp:featuredmedia":[{"embeddable":true,"href":"https:\/\/www.uv.mx\/prensa\/wp-json\/wp\/v2\/media\/27153"}],"wp:attachment":[{"href":"https:\/\/www.uv.mx\/prensa\/wp-json\/wp\/v2\/media?parent=27149"}],"wp:term":[{"taxonomy":"category","embeddable":true,"href":"https:\/\/www.uv.mx\/prensa\/wp-json\/wp\/v2\/categories?post=27149"},{"taxonomy":"post_tag","embeddable":true,"href":"https:\/\/www.uv.mx\/prensa\/wp-json\/wp\/v2\/tags?post=27149"}],"curies":[{"name":"wp","href":"https:\/\/api.w.org\/{rel}","templated":true}]}}