{"id":26969,"date":"2017-05-18T10:06:04","date_gmt":"2017-05-18T15:06:04","guid":{"rendered":"https:\/\/www.uv.mx\/prensa\/?p=26969"},"modified":"2017-05-22T19:06:26","modified_gmt":"2017-05-23T00:06:26","slug":"uv-galardono-a-jose-antonio-marquez-con-el-premio-al-decano-2017","status":"publish","type":"post","link":"https:\/\/www.uv.mx\/prensa\/general\/uv-galardono-a-jose-antonio-marquez-con-el-premio-al-decano-2017\/","title":{"rendered":"UV galardon\u00f3 a Jos\u00e9 Antonio M\u00e1rquez con el Premio al Decano 2017"},"content":{"rendered":"<ul>\n<li><em>El catedr\u00e1tico de la Especializaci\u00f3n en Promoci\u00f3n de Lectura recibi\u00f3 esta distinci\u00f3n por su amplia trayectoria acad\u00e9mica <\/em><\/li>\n<li><em>Su libro <\/em>Teor\u00eda general de las nulidades<em>, publicado por Editorial Porr\u00faa, alcanz\u00f3 ya la cuarta edici\u00f3n<\/em><\/li>\n<\/ul>\n<p>&nbsp;<\/p>\n<div id=\"attachment_26980\" style=\"width: 732px\" class=\"wp-caption aligncenter\"><a href=\"https:\/\/www.uv.mx\/prensa\/files\/2017\/05\/Jose-Antonio-Marquez-180517.jpg\"><img loading=\"lazy\" decoding=\"async\" aria-describedby=\"caption-attachment-26980\" class=\"size-full wp-image-26980\" src=\"https:\/\/www.uv.mx\/prensa\/files\/2017\/05\/Jose-Antonio-Marquez-180517.jpg\" alt=\"\" width=\"722\" height=\"483\" srcset=\"https:\/\/www.uv.mx\/prensa\/files\/2017\/05\/Jose-Antonio-Marquez-180517.jpg 722w, https:\/\/www.uv.mx\/prensa\/files\/2017\/05\/Jose-Antonio-Marquez-180517-300x201.jpg 300w\" sizes=\"auto, (max-width: 722px) 100vw, 722px\" \/><\/a><p id=\"caption-attachment-26980\" class=\"wp-caption-text\">La comunidad universitaria brind\u00f3 su reconocimiento a los acad\u00e9micos ganadores<\/p><\/div>\n<p>&nbsp;<\/p>\n<p><strong><em>Carlos Hugo Hermida Rosales<\/em><\/strong><\/p>\n<p>&nbsp;<\/p>\n<p><strong><em>Xalapa, Ver., 18\/05\/2017.-<\/em><\/strong> Jos\u00e9 Antonio M\u00e1rquez Gonz\u00e1lez, miembro del n\u00facleo acad\u00e9mico b\u00e1sico de la Especializaci\u00f3n en Promoci\u00f3n de Lectura de la Universidad Veracruzana (UV), se hizo acreedor al Premio al Decano 2017 en el \u00c1rea Acad\u00e9mica de Humanidades, el cual le fue conferido por esta casa de estudio debido a su amplia trayectoria como docente.<\/p>\n<p>Adem\u00e1s de ser catedr\u00e1tico titular en la UV, M\u00e1rquez Gonz\u00e1lez es profesor visitante en diversas universidades del pa\u00eds y en otras instituciones como la Universidad Notarial Argentina (UNA) en Buenos Aires, Argentina; la Universidad Cat\u00f3lica de Santiago de Guayaquil, Ecuador, y la Escuela Peruana de Derecho Notarial y Registral, en Lima, Per\u00fa.<\/p>\n<p>Fue Presidente del Seminario de Cultura Mexicana, corresponsal\u00eda en Orizaba, por m\u00e1s de 12 a\u00f1os, durante los cuales organiz\u00f3 m\u00e1s de 100 eventos culturales como conferencias, mesas redondas, conciertos, presentaciones de libros y exposiciones art\u00edsticas con personajes de la talla de Arturo Azuela Aguirre, Luis Herrera de la Fuente, Fernando D\u00edez de Urdanivia, Sergio Garc\u00eda Ram\u00edrez, Jorge Salda\u00f1a, Jacqueline Peschard, Horacio Flores S\u00e1nchez, Luis Arnal Sim\u00f3n, Juan Jos\u00e9 Escorza, Jaime A. Morera, Ruy P\u00e9rez Tamayo y muchas personalidades m\u00e1s del mundo del arte, de la cultura, de la literatura, del entretenimiento y de la pol\u00edtica.<\/p>\n<p>A la fecha ha impartido 426 conferencias en distintas universidades y foros acad\u00e9micos en M\u00e9xico y otros pa\u00edses de Latinoam\u00e9rica. Fue Director de la revista\u00a0<em>Escribano<\/em>\u00a0del Colegio Nacional del Notariado Mexicano, Presidente de la Academia Notarial Americana y Presidente de la Comisi\u00f3n de\u00a0Integraci\u00f3n y Tratados de la Comisi\u00f3n de Asuntos Americanos.<\/p>\n<p>Su libro\u00a0<em>Teor\u00eda general de las nulidades<\/em>, publicado por Editorial Porr\u00faa, alcanz\u00f3 ya la cuarta edici\u00f3n. Asimismo es autor del reporte\u00a0<em>Family Law in Mexico<\/em>, redactado especialmente para la\u00a0<em>International Encyclopaedia of Laws<\/em><em>\u00a0<\/em>editada en La Haya, del cual prepara la tercera edici\u00f3n.<\/p>\n","protected":false},"excerpt":{"rendered":"<p><strong><em>Carlos Hugo Hermida.-<\/em><\/strong>Jos\u00e9 Antonio M\u00e1rquez Gonz\u00e1lez, miembro del nucle\u00f3 acad\u00e9mico b\u00e1sico de la Especializaci\u00f3n en Promoci\u00f3n de Lectura de la Universidad Veracruzana (UV), se hizo acreedor al Premio al Decano 2017 en el \u00c1rea Acad\u00e9mica de Humanidades, el cual le fue conferido por esta casa de estudio debido a su amplia trayectoria como docente.<\/p>\n","protected":false},"author":1810,"featured_media":26974,"comment_status":"closed","ping_status":"closed","sticky":false,"template":"","format":"standard","meta":{"footnotes":""},"categories":[1],"tags":[3],"class_list":["post-26969","post","type-post","status-publish","format-standard","has-post-thumbnail","hentry","category-general","tag-secundarias"],"_links":{"self":[{"href":"https:\/\/www.uv.mx\/prensa\/wp-json\/wp\/v2\/posts\/26969","targetHints":{"allow":["GET"]}}],"collection":[{"href":"https:\/\/www.uv.mx\/prensa\/wp-json\/wp\/v2\/posts"}],"about":[{"href":"https:\/\/www.uv.mx\/prensa\/wp-json\/wp\/v2\/types\/post"}],"author":[{"embeddable":true,"href":"https:\/\/www.uv.mx\/prensa\/wp-json\/wp\/v2\/users\/1810"}],"replies":[{"embeddable":true,"href":"https:\/\/www.uv.mx\/prensa\/wp-json\/wp\/v2\/comments?post=26969"}],"version-history":[{"count":0,"href":"https:\/\/www.uv.mx\/prensa\/wp-json\/wp\/v2\/posts\/26969\/revisions"}],"wp:featuredmedia":[{"embeddable":true,"href":"https:\/\/www.uv.mx\/prensa\/wp-json\/wp\/v2\/media\/26974"}],"wp:attachment":[{"href":"https:\/\/www.uv.mx\/prensa\/wp-json\/wp\/v2\/media?parent=26969"}],"wp:term":[{"taxonomy":"category","embeddable":true,"href":"https:\/\/www.uv.mx\/prensa\/wp-json\/wp\/v2\/categories?post=26969"},{"taxonomy":"post_tag","embeddable":true,"href":"https:\/\/www.uv.mx\/prensa\/wp-json\/wp\/v2\/tags?post=26969"}],"curies":[{"name":"wp","href":"https:\/\/api.w.org\/{rel}","templated":true}]}}