{"id":26764,"date":"2017-05-13T17:06:37","date_gmt":"2017-05-13T22:06:37","guid":{"rendered":"https:\/\/www.uv.mx\/prensa\/?p=26764"},"modified":"2017-05-14T12:57:41","modified_gmt":"2017-05-14T17:57:41","slug":"uv-premio-a-sus-mejores-coros-universitarios","status":"publish","type":"post","link":"https:\/\/www.uv.mx\/prensa\/general\/uv-premio-a-sus-mejores-coros-universitarios\/","title":{"rendered":"UV premi\u00f3 a sus mejores ensambles corales"},"content":{"rendered":"<p>&nbsp;<\/p>\n<p><i>\u2022 11 agrupaciones representaron las cinco regiones de la m\u00e1xima casa de estudios de Veracruz<br \/>\n\u2022 232 estudiantes, maestros y trabajadores participaron en la convocatoria<\/i><\/p>\n<div id=\"attachment_26765\" style=\"width: 732px\" class=\"wp-caption aligncenter\"><a href=\"https:\/\/www.uv.mx\/prensa\/files\/2017\/05\/IMG_0073.JPG\"><img loading=\"lazy\" decoding=\"async\" aria-describedby=\"caption-attachment-26765\" class=\"size-full wp-image-26765\" src=\"https:\/\/www.uv.mx\/prensa\/files\/2017\/05\/IMG_0073.JPG\" alt=\"La UV celebr\u00f3 el II Festival de Coros Universitarios con la participaci\u00f3n de sus cinco regiones \" width=\"722\" height=\"481\" srcset=\"https:\/\/www.uv.mx\/prensa\/files\/2017\/05\/IMG_0073.JPG 722w, https:\/\/www.uv.mx\/prensa\/files\/2017\/05\/IMG_0073-300x200.jpg 300w\" sizes=\"auto, (max-width: 722px) 100vw, 722px\" \/><\/a><p id=\"caption-attachment-26765\" class=\"wp-caption-text\">La UV celebr\u00f3 el II Festival de Coros Universitarios con la participaci\u00f3n de sus cinco regiones<\/p><\/div>\n<p>&nbsp;<br \/>\n<b><i>Lucero Mercedes Cruz Porras<\/i><\/b><\/p>\n<p><b><i><br \/>\nXalapa, Ver.- 13\/05\/17.<\/i><\/b> Las autoridades de la Universidad Veracruzana (UV) reconocieron el esfuerzo de los 232 participantes, que conformaron los 11 ensambles que compitieron en el II Festival de Coros Universitarios, y otorgaron premios a los tres primeros lugares de las dos categor\u00edas establecidas as\u00ed como menciones honor\u00edficas.<\/p>\n<p>&nbsp;<br \/>\nEn la Sala Anexa del Centro Cultural Tlaqn\u00e1, con la presencia de autoridades universitarias y del comit\u00e9 de honor del festival, se efectu\u00f3 la ceremonia de premiaci\u00f3n, luego de tres d\u00edas en los que prevaleci\u00f3 un esp\u00edritu de uni\u00f3n por el arte, y gracias al trabajo conjunto de la Direcci\u00f3n General de Difusi\u00f3n Cultural y el \u00c1rea Acad\u00e9mica de Artes.<\/p>\n<p>&nbsp;<br \/>\nEn este sentido, los miembros del jurado, Betania L\u00f3pez S\u00e1nchez \u2013directora del Coro de la UV-, Ryszard Siwy \u2013destacado compositor y premio al Decano UV, 2007-, Jos\u00e9 Patricio Mendoza Morales \u2013profesor del Centro de Iniciaci\u00f3n Musical Infantil y Eduardo Soto Mill\u00e1n \u2013director de Grupos Art\u00edsticos-, deliberaron los siguientes resultados:<\/p>\n<p>&nbsp;<br \/>\nDe la Categor\u00eda A \u2013dirigida a alumnos, egresados, maestros y trabajadores de cualquier entidad de la instituci\u00f3n- recibi\u00f3 menci\u00f3n honor\u00edfica Marco Antonio Valenzuela Mendoza, director del Ensamble Bacchanale (Xalapa); en tanto que Javier Varela Aguirre, responsable del Coro Regional UV Orizaba-C\u00f3rdoba, fue nombrado como mejor director.<\/p>\n<p>&nbsp;<\/p>\n<div id=\"attachment_26768\" style=\"width: 732px\" class=\"wp-caption aligncenter\"><a href=\"https:\/\/www.uv.mx\/prensa\/files\/2017\/05\/IMG_0076.JPG\"><img loading=\"lazy\" decoding=\"async\" aria-describedby=\"caption-attachment-26768\" class=\"size-full wp-image-26768\" src=\"https:\/\/www.uv.mx\/prensa\/files\/2017\/05\/IMG_0076.JPG\" alt=\"\" width=\"722\" height=\"481\" srcset=\"https:\/\/www.uv.mx\/prensa\/files\/2017\/05\/IMG_0076.JPG 722w, https:\/\/www.uv.mx\/prensa\/files\/2017\/05\/IMG_0076-300x200.jpg 300w\" sizes=\"auto, (max-width: 722px) 100vw, 722px\" \/><\/a><p id=\"caption-attachment-26768\" class=\"wp-caption-text\">El evento se realiz\u00f3 en la Sala Anexa de Tlaqn\u00e1<\/p><\/div>\n<p>&nbsp;<br \/>\nLos grupos destacados fueron, en tercer lugar, el proyecto Mixcoacalli (Xalapa) \u2013dirigido por Marco Antonio Valenzuela Mendoza-; en segundo lugar, el Ensamble IFUVER, de la regi\u00f3n Veracruz \u2013dirigido por Guillermo Rodr\u00edguez Santiago-, y el primer lugar, lo obtuvo el Coro Regional UV Orizaba-C\u00f3rdoba, bajo la direcci\u00f3n de Javier Varela.<\/p>\n<p>&nbsp;<br \/>\nEn la Categor\u00eda B, que contempl\u00f3 alumnos, egresados y maestros de la Facultad de M\u00fasica, el primer lugar fue para el coro Veracanto \u2013bajo la direcci\u00f3n de Noel Josafat Garc\u00eda Melo-; el lugar dos para Vox Populi Project \u2013bajo la batuta de Julio C\u00e9sar Morales Pineda. Y la tercera posici\u00f3n la ganaron los integrantes del conjunto Corus Altus, dirigido por Noel Josafat Garc\u00eda Melo.<\/p>\n<p>&nbsp;<br \/>\nEn esta misma categor\u00eda recibieron menci\u00f3n honor\u00edfica Julio C\u00e9sar Morales Pineda, director del coro Vox Populi Project (Xalapa), y Noel Josafat Garc\u00eda Melo, titular del grupo Corus Altus (Xalapa), fue distinguido como mejor director.<\/p>\n<p>&nbsp;<br \/>\nLos reconocimientos fueron entregados por la rectora Sara Ladr\u00f3n de Guevara, quien despu\u00e9s de la premiaci\u00f3n enunci\u00f3 un sentido discurso en torno al profundo compromiso de la Universidad Veracruzana con el arte y la cultura.<\/p>\n<p>&nbsp;<br \/>\nLadr\u00f3n de Guevara destac\u00f3 que hoy m\u00e1s que nunca, dada la situaci\u00f3n social que impera, es fundamental que la formaci\u00f3n de los universitarios sea integral, y nada mejor que el arte para sensibilizarlos; por ello, dijo: \u201ccelebro la reuni\u00f3n de grupos que comparten su voz, su h\u00e1lito humano de comprensi\u00f3n, en el camino a la profesionalizaci\u00f3n de cada una de sus disciplinas acad\u00e9micas\u201d.<\/p>\n<p>&nbsp;<br \/>\nAdem\u00e1s, la Rectora, agradeci\u00f3 el inter\u00e9s de todas las agrupaciones que respondieron a esta segunda convocatoria, porque constata que el festival de coros ya comienza a enraizarse en la Universidad. Dese\u00f3 que contin\u00fae en las pr\u00f3ximas administraciones y se consolide como una cita indispensable para el talento de la comunidad escolar en los pr\u00f3ximos a\u00f1os.<\/p>\n<p>&nbsp;<\/p>\n<div id=\"attachment_26770\" style=\"width: 732px\" class=\"wp-caption aligncenter\"><a href=\"https:\/\/www.uv.mx\/prensa\/files\/2017\/05\/IMG_0077.JPG\"><img loading=\"lazy\" decoding=\"async\" aria-describedby=\"caption-attachment-26770\" class=\"wp-image-26770 size-full\" src=\"https:\/\/www.uv.mx\/prensa\/files\/2017\/05\/IMG_0077.JPG\" alt=\"\u201cDefendamos nuestra universidad a trav\u00e9s del arte y la cultura\u201d, dijo Sara Ladr\u00f3n de Guevara\" width=\"722\" height=\"481\" srcset=\"https:\/\/www.uv.mx\/prensa\/files\/2017\/05\/IMG_0077.JPG 722w, https:\/\/www.uv.mx\/prensa\/files\/2017\/05\/IMG_0077-300x200.jpg 300w\" sizes=\"auto, (max-width: 722px) 100vw, 722px\" \/><\/a><p id=\"caption-attachment-26770\" class=\"wp-caption-text\">\u201cDefendamos nuestra universidad a trav\u00e9s del arte y la cultura\u201d, dijo Sara Ladr\u00f3n de Guevara<\/p><\/div>\n<p>&nbsp;<br \/>\nPara finalizar, invit\u00f3 a los presentes, entre quienes se encontraban Esther Hern\u00e1ndez Palacios, directora de Difusi\u00f3n Cultural; Miguel Flores Covarrubias, director del \u00e1rea Acad\u00e9mica de Artes; Raciel Mart\u00ednez G\u00f3mez, titular de la Direcci\u00f3n General de Comunicaci\u00f3n Universitaria; adem\u00e1s del p\u00fablico en general, a entonar el himno el Himno a la Universidad Veracruzana \u2013escrito por Francisco Morosini y musicalizado por Ryszard Siwy.<\/p>\n<p>&nbsp;<\/p>\n<p><b><i>Por el arte que nos hace comunidad<\/i><\/b><br \/>\nEn la ceremonia hubo dos intervenciones musicales inolvidables, que confirmaron la importancia de este tipo de espacios para el desenvolvimiento art\u00edstico y personal de los estudiantes. En un primer momento, se disfrut\u00f3 la presencia del Coro Voz de la Niebla, un proyecto integrado por ni\u00f1os y j\u00f3venes y dirigido por Guillermo Rom\u00e1n Reyes \u2013quienes interpretaron melod\u00edas como Eleanor Rigby, Ave Mar\u00eda y Didn\u00b4t my Lord.<\/p>\n<p>Posteriormente se present\u00f3 el Coro Monumental, dirigido por Betania L\u00f3pez S\u00e1nchez, una orquesta conformada por todas las voces del Festival, \u201cun ensamble que s\u00f3lo los dioses gozan\u201d, agreg\u00f3 la maestra; las piezas interpretadas fueron Il Carnevale di Venezia \u2013del compositor Gioachino Rossini.<\/p>\n","protected":false},"excerpt":{"rendered":"<p><strong><em>Lucero Mercedes Cruz Porras.-<\/em><\/strong>Las autoridades de la Universidad Veracruzana (UV) reconocieron el esfuerzo de los 232 participantes, que conformaron los 11 ensambles que compitieron en el II Festival de Coros Universitarios, y otorgaron premios a los tres primeros lugares de las dos categor\u00edas establecidas as\u00ed como menciones honor\u00edficas.<\/p>\n","protected":false},"author":1777,"featured_media":26767,"comment_status":"closed","ping_status":"closed","sticky":false,"template":"","format":"standard","meta":{"footnotes":""},"categories":[1],"tags":[2],"class_list":["post-26764","post","type-post","status-publish","format-standard","has-post-thumbnail","hentry","category-general","tag-principal"],"_links":{"self":[{"href":"https:\/\/www.uv.mx\/prensa\/wp-json\/wp\/v2\/posts\/26764","targetHints":{"allow":["GET"]}}],"collection":[{"href":"https:\/\/www.uv.mx\/prensa\/wp-json\/wp\/v2\/posts"}],"about":[{"href":"https:\/\/www.uv.mx\/prensa\/wp-json\/wp\/v2\/types\/post"}],"author":[{"embeddable":true,"href":"https:\/\/www.uv.mx\/prensa\/wp-json\/wp\/v2\/users\/1777"}],"replies":[{"embeddable":true,"href":"https:\/\/www.uv.mx\/prensa\/wp-json\/wp\/v2\/comments?post=26764"}],"version-history":[{"count":0,"href":"https:\/\/www.uv.mx\/prensa\/wp-json\/wp\/v2\/posts\/26764\/revisions"}],"wp:featuredmedia":[{"embeddable":true,"href":"https:\/\/www.uv.mx\/prensa\/wp-json\/wp\/v2\/media\/26767"}],"wp:attachment":[{"href":"https:\/\/www.uv.mx\/prensa\/wp-json\/wp\/v2\/media?parent=26764"}],"wp:term":[{"taxonomy":"category","embeddable":true,"href":"https:\/\/www.uv.mx\/prensa\/wp-json\/wp\/v2\/categories?post=26764"},{"taxonomy":"post_tag","embeddable":true,"href":"https:\/\/www.uv.mx\/prensa\/wp-json\/wp\/v2\/tags?post=26764"}],"curies":[{"name":"wp","href":"https:\/\/api.w.org\/{rel}","templated":true}]}}