{"id":26543,"date":"2017-05-09T20:37:15","date_gmt":"2017-05-10T01:37:15","guid":{"rendered":"https:\/\/www.uv.mx\/prensa\/?p=26543"},"modified":"2017-05-09T20:37:15","modified_gmt":"2017-05-10T01:37:15","slug":"uv-presento-agenda-plataforma-web-de-eventos-universitarios","status":"publish","type":"post","link":"https:\/\/www.uv.mx\/prensa\/general\/uv-presento-agenda-plataforma-web-de-eventos-universitarios\/","title":{"rendered":"UV present\u00f3 \u201cAgenda\u201d, plataforma  web de eventos universitarios"},"content":{"rendered":"<div id=\"attachment_26544\" style=\"width: 1034px\" class=\"wp-caption aligncenter\"><a href=\"https:\/\/www.uv.mx\/prensa\/files\/2017\/05\/Agenda-universitaria.jpg\"><img loading=\"lazy\" decoding=\"async\" aria-describedby=\"caption-attachment-26544\" class=\"wp-image-26544 size-full\" src=\"https:\/\/www.uv.mx\/prensa\/files\/2017\/05\/Agenda-universitaria.jpg\" alt=\"El proyecto de Agenda Universitaria fue mostrado a autoridades universitarias y directores de \u00e1rea\" width=\"1024\" height=\"683\" srcset=\"https:\/\/www.uv.mx\/prensa\/files\/2017\/05\/Agenda-universitaria.jpg 1024w, https:\/\/www.uv.mx\/prensa\/files\/2017\/05\/Agenda-universitaria-300x200.jpg 300w, https:\/\/www.uv.mx\/prensa\/files\/2017\/05\/Agenda-universitaria-768x512.jpg 768w\" sizes=\"auto, (max-width: 1024px) 100vw, 1024px\" \/><\/a><p id=\"caption-attachment-26544\" class=\"wp-caption-text\">El proyecto de Agenda Universitaria fue mostrado a autoridades universitarias y directores de \u00e1rea<\/p><\/div>\n<p>&nbsp;<\/p>\n<p>&nbsp;<\/p>\n<ul>\n<li><em>Administrar\u00e1 la publicaci\u00f3n y gesti\u00f3n de las actividades acad\u00e9micas, deportivas, art\u00edsticas e institucionales de la universidad<\/em><\/li>\n<\/ul>\n<p><strong>\u00a0<\/strong><\/p>\n<p><strong><em>Carlos Hugo Hermida Rosales<\/em><\/strong><\/p>\n<p><strong><em>\u00a0<\/em><\/strong><\/p>\n<p><strong><em>09\/05\/2017\/ Xalapa, Ver.-<\/em><\/strong> La Direcci\u00f3n General de Tecnolog\u00eda de la Informaci\u00f3n (DGTI) de la Universidad Veracruzana (UV) present\u00f3 hoy \u201cAgenda\u201d, una plataforma <em>web<\/em> que conjuntar\u00e1 en el portal institucional de esta casa de estudios los eventos acad\u00e9micos, deportivos, art\u00edsticos e institucionales de la Universidad.<\/p>\n<p>A trav\u00e9s de la plataforma, los organizadores podr\u00e1n hacer p\u00fablicos los eventos a su cargo mientras que los usuarios universitarios y el p\u00fablico general podr\u00e1n conocer el calendario y los detalles de las actividades en todas sus \u00e1reas, adem\u00e1s de que podr\u00e1n solicitar el ingreso a los mismos y obtener la informaci\u00f3n necesaria.<\/p>\n<p>Para realizar esta plataforma, la DGTI cont\u00f3 con el apoyo de la Direcci\u00f3n General de Comunicaci\u00f3n Universitaria (DGCU), la Direcci\u00f3n General de Difusi\u00f3n Cultural (DGDC), la Direcci\u00f3n de Actividades Deportivas (DADUV) y la Secretar\u00eda Acad\u00e9mica.<\/p>\n<p>Con \u201cAgenda\u201d el usuario tendr\u00e1 a la vista fecha, lugar y hora de los eventos acad\u00e9micos a realizarse, identificados por colores: coloquios y conferencias (azul); art\u00edsticos como conciertos y exposiciones (morado), deportivos como torneos universitarios (naranja), e institucionales como informes y consejos universitarios en color verde.<\/p>\n<p>Sara Ladr\u00f3n de Guevara, Rectora de la UV, celebr\u00f3 la implementaci\u00f3n de esta agenda toda vez que, dijo, es un deber institucional dar cuenta a la sociedad del quehacer universitario.<\/p>\n<p>Expres\u00f3, adem\u00e1s, que esta herramienta brindar\u00e1 una mayor difusi\u00f3n y alcance a los esfuerzos que ya se hacen dentro de la universidad y que muchas veces no son visibles fuera de ella.<\/p>\n","protected":false},"excerpt":{"rendered":"<p><strong><em>Carlos Hugo Hermida Rosales.-<\/em><\/strong> La Direcci\u00f3n General de Tecnolog\u00eda de la Informaci\u00f3n present\u00f3 la plataforma web \u201cAgenda\u201d, que conjuntar\u00e1 en el portal de la Universidad los eventos acad\u00e9micos, deportivos, art\u00edsticos e institucionales <\/p>\n","protected":false},"author":1508,"featured_media":26545,"comment_status":"closed","ping_status":"closed","sticky":false,"template":"","format":"standard","meta":{"footnotes":""},"categories":[1],"tags":[2],"class_list":["post-26543","post","type-post","status-publish","format-standard","has-post-thumbnail","hentry","category-general","tag-principal"],"_links":{"self":[{"href":"https:\/\/www.uv.mx\/prensa\/wp-json\/wp\/v2\/posts\/26543","targetHints":{"allow":["GET"]}}],"collection":[{"href":"https:\/\/www.uv.mx\/prensa\/wp-json\/wp\/v2\/posts"}],"about":[{"href":"https:\/\/www.uv.mx\/prensa\/wp-json\/wp\/v2\/types\/post"}],"author":[{"embeddable":true,"href":"https:\/\/www.uv.mx\/prensa\/wp-json\/wp\/v2\/users\/1508"}],"replies":[{"embeddable":true,"href":"https:\/\/www.uv.mx\/prensa\/wp-json\/wp\/v2\/comments?post=26543"}],"version-history":[{"count":0,"href":"https:\/\/www.uv.mx\/prensa\/wp-json\/wp\/v2\/posts\/26543\/revisions"}],"wp:featuredmedia":[{"embeddable":true,"href":"https:\/\/www.uv.mx\/prensa\/wp-json\/wp\/v2\/media\/26545"}],"wp:attachment":[{"href":"https:\/\/www.uv.mx\/prensa\/wp-json\/wp\/v2\/media?parent=26543"}],"wp:term":[{"taxonomy":"category","embeddable":true,"href":"https:\/\/www.uv.mx\/prensa\/wp-json\/wp\/v2\/categories?post=26543"},{"taxonomy":"post_tag","embeddable":true,"href":"https:\/\/www.uv.mx\/prensa\/wp-json\/wp\/v2\/tags?post=26543"}],"curies":[{"name":"wp","href":"https:\/\/api.w.org\/{rel}","templated":true}]}}