{"id":25982,"date":"2017-04-29T07:00:38","date_gmt":"2017-04-29T12:00:38","guid":{"rendered":"https:\/\/www.uv.mx\/prensa\/?p=25982"},"modified":"2017-05-02T13:57:41","modified_gmt":"2017-05-02T18:57:41","slug":"emiliano-godoy-destaco-potencial-creativo-de-estudiantes-de-arquitectura-uv","status":"publish","type":"post","link":"https:\/\/www.uv.mx\/prensa\/general\/emiliano-godoy-destaco-potencial-creativo-de-estudiantes-de-arquitectura-uv\/","title":{"rendered":"Emiliano Godoy destac\u00f3 potencial creativo  de estudiantes de Arquitectura UV"},"content":{"rendered":"<ul>\n<li><em>El especialista en dise\u00f1o industrial celebr\u00f3 que los<\/em><em> j\u00f3venes realizaron en dos d\u00edas, un trabajo que llega a extenderse hasta un semestre<\/em><\/li>\n<\/ul>\n<p>&nbsp;<\/p>\n<div id=\"attachment_25986\" style=\"width: 732px\" class=\"wp-caption aligncenter\"><a href=\"https:\/\/www.uv.mx\/prensa\/files\/2017\/04\/Clausura-Macro-Taller-1-280417.jpg\"><img loading=\"lazy\" decoding=\"async\" aria-describedby=\"caption-attachment-25986\" class=\"size-full wp-image-25986\" src=\"https:\/\/www.uv.mx\/prensa\/files\/2017\/04\/Clausura-Macro-Taller-1-280417.jpg\" alt=\"\" width=\"722\" height=\"481\" srcset=\"https:\/\/www.uv.mx\/prensa\/files\/2017\/04\/Clausura-Macro-Taller-1-280417.jpg 722w, https:\/\/www.uv.mx\/prensa\/files\/2017\/04\/Clausura-Macro-Taller-1-280417-300x200.jpg 300w\" sizes=\"auto, (max-width: 722px) 100vw, 722px\" \/><\/a><p id=\"caption-attachment-25986\" class=\"wp-caption-text\">En 41 sillas intervenidas los chicos hicieron gala de su creatividad<\/p><\/div>\n<p>&nbsp;<\/p>\n<p><strong><em>Carlos Hugo Hermida Rosales<\/em><\/strong><\/p>\n<p>&nbsp;<\/p>\n<p><strong><em>Xalapa, Ver., 29\/04\/2017.-<\/em><\/strong> Emiliano Godoy, dise\u00f1ador industrial\u00a0de amplia trayectoria, afirm\u00f3 que los estudiantes de la Facultad de Arquitectura de la Universidad Veracruzana (UV) poseen un gran potencial creativo, el cual puede ser usado para fortalecer la industria del dise\u00f1o en M\u00e9xico, durante la clausura del Macrotaller Objeto\u00a0<em>Comex<\/em>, realizado por esta entidad acad\u00e9mica los d\u00edas 25 y 26 de abril.<\/p>\n<p>El profesional del dise\u00f1o comparti\u00f3 que los chicos que participaron en este taller realizaron en dos d\u00edas un trabajo que en algunos casos llega a extenderse hasta un semestre.<\/p>\n<p>Alfredo Cerqueda M\u00e9ndez, catedr\u00e1tico de la Facultad de Arquitectura, asegur\u00f3 que la participaci\u00f3n de los j\u00f3venes en el Macrotaller Objeto\u00a0<em>Comex<\/em> \u2013en el que brindaron color y dise\u00f1o a un objeto funcional de madera, en este caso\u00a0una silla\u2013 fue extraordinario, ya que se enfrentaron a las problem\u00e1ticas creativas y de color, y aprendieron a aplicar \u00e9ste a sus propuestas arquitect\u00f3nicas.<\/p>\n<p>&nbsp;<\/p>\n<div id=\"attachment_25988\" style=\"width: 732px\" class=\"wp-caption aligncenter\"><a href=\"https:\/\/www.uv.mx\/prensa\/files\/2017\/04\/Clausura-Macro-Taller-2-280417.jpg\"><img loading=\"lazy\" decoding=\"async\" aria-describedby=\"caption-attachment-25988\" class=\"size-full wp-image-25988\" src=\"https:\/\/www.uv.mx\/prensa\/files\/2017\/04\/Clausura-Macro-Taller-2-280417.jpg\" alt=\"\" width=\"722\" height=\"481\" srcset=\"https:\/\/www.uv.mx\/prensa\/files\/2017\/04\/Clausura-Macro-Taller-2-280417.jpg 722w, https:\/\/www.uv.mx\/prensa\/files\/2017\/04\/Clausura-Macro-Taller-2-280417-300x200.jpg 300w\" sizes=\"auto, (max-width: 722px) 100vw, 722px\" \/><\/a><p id=\"caption-attachment-25988\" class=\"wp-caption-text\">El color fue un elemento importante dentro del taller<\/p><\/div>\n<p>&nbsp;<\/p>\n<p>Coment\u00f3 que muchas veces dentro del dise\u00f1o s\u00f3lo se utiliza el color blanco ya que se le teme a los dem\u00e1s colores, pero enunci\u00f3 que M\u00e9xico es un pa\u00eds multicolor, por lo cual no se debe temer usarlos: \u201cLas 41 sillas intervenidas dentro de este taller muestran el gran semillero de talento con que cuenta la Facultad\u201d, expres\u00f3.<\/p>\n<p>\u00c1ngel David Garc\u00eda Arce, estudiante de sexto semestre, mencion\u00f3 que con el trabajo realizado en la silla que le fue asignada, busc\u00f3 mostrar la p\u00e9rdida de identidad que ha sufrido M\u00e9xico, pues actualmente la sociedad est\u00e1 preocupada por otras situaciones y problemas y ha olvidado de lo que puede significar el pa\u00eds.<\/p>\n<p>El joven mencion\u00f3 que le dej\u00f3 una buena experiencia su participaci\u00f3n dentro de este taller, ya que labor\u00f3 con compa\u00f1eros que poseen una distinta forma de pensar, lo cual le otorg\u00f3 una retroalimentaci\u00f3n excelente.<\/p>\n<p>Tomas Carre\u00f3n Mart\u00ednez, quien tambi\u00e9n cursa el sexto semestre, relat\u00f3 que su participaci\u00f3n en el taller le deja una gran experiencia ya que pudo explorar su mente y dar su mejor esfuerzo, que es con lo que se queda.<\/p>\n<p>El universitario mencion\u00f3 en este proceso adquiri\u00f3 mucho conocimiento pues pudo jugar con errores, hecho que le sirve para crecer como persona y futuro arquitecto.<\/p>\n<div id=\"attachment_25989\" style=\"width: 732px\" class=\"wp-caption aligncenter\"><a href=\"https:\/\/www.uv.mx\/prensa\/files\/2017\/04\/Clausura-Macro-Taller-3-280417.jpg\"><img loading=\"lazy\" decoding=\"async\" aria-describedby=\"caption-attachment-25989\" class=\"size-full wp-image-25989\" src=\"https:\/\/www.uv.mx\/prensa\/files\/2017\/04\/Clausura-Macro-Taller-3-280417.jpg\" alt=\"\" width=\"722\" height=\"481\" srcset=\"https:\/\/www.uv.mx\/prensa\/files\/2017\/04\/Clausura-Macro-Taller-3-280417.jpg 722w, https:\/\/www.uv.mx\/prensa\/files\/2017\/04\/Clausura-Macro-Taller-3-280417-300x200.jpg 300w\" sizes=\"auto, (max-width: 722px) 100vw, 722px\" \/><\/a><p id=\"caption-attachment-25989\" class=\"wp-caption-text\">Tomas Carre\u00f3n Mart\u00ednez<\/p><\/div>\n","protected":false},"excerpt":{"rendered":"<p><strong><em>Carlos Hugo Hermida .-<\/em><\/strong>Emiliano Godoy, dise\u00f1ador industrial de amplia trayectoria, afirm\u00f3 que los estudiantes de la Facultad de Arquitectura de la Universidad Veracruzana (UV) poseen un gran potencial creativo, el cual puede ser usado para fortalecer la industria del dise\u00f1o en M\u00e9xico, durante la clausura del Macrotaller Objeto Comex, realizado por esta entidad acad\u00e9mica los d\u00edas 25 y 26 de abril.<\/p>\n","protected":false},"author":1810,"featured_media":25990,"comment_status":"closed","ping_status":"closed","sticky":false,"template":"","format":"standard","meta":{"footnotes":""},"categories":[1],"tags":[3],"class_list":["post-25982","post","type-post","status-publish","format-standard","has-post-thumbnail","hentry","category-general","tag-secundarias"],"_links":{"self":[{"href":"https:\/\/www.uv.mx\/prensa\/wp-json\/wp\/v2\/posts\/25982","targetHints":{"allow":["GET"]}}],"collection":[{"href":"https:\/\/www.uv.mx\/prensa\/wp-json\/wp\/v2\/posts"}],"about":[{"href":"https:\/\/www.uv.mx\/prensa\/wp-json\/wp\/v2\/types\/post"}],"author":[{"embeddable":true,"href":"https:\/\/www.uv.mx\/prensa\/wp-json\/wp\/v2\/users\/1810"}],"replies":[{"embeddable":true,"href":"https:\/\/www.uv.mx\/prensa\/wp-json\/wp\/v2\/comments?post=25982"}],"version-history":[{"count":0,"href":"https:\/\/www.uv.mx\/prensa\/wp-json\/wp\/v2\/posts\/25982\/revisions"}],"wp:featuredmedia":[{"embeddable":true,"href":"https:\/\/www.uv.mx\/prensa\/wp-json\/wp\/v2\/media\/25990"}],"wp:attachment":[{"href":"https:\/\/www.uv.mx\/prensa\/wp-json\/wp\/v2\/media?parent=25982"}],"wp:term":[{"taxonomy":"category","embeddable":true,"href":"https:\/\/www.uv.mx\/prensa\/wp-json\/wp\/v2\/categories?post=25982"},{"taxonomy":"post_tag","embeddable":true,"href":"https:\/\/www.uv.mx\/prensa\/wp-json\/wp\/v2\/tags?post=25982"}],"curies":[{"name":"wp","href":"https:\/\/api.w.org\/{rel}","templated":true}]}}