{"id":25847,"date":"2017-04-27T16:11:33","date_gmt":"2017-04-27T21:11:33","guid":{"rendered":"https:\/\/www.uv.mx\/prensa\/?p=25847"},"modified":"2017-04-27T16:11:33","modified_gmt":"2017-04-27T21:11:33","slug":"rodada-ciclista-convoco-a-mas-de-100-participantes","status":"publish","type":"post","link":"https:\/\/www.uv.mx\/prensa\/deportes\/rodada-ciclista-convoco-a-mas-de-100-participantes\/","title":{"rendered":"Rodada Ciclista convoc\u00f3 a m\u00e1s de 100 participantes"},"content":{"rendered":"<ul>\n<li><em>La Facultad de Contadur\u00eda y Administraci\u00f3n organiz\u00f3 el evento como parte de la Semana de Vinculaci\u00f3n<\/em><\/li>\n<\/ul>\n<p>&nbsp;<\/p>\n<div id=\"attachment_25848\" style=\"width: 732px\" class=\"wp-caption aligncenter\"><a href=\"https:\/\/www.uv.mx\/prensa\/files\/2017\/04\/270417.-Rodada-1-ok.jpg\"><img aria-describedby=\"caption-attachment-25848\" decoding=\"async\" loading=\"lazy\" class=\"size-full wp-image-25848\" src=\"https:\/\/www.uv.mx\/prensa\/files\/2017\/04\/270417.-Rodada-1-ok.jpg\" alt=\"\" width=\"722\" height=\"457\" srcset=\"https:\/\/www.uv.mx\/prensa\/files\/2017\/04\/270417.-Rodada-1-ok.jpg 722w, https:\/\/www.uv.mx\/prensa\/files\/2017\/04\/270417.-Rodada-1-ok-300x190.jpg 300w\" sizes=\"(max-width: 722px) 100vw, 722px\" \/><\/a><p id=\"caption-attachment-25848\" class=\"wp-caption-text\">Corte de list\u00f3n para la salida de la Rodada Ciclista, a cargo de Patricia Arieta Melgarejo<\/p><\/div>\n<p>&nbsp;<\/p>\n<p><strong><em>Santiago Morales Ortiz<\/em><\/strong><\/p>\n<p>&nbsp;<\/p>\n<p><strong><em>Xalapa, Ver., 27\/04\/2017.-<\/em><\/strong> M\u00e1s de 100 personas participaron en la Rodada Ciclista que como parte de la Semana de Vinculaci\u00f3n organiz\u00f3 la Facultad de Contadur\u00eda y Administraci\u00f3n de la Universidad Veracruzana (UV).<\/p>\n<p>Alumnos de diferentes facultades de esta casa de estudio participaron en el evento, que tuvo como punto de salida el Puente Peatonal de la Juventud, en la zona universitaria, y tras un recorrido por el circuito de la misma zona llegaron a la meta ubicada frente a la Facultad de Contadur\u00eda y Administraci\u00f3n.<\/p>\n<p>El corte de list\u00f3n de salida estuvo a cargo de Patricia Arieta Melgarejo, directora de la Facultad, acompa\u00f1ada por personal de la misma e integrantes del comit\u00e9 organizador.<\/p>\n<p>&nbsp;<\/p>\n<div id=\"attachment_25850\" style=\"width: 732px\" class=\"wp-caption aligncenter\"><a href=\"https:\/\/www.uv.mx\/prensa\/files\/2017\/04\/270417.-Rodada-2-ok.jpg\"><img aria-describedby=\"caption-attachment-25850\" decoding=\"async\" loading=\"lazy\" class=\"size-full wp-image-25850\" src=\"https:\/\/www.uv.mx\/prensa\/files\/2017\/04\/270417.-Rodada-2-ok.jpg\" alt=\"\" width=\"722\" height=\"395\" srcset=\"https:\/\/www.uv.mx\/prensa\/files\/2017\/04\/270417.-Rodada-2-ok.jpg 722w, https:\/\/www.uv.mx\/prensa\/files\/2017\/04\/270417.-Rodada-2-ok-300x164.jpg 300w\" sizes=\"(max-width: 722px) 100vw, 722px\" \/><\/a><p id=\"caption-attachment-25850\" class=\"wp-caption-text\">En plena actividad los participantes de la Rodada Ciclista<\/p><\/div>\n<p>&nbsp;<\/p>\n<p>Al respecto, la acad\u00e9mica Lorena Hern\u00e1ndez Trejo, coordinadora el evento junto con un grupo de estudiantes, comparti\u00f3 que se trat\u00f3 de una rodada ciclista con perspectiva de g\u00e9nero, \u201cuni\u00e9ndonos a la pol\u00edtica institucional, con la cual buscamos la equidad, igualdad y la inclusi\u00f3n de todos los grupos de la Universidad, que permita un espacio de justicia, libertad y democracia\u201d.<\/p>\n<p>Destac\u00f3 la iniciativa de un grupo de j\u00f3venes en la coordinaci\u00f3n, quienes convocaron a toda la comunidad universitaria en el marco de la Semana de Vinculaci\u00f3n.<\/p>\n<p>Por \u00faltimo, agradeci\u00f3 el apoyo de la Direcci\u00f3n de la Facultad, de la Coordinaci\u00f3n Universitaria para la Sustentabilidad (<em>CoSustenta<\/em>) y de la Direcci\u00f3n de Actividades Deportivas (DADUV).<\/p>\n","protected":false},"excerpt":{"rendered":"<p><strong><em> Santiago Morales Ortiz.-<\/em><\/strong> M\u00e1s de 100 personas participaron en la Rodada Ciclista que como parte de la Semana de Vinculaci\u00f3n organiz\u00f3 la Facultad de Contadur\u00eda y Administraci\u00f3n de la Universidad Veracruzana (UV).<\/p>\n","protected":false},"author":1809,"featured_media":25851,"comment_status":"closed","ping_status":"closed","sticky":false,"template":"","format":"standard","meta":[],"categories":[12],"tags":[17],"_links":{"self":[{"href":"https:\/\/www.uv.mx\/prensa\/wp-json\/wp\/v2\/posts\/25847"}],"collection":[{"href":"https:\/\/www.uv.mx\/prensa\/wp-json\/wp\/v2\/posts"}],"about":[{"href":"https:\/\/www.uv.mx\/prensa\/wp-json\/wp\/v2\/types\/post"}],"author":[{"embeddable":true,"href":"https:\/\/www.uv.mx\/prensa\/wp-json\/wp\/v2\/users\/1809"}],"replies":[{"embeddable":true,"href":"https:\/\/www.uv.mx\/prensa\/wp-json\/wp\/v2\/comments?post=25847"}],"version-history":[{"count":0,"href":"https:\/\/www.uv.mx\/prensa\/wp-json\/wp\/v2\/posts\/25847\/revisions"}],"wp:featuredmedia":[{"embeddable":true,"href":"https:\/\/www.uv.mx\/prensa\/wp-json\/wp\/v2\/media\/25851"}],"wp:attachment":[{"href":"https:\/\/www.uv.mx\/prensa\/wp-json\/wp\/v2\/media?parent=25847"}],"wp:term":[{"taxonomy":"category","embeddable":true,"href":"https:\/\/www.uv.mx\/prensa\/wp-json\/wp\/v2\/categories?post=25847"},{"taxonomy":"post_tag","embeddable":true,"href":"https:\/\/www.uv.mx\/prensa\/wp-json\/wp\/v2\/tags?post=25847"}],"curies":[{"name":"wp","href":"https:\/\/api.w.org\/{rel}","templated":true}]}}