{"id":25819,"date":"2017-04-27T15:01:11","date_gmt":"2017-04-27T20:01:11","guid":{"rendered":"https:\/\/www.uv.mx\/prensa\/?p=25819"},"modified":"2017-04-27T15:00:28","modified_gmt":"2017-04-27T20:00:28","slug":"globalizacion-economica-y-cultural-transforman-a-la-humanidad","status":"publish","type":"post","link":"https:\/\/www.uv.mx\/prensa\/general\/globalizacion-economica-y-cultural-transforman-a-la-humanidad\/","title":{"rendered":"Globalizaci\u00f3n econ\u00f3mica y cultural transforman a la humanidad"},"content":{"rendered":"<ul>\n<li><i><em>El investigador Ernesto Rodr\u00edguez Luna habl\u00f3 sobre las ciencias en la construcci\u00f3n del humanismo contempor\u00e1neo <\/em><\/i><\/li>\n<li><em>Acad\u00e9micos e investigadores disertaron en la FILU<\/em><\/li>\n<\/ul>\n<p>&nbsp;<\/p>\n<div id=\"attachment_25820\" style=\"width: 732px\" class=\"wp-caption aligncenter\"><a href=\"https:\/\/www.uv.mx\/prensa\/files\/2017\/04\/270417.-FILU-Mesa-Ciencias-Humanismo-OK.jpg\"><img loading=\"lazy\" decoding=\"async\" aria-describedby=\"caption-attachment-25820\" class=\"size-full wp-image-25820\" src=\"https:\/\/www.uv.mx\/prensa\/files\/2017\/04\/270417.-FILU-Mesa-Ciencias-Humanismo-OK.jpg\" alt=\"\" width=\"722\" height=\"481\" srcset=\"https:\/\/www.uv.mx\/prensa\/files\/2017\/04\/270417.-FILU-Mesa-Ciencias-Humanismo-OK.jpg 722w, https:\/\/www.uv.mx\/prensa\/files\/2017\/04\/270417.-FILU-Mesa-Ciencias-Humanismo-OK-300x200.jpg 300w\" sizes=\"auto, (max-width: 722px) 100vw, 722px\" \/><\/a><p id=\"caption-attachment-25820\" class=\"wp-caption-text\">Roberto Olavarrieta, Ernesto Rodr\u00edguez, Carlos Lamothe y Jos\u00e9 Hernanz, moderados por Cristina D\u00edaz, del Instituto de Ciencias B\u00e1sicas<\/p><\/div>\n<p>&nbsp;<\/p>\n<p><strong><em>Claudia Peralta V\u00e1zquez <\/em><\/strong><\/p>\n<p>&nbsp;<\/p>\n<p><strong><em>Xalapa, Ver., 27\/04\/2017.-<\/em><\/strong> Al abordar el tema de las ciencias en la construcci\u00f3n del humanismo contempor\u00e1neo, Ernesto Rodr\u00edguez Luna, bi\u00f3logo y acad\u00e9mico de la Universidad Veracruzana (UV), puntualiz\u00f3 que tanto la globalizaci\u00f3n comercial como cultural est\u00e1n transformando a la humanidad.<\/p>\n<p>\u201cLa velocidad de la evoluci\u00f3n cultural sobrepasa la evoluci\u00f3n biol\u00f3gica de la especie humana\u201d, dijo durante su participaci\u00f3n en la Mesa 8 \u201cLas ciencias en la construcci\u00f3n del humanismo contempor\u00e1neo\u201d, dentro del Foro Acad\u00e9mico \u201cLas humanidades en el siglo XXI. Tradici\u00f3n e innovaci\u00f3n\u201d de la Feria Internacional del Libro Universitario (FILU) 2017.<\/p>\n<p>Tras subrayar que en la actualidad el humanismo debe repensarse, advirti\u00f3 que la humanidad debe asumir un nuevo compromiso consigo misma, el cual tiene que ver con el progreso econ\u00f3mico y mayor inclusi\u00f3n social, en el marco de la sostenibilidad ambiental.<\/p>\n<p>\u201cEse es el humanismo en el siglo XXI, tal y como lo plantea la Organizaci\u00f3n de las Naciones Unidas (ONU)\u201d, subray\u00f3 al compartir la mesa de di\u00e1logo con especialistas, quienes tambi\u00e9n comentaron al respecto desde varias aristas.<\/p>\n<p>Enfatiz\u00f3 que la lucha ideol\u00f3gica existente sobre el concepto de un nuevo humanismo y el entendimiento de la humanidad, reclama la atenci\u00f3n inmediata de las universidades.<\/p>\n<p>Ante el p\u00fablico en general, que asisti\u00f3 a esta presentaci\u00f3n en el Sal\u00f3n \u00abEmilio Carballido\u00bb del Complejo Deportivo Omega, principalmente estudiantes de nivel bachillerato, habl\u00f3 sobre la construcci\u00f3n de la noci\u00f3n de humano desde el punto de vista de las ciencias naturales y de la primatolog\u00eda.<\/p>\n<p>Durante su exposici\u00f3n dio a conocer que existen 600 especies y subespecies de primates vivientes, la raza humana es una de ellas.<\/p>\n<p>En este sentido, tambi\u00e9n hizo el cuestionamiento: \u00bfQu\u00e9 es lo humano en la biolog\u00eda?, a lo cual se\u00f1al\u00f3 que a\u00fan en la comunidad universitaria no se sabe lo que es ciencia, hay muchas suposiciones.<\/p>\n<p>Sin embargo, la ciencia se construye bajo c\u00e1nones de validaci\u00f3n y se han revisado durante los \u00faltimos 500 a\u00f1os, por lo que hay muchas formas de entenderla.<\/p>\n<p>Al referirse al crecimiento de la poblaci\u00f3n humana, dio a conocer que la humanidad actualmente se conforma por siete mil millones de habitantes, y la mayor\u00eda se concentra en las ciudades y no en el \u00e1mbito rural, lo cual representa un gran cambio.<\/p>\n<p>Desde el punto de vista filos\u00f3fico, Jos\u00e9 Antonio Hernanz Moral, director general de Desarrollo Acad\u00e9mico e Innovaci\u00f3n Educativa, se\u00f1al\u00f3 que la ciencia y la tecnolog\u00eda nos han servido para destruir y aplastar lo humano.<\/p>\n<p>Ante esta preocupaci\u00f3n que se transforma ingenua e ideol\u00f3gicamente en un rechazo a la ciencia, estamos obligados a pensar en un mundo distinto, porque las condiciones antropol\u00f3gicas del mundo son distintas.<\/p>\n<p>Afirm\u00f3 que la ciencia por s\u00ed misma no puede imponer la verdad, habla de un sistema cultural m\u00e1s complejo; y en el caso de las humanidades y el humanismo, est\u00e1n hu\u00e9rfanas y caen en la nostalgia.<\/p>\n<p>Propuso plantear el futuro que tiene que ver con un horizonte civilizatorio, in\u00e9dito y ante el cual tenemos muchas incertidumbres, como manada, como grupo o tribu.<\/p>\n<p>Por su parte, Roberto de Jes\u00fas Olavarrieta Marenco, acad\u00e9mico de la Facultad de Arquitectura de la UV en la regi\u00f3n Orizaba-C\u00f3rdoba, extern\u00f3 su preocupaci\u00f3n por la banalizaci\u00f3n de la ciencia y su repercusi\u00f3n en la sociedad. Consider\u00f3 que hoy en d\u00eda existe un problema de divulgaci\u00f3n de la ciencia que viene desde el interior de las universidades.<\/p>\n<p>Coment\u00f3 la situaci\u00f3n de muchos j\u00f3venes que ya no ven a la universidad como una forma de escalar o encontrar un buen trabajo. Asimismo, dijo que el conocimiento se concentra y ya no se divulga.<\/p>\n<p>Por lo tanto, a la universidad le corresponde proponer nuevos modelos que no existen en otras universidades del mundo, e introducir el uso de las tecnolog\u00edas de la informaci\u00f3n y la comunicaci\u00f3n.<\/p>\n<p>Ante la preocupante crisis del campo y la falta de pol\u00edticas p\u00fablicas que la reviertan, Carlos Lamothe Zavaleta, especialista en reproducci\u00f3n animal y secretario acad\u00e9mico regional en la Vicerrector\u00eda Veracruz, manifest\u00f3 que las ciencias pueden favorecer su desarrollo a trav\u00e9s del fomento de proyectos productivos, de la promoci\u00f3n hacia los consumidores urbanos de productos org\u00e1nicos y artesanales y crear peque\u00f1as empresas para invertir en sus parcelas.<\/p>\n","protected":false},"excerpt":{"rendered":"<p><strong><em> Claudia Peralta V\u00e1zquez.-<\/em><\/strong> Al abordar el tema de las ciencias en la construcci\u00f3n del humanismo contempor\u00e1neo, Ernesto Rodr\u00edguez Luna, bi\u00f3logo y acad\u00e9mico de la Universidad Veracruzana (UV), puntualiz\u00f3 que tanto la globalizaci\u00f3n comercial como cultural est\u00e1n transformando a la humanidad.<\/p>\n","protected":false},"author":1809,"featured_media":25821,"comment_status":"closed","ping_status":"closed","sticky":false,"template":"","format":"standard","meta":{"footnotes":""},"categories":[1],"tags":[3],"class_list":["post-25819","post","type-post","status-publish","format-standard","has-post-thumbnail","hentry","category-general","tag-secundarias"],"_links":{"self":[{"href":"https:\/\/www.uv.mx\/prensa\/wp-json\/wp\/v2\/posts\/25819","targetHints":{"allow":["GET"]}}],"collection":[{"href":"https:\/\/www.uv.mx\/prensa\/wp-json\/wp\/v2\/posts"}],"about":[{"href":"https:\/\/www.uv.mx\/prensa\/wp-json\/wp\/v2\/types\/post"}],"author":[{"embeddable":true,"href":"https:\/\/www.uv.mx\/prensa\/wp-json\/wp\/v2\/users\/1809"}],"replies":[{"embeddable":true,"href":"https:\/\/www.uv.mx\/prensa\/wp-json\/wp\/v2\/comments?post=25819"}],"version-history":[{"count":0,"href":"https:\/\/www.uv.mx\/prensa\/wp-json\/wp\/v2\/posts\/25819\/revisions"}],"wp:featuredmedia":[{"embeddable":true,"href":"https:\/\/www.uv.mx\/prensa\/wp-json\/wp\/v2\/media\/25821"}],"wp:attachment":[{"href":"https:\/\/www.uv.mx\/prensa\/wp-json\/wp\/v2\/media?parent=25819"}],"wp:term":[{"taxonomy":"category","embeddable":true,"href":"https:\/\/www.uv.mx\/prensa\/wp-json\/wp\/v2\/categories?post=25819"},{"taxonomy":"post_tag","embeddable":true,"href":"https:\/\/www.uv.mx\/prensa\/wp-json\/wp\/v2\/tags?post=25819"}],"curies":[{"name":"wp","href":"https:\/\/api.w.org\/{rel}","templated":true}]}}